{"id":155797,"date":"2025-10-04T01:26:17","date_gmt":"2025-10-04T01:26:17","guid":{"rendered":"https:\/\/www.europesays.com\/es\/155797\/"},"modified":"2025-10-04T01:26:17","modified_gmt":"2025-10-04T01:26:17","slug":"tormenta-historica-en-supervivientes-all-stars-2025-deja-sin-luz-la-palapa-y-destroza-las-playas","status":"publish","type":"post","link":"https:\/\/www.europesays.com\/es\/155797\/","title":{"rendered":"Tormenta hist\u00f3rica en \u2018Supervivientes All Stars 2025\u2019 deja sin luz la Palapa y destroza las playas"},"content":{"rendered":"<p data-journey-content=\"true\" data-node-id=\"3\" class=\"css-6wxqfj emevuu60\">La aventura en Cayos Cochinos ha vivido uno de sus momentos m\u00e1s extremos este domingo. Al ser la primera vez que la edici\u00f3n se celebra en oto\u00f1o, <strong data-node-id=\"3.1\">est\u00e1n viviendo casos totalmente extremos de los que <a href=\"https:\/\/www.diezminutos.es\/teleprograma\/programas-tv\/a66093047\/supervivientes-all-stars-2025-evacuados-en-directo-temporal\/\" target=\"_blank\" data-vars-ga-outbound-link=\"https:\/\/www.diezminutos.es\/teleprograma\/programas-tv\/a66093047\/supervivientes-all-stars-2025-evacuados-en-directo-temporal\/\" data-vars-ga-ux-element=\"Hyperlink\" data-vars-ga-call-to-action=\"hemos visto ejemplos en directo\" data-node-id=\"3.1.1\" class=\"body-link css-177bzfx emevuu60\" rel=\"nofollow noopener\">hemos visto ejemplos en directo<\/a>.<\/strong> Y este domingo ha sido uno de ellos. Una tormenta de grandes dimensiones azot\u00f3 el lugar donde se graba <a href=\"https:\/\/diezminutos.es\/supervivientes-television\" target=\"_blank\" data-node-id=\"3.3\" class=\"css-177bzfx emevuu60\" rel=\"nofollow noopener\">Supervivientes All Stars 2025<\/a>, dejando a concursantes y equipo t\u00e9cnico en una situaci\u00f3n l\u00edmite. <\/p>\n<p data-journey-content=\"true\" data-node-id=\"6\" class=\"css-6wxqfj emevuu60\">Durante la gala en directo,<strong data-node-id=\"6.1\"> el temporal provoc\u00f3 incluso un apag\u00f3n en la m\u00edtica Palapa<\/strong>. La presentadora Laura Madrue\u00f1o no ocult\u00f3 la gravedad del momento: \u201cEs la primera vez que perdemos la luz de la Palapa, pero estamos con las antorchas\u201d.<\/p>\n<p><img draggable=\"true\" alt=\"evacuacion supervivientes all stars 2025\" title=\"evacuacion supervivientes all stars 2025\" loading=\"lazy\" width=\"2135\" height=\"1192\" decoding=\"async\" data-nimg=\"1\" style=\"color:transparent;width:100%;height:auto;\"   src=\"https:\/\/www.europesays.com\/es\/wp-content\/uploads\/2025\/10\/temporal-supervivientes-68c74dd99a28d.jpg\" class=\"css-0 e1g79fud0\"\/><\/p>\n<p>Telecinco<\/p>\n<p>Una cascada en el techo<\/p>\n<p data-journey-content=\"true\" data-node-id=\"10\" class=\"css-6wxqfj emevuu60\">La escena ha dejado una situaci\u00f3n in\u00e9dita, con todo el equipo empapado intentando proteger cables y material t\u00e9cnico, gener\u00f3 <strong data-node-id=\"10.1\">gran preocupaci\u00f3n entre los espectadores y los seguidores del reality. <\/strong><\/p>\n<p data-journey-content=\"true\" data-node-id=\"14\" class=\"css-6wxqfj emevuu60\">A pesar de que comenzaba la gala con un calor brutal, r\u00e1pidamente daba paso a un torment\u00f3n que sorprend\u00eda a todos en el Or\u00e1culo de Poseid\u00f3n. La lluvia no dio tregua. De hecho vimos <strong data-node-id=\"14.1\">varias goteras en la Palapa que se convert\u00edan en una aut\u00e9ntica cascada<\/strong> detr\u00e1s de los concursantes, obligando a improvisar soluciones en pleno directo.<\/p>\n<p data-journey-content=\"true\" data-node-id=\"16\" class=\"css-6wxqfj emevuu60\">\u201cTodo el equipo estaba empapado moviendo <strong data-node-id=\"16.1\">todo para tapar los cables y el equipo<\/strong>\u201d, relat\u00f3 Madrue\u00f1o mientras intentaban retomar la normalidad. \u00abLa Palapa se est\u00e1 inundando\u00bb, dec\u00eda Sandra Barneda.<\/p>\n<p>Las playas, destrozadas<\/p>\n<p data-journey-content=\"true\" data-node-id=\"19\" class=\"css-6wxqfj emevuu60\">El temporal no solo afect\u00f3 al espacio de gala: las playas donde sobreviven los concursantes quedaron devastadas. <strong data-node-id=\"19.1\">\u201cEst\u00e1 destrozando e inundando vuestras playas\u201d,<\/strong> advirti\u00f3 la presentadora, informando a los robinsones de la magnitud de los da\u00f1os que se encontrar\u00edan al volver.<\/p>\n<p>Supervivencia extrema<\/p>\n<p data-journey-content=\"true\" data-node-id=\"22\" class=\"css-6wxqfj emevuu60\">La tormenta pone a prueba, una vez m\u00e1s,<strong data-node-id=\"22.1\"> la resistencia de los concursantes de Supervivientes All Stars 2025,<\/strong> que afrontan ahora un escenario m\u00e1s duro que nunca con sus refugios en riesgo y las playas arrasadas por el agua. La edici\u00f3n m\u00e1s esperada del reality confirma que no solo la convivencia es dif\u00edcil: tambi\u00e9n la naturaleza tiene mucho que decir en el concurso.<\/p>\n<p><img src=\"https:\/\/www.europesays.com\/es\/wp-content\/uploads\/2025\/10\/1759541177_136_323095e3-d675-4360-ad79-c3a735f161a1_1681830139.file\" alt=\"Headshot of Aroa D\u00edaz\" title=\"Headshot of Aroa D\u00edaz\" width=\"100%\" height=\"100%\" decoding=\"async\" loading=\"lazy\" class=\"css-o0wq4v ev8dhu53\"\/><\/p>\n<p>Aroa D\u00edaz es experta en realities, televisi\u00f3n y actualidad en general. No hay momento del d\u00eda en el que no tenga encendida la televisi\u00f3n conociendo los \u00faltimos desvelos de los famosos, disfrutando de los realities como Supervivientes o de los concursos m\u00e1s rocambolescos. Las \u00faltimas novedades de los famosos del coraz\u00f3n son su perdici\u00f3n y la actualidad de las Casas Reales, su gran pasi\u00f3n. \u00a0\u00a0<\/p>\n<p>En sus ratos libres disfruta de las pel\u00edculas y series de moda, y bucea por los cat\u00e1logos de las plataformas de podcast buscando nuevas entrevistas y charlas de famosos.<\/p>\n<p>Adem\u00e1s, no ha parado de formarse en todos los aspectos convirti\u00e9ndose en una periodista 360: locuci\u00f3n, doblaje, grabaci\u00f3n de v\u00eddeo, periodismo m\u00f3vil, producci\u00f3n de podcast y SEO. Actualmente est\u00e1 form\u00e1ndose en el M\u00e1ster universitario de Periodismo y Comunicaci\u00f3n Digital: Datos y Nuevas Narrativas de la UOC.<\/p>\n<p>Graduada en periodismo por la Universidad Rey Juan Carlos, no ha parado de trabajar desde que obtuvo su t\u00edtulo all\u00e1 por el 2013. Despu\u00e9s de un breve impass en Palma de Mallorca, volvi\u00f3 a Legan\u00e9s donde arranc\u00f3 su experiencia con Legan\u00e9s Activo. En este tiempo he pasado por las redacciones de varios medios recayendo finalmente en Hearst Espa\u00f1a (Telenovela, Qu\u00e9 me dices y Diez Minutos). Tambi\u00e9n tiene experiencia en diferentes radios. \u00a0<\/p>\n","protected":false},"excerpt":{"rendered":"La aventura en Cayos Cochinos ha vivido uno de sus momentos m\u00e1s extremos este domingo. Al ser la&hellip;\n","protected":false},"author":2,"featured_media":155798,"comment_status":"","ping_status":"","sticky":false,"template":"","format":"standard","meta":{"footnotes":""},"categories":[171],"tags":[253,146,147,25,24,23,214],"class_list":{"0":"post-155797","1":"post","2":"type-post","3":"status-publish","4":"format-standard","5":"has-post-thumbnail","7":"category-tv","8":"tag-discover","9":"tag-entertainment","10":"tag-entretenimiento","11":"tag-es","12":"tag-espana","13":"tag-spain","14":"tag-tv"},"share_on_mastodon":{"url":"","error":""},"_links":{"self":[{"href":"https:\/\/www.europesays.com\/es\/wp-json\/wp\/v2\/posts\/155797","targetHints":{"allow":["GET"]}}],"collection":[{"href":"https:\/\/www.europesays.com\/es\/wp-json\/wp\/v2\/posts"}],"about":[{"href":"https:\/\/www.europesays.com\/es\/wp-json\/wp\/v2\/types\/post"}],"author":[{"embeddable":true,"href":"https:\/\/www.europesays.com\/es\/wp-json\/wp\/v2\/users\/2"}],"replies":[{"embeddable":true,"href":"https:\/\/www.europesays.com\/es\/wp-json\/wp\/v2\/comments?post=155797"}],"version-history":[{"count":0,"href":"https:\/\/www.europesays.com\/es\/wp-json\/wp\/v2\/posts\/155797\/revisions"}],"wp:featuredmedia":[{"embeddable":true,"href":"https:\/\/www.europesays.com\/es\/wp-json\/wp\/v2\/media\/155798"}],"wp:attachment":[{"href":"https:\/\/www.europesays.com\/es\/wp-json\/wp\/v2\/media?parent=155797"}],"wp:term":[{"taxonomy":"category","embeddable":true,"href":"https:\/\/www.europesays.com\/es\/wp-json\/wp\/v2\/categories?post=155797"},{"taxonomy":"post_tag","embeddable":true,"href":"https:\/\/www.europesays.com\/es\/wp-json\/wp\/v2\/tags?post=155797"}],"curies":[{"name":"wp","href":"https:\/\/api.w.org\/{rel}","templated":true}]}}