{"id":155801,"date":"2025-10-04T01:29:10","date_gmt":"2025-10-04T01:29:10","guid":{"rendered":"https:\/\/www.europesays.com\/es\/155801\/"},"modified":"2025-10-04T01:29:10","modified_gmt":"2025-10-04T01:29:10","slug":"antony-vuelve-al-escenario-en-el-que-marco-el-mejor-gol-de-laliga-2024-25","status":"publish","type":"post","link":"https:\/\/www.europesays.com\/es\/155801\/","title":{"rendered":"Antony vuelve al escenario en el que marc\u00f3 el mejor gol de LaLiga 2024-25"},"content":{"rendered":"<p style=\"\">Vuelve el <strong>Betis<\/strong> al RCDE Stadium, vuelve <strong>Antony<\/strong> al escenario en el que anot\u00f3 el mejor gol de la temporada 2024-25. El momento Antony, como defini\u00f3 H\u00e9ctor Ruiz en su emocionante narraci\u00f3n en Movistar. Tom\u00f3 la pelota en el balc\u00f3n derecho del  &#8230; \u00e1rea del <strong>Espanyol<\/strong>, con 1-1 en el marcador tras las dianas de Roberto Fern\u00e1ndez y Lo Celso, y se acomod\u00f3 hacia su pierna izquierda para mandar la pelota a la escuadra de Joan Garc\u00eda y completar la remontada b\u00e9tica en un duelo muy importante para sus aspiraciones europeas.<\/p>\n<p class=\"voc-p\" style=\"\">Fue aquel un momento simb\u00f3lico para Antony en el Betis dando el triunfo con una acci\u00f3n decisiva<strong> en un minuto clave<\/strong>. Algo que justific\u00f3 no s\u00f3lo su llegada sino tambi\u00e9n el esfuerzo posterior para su fichaje. Era el 4 de mayo y la jornada 34\u00aa de LaLiga. El Betis form\u00f3 con Adri\u00e1n; Sabaly (Beller\u00edn, m. 80), Bartra, Natan, Ricardo Rodr\u00edguez; William Carvalho (Isco, m. 59), Altimira; Antony, Lo Celso, Jes\u00fas Rodr\u00edguez (Abde, m. 60); y Cucho (Bakambu, m. 80).<\/p>\n<p class=\"voc-p\" style=\"\">No hay que olvidar tampoco de ese encuentro el 1-1 obra de<strong> Lo Celso<\/strong> en el minuto 85 con un eslalon maravilloso en el que se fue de cuatro rivales para marcar con el exterior entrando en el \u00e1rea. Una obra de arte que fue superada por ejecuci\u00f3n y momento del partido por Antony con su 1-2.<\/p>\n<p class=\"voc-p\" style=\"\">Cabe recordar que ese triunfo ante el <strong>Espanyol<\/strong> fue el \u00faltimo del Betis fuera de casa en LaLiga, dado que posteriormente empat\u00f3 a dos con el Rayo, perdi\u00f3 4-1 con el Atl\u00e9tico y firm\u00f3 tablas con Elche (1-1), Celta (1-1) y Levante (2-2), ya esta campa\u00f1a. Ahora espera sorprender a un equipo que est\u00e1 en la zona alta de la clasificaci\u00f3n con doce puntos, igualado con el Betis, que est\u00e1 un puesto por encima por balance de goles.<\/p>\n<p>\nUna ic\u00f3nica narraci\u00f3n\n<\/p>\n<p class=\"voc-p\" style=\"\">Ha quedado tambi\u00e9n para el recuerdo la narraci\u00f3n de la televisi\u00f3n que emiti\u00f3 aquel encuentro del gol de Antony. Le toc\u00f3 aquel partido a H\u00e9ctor Ruiz, que mostr\u00f3 su sorpresa ante el golazo del brasile\u00f1o ante los espectadores mientras contaba la jugada. Su &#8216;es el momento Antony, es el momento Antony&#8217;, mientras el bal\u00f3n hac\u00eda una comba tras el disparo con la izquierda del de Osasco y superaba a Joan Garc\u00eda para colarse en la porter\u00eda del Espanyol, a\u00fan sigue en el imaginario de los b\u00e9ticos.<\/p>\n<p class=\"voc-p\" style=\"\">Tras descansar y no sumar minutos en el duelo europeo contra el Ludogorets, Antony, que est\u00e1 poco a poco cogiendo el ritmo y la forma \u00f3ptima de rendimiento que mostr\u00f3 en los cuatro meses de la pasada temporada en los que destac\u00f3 sobremanera con el Betis en su cesi\u00f3n procedente del Manchester United, llega fresco al duelo frente al Espanyol y tratar\u00e1 de ser decisivo de nuevo.<\/p>\n","protected":false},"excerpt":{"rendered":"Vuelve el Betis al RCDE Stadium, vuelve Antony al escenario en el que anot\u00f3 el mejor gol de&hellip;\n","protected":false},"author":2,"featured_media":155802,"comment_status":"","ping_status":"","sticky":false,"template":"","format":"standard","meta":{"footnotes":""},"categories":[93],"tags":[46686,23655,168,25,5605,24,3689,288,737,1684,23,167,739],"class_list":{"0":"post-155801","1":"post","2":"type-post","3":"status-publish","4":"format-standard","5":"has-post-thumbnail","7":"category-deportes","8":"tag-46686","9":"tag-antony","10":"tag-deportes","11":"tag-es","12":"tag-escenario","13":"tag-espana","14":"tag-gol","15":"tag-laliga","16":"tag-marco","17":"tag-mejor","18":"tag-spain","19":"tag-sports","20":"tag-vuelve"},"share_on_mastodon":{"url":"","error":""},"_links":{"self":[{"href":"https:\/\/www.europesays.com\/es\/wp-json\/wp\/v2\/posts\/155801","targetHints":{"allow":["GET"]}}],"collection":[{"href":"https:\/\/www.europesays.com\/es\/wp-json\/wp\/v2\/posts"}],"about":[{"href":"https:\/\/www.europesays.com\/es\/wp-json\/wp\/v2\/types\/post"}],"author":[{"embeddable":true,"href":"https:\/\/www.europesays.com\/es\/wp-json\/wp\/v2\/users\/2"}],"replies":[{"embeddable":true,"href":"https:\/\/www.europesays.com\/es\/wp-json\/wp\/v2\/comments?post=155801"}],"version-history":[{"count":0,"href":"https:\/\/www.europesays.com\/es\/wp-json\/wp\/v2\/posts\/155801\/revisions"}],"wp:featuredmedia":[{"embeddable":true,"href":"https:\/\/www.europesays.com\/es\/wp-json\/wp\/v2\/media\/155802"}],"wp:attachment":[{"href":"https:\/\/www.europesays.com\/es\/wp-json\/wp\/v2\/media?parent=155801"}],"wp:term":[{"taxonomy":"category","embeddable":true,"href":"https:\/\/www.europesays.com\/es\/wp-json\/wp\/v2\/categories?post=155801"},{"taxonomy":"post_tag","embeddable":true,"href":"https:\/\/www.europesays.com\/es\/wp-json\/wp\/v2\/tags?post=155801"}],"curies":[{"name":"wp","href":"https:\/\/api.w.org\/{rel}","templated":true}]}}