{"id":155811,"date":"2025-10-04T01:35:11","date_gmt":"2025-10-04T01:35:11","guid":{"rendered":"https:\/\/www.europesays.com\/es\/155811\/"},"modified":"2025-10-04T01:35:11","modified_gmt":"2025-10-04T01:35:11","slug":"los-videos-ocultos-de-la-dana-revelan-que-pradas-demoro-mas-de-dos-horas-el-envio-del-es-alert-a-utiel","status":"publish","type":"post","link":"https:\/\/www.europesays.com\/es\/155811\/","title":{"rendered":"Los v\u00eddeos ocultos de la dana revelan que Pradas demor\u00f3 m\u00e1s de dos horas el env\u00edo del Es-Alert a Utiel"},"content":{"rendered":"\n<p> Las im\u00e1genes grabadas por una productora para <strong>Emergencias de la Generalitat <\/strong>revelan que el Centro de Coordinaci\u00f3n (Cecopi) de la gesti\u00f3n de la <a href=\"https:\/\/www.elconfidencial.com\/espana\/comunidad-valenciana\/2025-09-30\/jueza-dana-exime-chj-duro-auto-generalitat_4219206\/\" target=\"_self\" rel=\"nofollow noopener\">tr\u00e1gica dana del 29 de octubre <\/a>baraj\u00f3 casi arrancada su reuni\u00f3n de aquel d\u00eda a las cinco de la tarde remitir una comunicaci\u00f3n de alerta masiva a la poblaci\u00f3n de zonas afectadas que, sin embargo, no lleg\u00f3 a producirse hasta las 20:11 horas de la noche. Las im\u00e1genes fueron descubiertas despu\u00e9s de que apareciese un c\u00e1mara vestido con un chaleco rojo en otras grabaciones efectuadas por la televisi\u00f3n auton\u00f3mica \u00c0 Punt que fueron difundidas por RTVE y posteriormente reclamadas por la jueza de Catarroja que instruye la causa contra la exconsellera de<strong> Justicia, Salom\u00e9 Pradas,<\/strong> y el exsecretario auton\u00f3mico de Emergencias, <strong>Emilio Arg\u00fceso.<\/strong> <\/p>\n<p> La revelaci\u00f3n de que una productora privada hab\u00eda grabado recursos audiovisuales <a href=\"https:\/\/www.elconfidencial.com\/espana\/2025-02-24\/mazon-se-presenta-como-un_4071860\/\" target=\"_self\" rel=\"nofollow noopener\">para la Generalitat,<\/a> pese a que el <strong>Consell del popular Carlos Maz\u00f3n<\/strong> hab\u00eda asegurado a la magistrada que no hab\u00eda registro oficial de la reuni\u00f3n del Cecopi,<a href=\"https:\/\/www.elconfidencial.com\/espana\/comunidad-valenciana\/2025-09-19\/jueza-dana-a-punt-emergencias-grabado-cecopi_4212211\/\" target=\"_self\" rel=\"nofollow noopener\"> llev\u00f3 a la instructora a reclamar esos brutos<\/a>, que llevan imagen y audio. Los archivos remitidos al juzgado, ordenados del 1 al 39, revelan que en los primeros momentos de la reuni\u00f3n del Cecopi (archivo 7), cuando se estaba debatiendo sobre la situaci\u00f3n de Utiel-Requena, el subdirector de Emergencias,<strong> Jorge Su\u00e1rez<\/strong>, plantea abiertamente ante Pradas y el resto de miembros del Cecopi que \u00abde acuerdo a lo que decidamos, podemos mandar un mensaje a todos los m\u00f3viles de esa zona\u00bb, se\u00f1al\u00f3 en referencia al <strong>mecanismo ES-Alert.<\/strong> En Utiel se hab\u00edan producido inundaciones ya antes de las dos de la tarde, cuando las im\u00e1genes de rescates y zonas anegadas por el desbordamiento del Magro comenzaron a inundar los telediarios. <\/p>\n<p> El <strong>mensaje para Utiel-Requena, donde fallecieron varias personas, no lleg\u00f3 nunca a enviarse<\/strong>. Varios testigos han declarado que en la reuni\u00f3n de Cecopi se debati\u00f3 largamente en diversos episodios sobre el contenido del mensaje y su alcance, pero Pradas, directora de la emergencia, seg\u00fan la normativa, no autoriz\u00f3 definitivamente el env\u00edo hasta pasadas las ocho de la tarde. A esa hora, el agua hab\u00eda bajado ya por el barranco del Poyo, cuenca distinta a la del Magro, hasta inundar las poblaciones de L&#8217;Horta Sud, causando el grueso de los fallecimientos. El balance total de v\u00edctimas es de 229 muertos. Desde el presidente de la Diputaci\u00f3n de Valencia, <strong>Vicente Momp\u00f3<\/strong>, hasta el presidente de la Confederaci\u00f3n Hidrogr\u00e1fica del J\u00facar, <strong>Miguel Polo<\/strong>, han explicado en sus testimonios que se extra\u00f1aron de que se tardase tanto en enviar un mensaje del que se ven\u00eda debatiendo en el Cecopi casi desde el arranque de la reuni\u00f3n. \u00ab\u00a1Mandad el mensaje de una puta vez!\u00bb, confes\u00f3 Momp\u00f3 que lleg\u00f3 a expresar en el transcurso de las deliberaciones. <\/p>\n<p>              <img decoding=\"async\" class=\"inTextNews__img\" alt=\"Foto: jueza-dana-exime-chj-duro-auto-generalitat\" src=\"https:\/\/www.europesays.com\/es\/wp-content\/uploads\/2025\/10\/f.elconfidencial.com\/original\/d86\/f70\/f0c\/d86f70f0c9f1584a64f1de096d6d62be.jpg\"  \/>     <\/p>\n<p>TE PUEDE INTERESAR<\/p>\n<p>      <a class=\"inTextNews__title\" href=\"https:\/\/www.elconfidencial.com\/espana\/comunidad-valenciana\/2025-09-30\/jueza-dana-exime-chj-duro-auto-generalitat_4219206\/\" onclick=\"window.ECCO.emit(&#039;amplitude&#039;, { dataEventName: &#039;click_related_article_module&#039;, data: { related_article_url: &#039;https:\/\/www.elconfidencial.com\/espana\/comunidad-valenciana\/2025-09-30\/jueza-dana-exime-chj-duro-auto-generalitat_4219206\/&#039;, related_article_author: &#039;V\u00edctor Romero&#039;, related_article_section: &#039;comunidad-valenciana&#039; } })\" rel=\"nofollow noopener\" target=\"_blank\"> La jueza de la dana exime al presidente de la CHJ en un duro auto contra la gesti\u00f3n de la Generalitat <\/a>   <\/p>\n<p>    V\u00edctor Romero. Valencia   <\/p>\n<p> Aunque en las im\u00e1genes facilitadas por la empresa no se hace referencia al barranco del Poyo, del que Su\u00e1rez s\u00ed llega a manifestar en declaraciones a la televisi\u00f3n valenciana a las tres de la tarde que lo tienen vigilado, en uno de los cortes de v\u00eddeo (imagen 9) se aprecia, cuando ya estaba en marcha la reuni\u00f3n del Cecopi pasadas las cinco de la tarde, c\u00f3mo el subdirector de Emergencias advierte que <strong>entre sus previsiones est\u00e1 que en \u00abzonas de la Albufera\u00bb habr\u00e1 \u00abintensidades muy altas otra vez\u00bb.<\/strong> Esta zona se ubica ya en el tramo final de las cuencas. \u00abY adem\u00e1s tenemos un desembalse previsto\u00bb, explica este alto funcionario en el mismo corte, que puede referirse a los problemas que se estaban produciendo en la <strong>presa de Forata. <\/strong> <\/p>\n<p> En el corte 22, Salom\u00e9 Pradas vuelve a referirse a esta comunicaci\u00f3n, al se\u00f1alar: \u00abNivel dos seg\u00fan la Confederaci\u00f3n (Hidrogr\u00e1fica del J\u00facar). Vamos a proceder a una comunicaci\u00f3n a las poblaciones o posibles poblaciones afectadas por la emergencia\u00bb, se\u00f1ala sobre una situaci\u00f3n que se produjo a las 18:05 horas por el riesgo de desbordamiento de Forata. Esa comunicaci\u00f3n tampoco lleg\u00f3 a ejecutarse. Aguas abajo del embalse murieron una decena de personas, en la comarca de La Ribera. Tampoco all\u00ed se mand\u00f3 a tiempo el Es-Alert. La decisi\u00f3n final fue enviar un mensaje a los m\u00f3viles de toda la provincia de Valencia recomendando que se evitasen los desplazamientos. <\/p>\n<p> El Es-Alert apareci\u00f3 en las pantallas de los smarthpones a las 20:11 horas. A las 20:28, seg\u00fan la imagen que la Generalitat distribuy\u00f3 a algunos medios de comunicaci\u00f3n, lleg\u00f3 el president Carlos Maz\u00f3n al centro de coordinaci\u00f3n de L&#8217;Eliana, tras haber pasado gran parte de la tarde en la <strong>comida de El Ventorro con Maribel Vilaplana<\/strong>. Esa cita se extendi\u00f3 desde las tres hasta pasadas las seis y media de la tarde, seg\u00fan la comunicadora. <\/p>\n<p>            Maz\u00f3n \u00abmandaba\u00bb           <\/p>\n<p> En otro de los cortes remitidos por la productora, el n\u00famero 32, <strong>se observa a Maz\u00f3n ya en el Cecopi junto con Salom\u00e9 Pradas<\/strong> y t\u00e9cnicos de Emergencias. \u00abHe visto la solicitud de la UME. Antes de enviar el siguiente mensaje lo quiero ver\u00bb, afirma imperativa Pradas en esa grabaci\u00f3n con Maz\u00f3n a su lado. <\/p>\n<p> Aunque Pradas declar\u00f3 ante la jueza que apenas ten\u00eda conocimientos en emergencias y se dej\u00f3 llevar por los t\u00e9cnicos aquella jornada, un t\u00e9cnico forestal del Consorcio de Bomberos declar\u00f3 este viernes, en l\u00ednea con otros testimonios, que la exconsellera, primero, y Maz\u00f3n despu\u00e9s cuando lleg\u00f3, \u00abmandaban\u00bb en la emergencia. El testigo ha reiterado que a las 17.45 horas ya se planteaba remitir el mensaje de alerta a la poblaci\u00f3n. Y que entre las 18 y las 19 horas se produjo una desconexi\u00f3n de la reuni\u00f3n para redactar el mensaje, pero que no sabe por qu\u00e9 no se hizo y se retras\u00f3 tanto el env\u00edo. <\/p>\n<p> La jueza Nuria Ruiz ha rechazado en un nuevo auto trasladado a las partes archivar la causa como reclamaba Pradas. \u00abLos indicios iniciales que justificaron la atribucio\u0301n de la condicio\u0301n de investigada, y que fue confirmada por la Audiencia Provincial de Valencia, calificando la atribucio\u0301n de dicha condicio\u0301n como procesalmente inevitable, se mantienen actualmente\u00bb, se\u00f1ala en otro duro escrito. \u00abEsa ilusoria incapacidad de decisio\u0301n de la consellera encargada de la emergencia, en la peor inundacio\u0301n desde la riada del 57, bajo la que se parapeto\u0301 la defensa, (se defendio\u0301 incluso en el lanzamiento del sistema Es-Alert, instrumento que se afirmo\u0301 desconocido por la investigada, sometido a toda clase de requisitos o trabas para su remisio\u0301n, dependiente de los te\u0301cnicos), se ha mostrado absolutamente incierta\u00bb, escribe la magistrada, que descarta que se produjera ning\u00fan \u00abapag\u00f3n informativo\u00bb por parte de la Confederaci\u00f3n del J\u00facar, opini\u00f3n compartida por la Audiencia Provincial de Valencia en sus autos. <\/p>\n<p>            Negligencia con resultado mortal           <\/p>\n<p> El auto insiste en posicionamientos anteriores: \u00abLa declaraci\u00f3n del presidente de la <strong>Confederaci\u00f3n Hidrogr\u00e1fica del J\u00facar, Miguel Polo, <\/strong>no puede en ning\u00fan caso exonerar de responsabilidad a la investigada, dado que es tanto como ignorar la normativa aplicable, las circunstancias previas de avisos de la AEMET, y la misma actuaci\u00f3n que se llev\u00f3 a cabo en el propio Cecopi por la investigada Salom\u00e9 Pradas, quien, como efectivamente se ha demostrado durante la instrucci\u00f3n, ten\u00eda control, no solo de manera general en la toma de decisiones, sino de manera espec\u00edfica en el env\u00edo de la alerta; alerta que, como se ha expresado en previas resoluciones, inexplicablemente se envi\u00f3 con un retraso que, dada la posici\u00f3n de garante que ocupar\u00eda, llevar\u00eda a la <strong>atribuci\u00f3n a la investigada de dicha negligencia con resultado mortal\u00bb. <\/strong> <\/p>\n<p> En otro pasaje de la resoluci\u00f3n, la jueza, escribe: \u00abLa testigo <strong>Pilar Bernabe\u0301,<\/strong> delegada del Gobierno, declaro\u0301 que antes de las 19:00 horas del di\u0301a 29 de octubre, recibio\u0301 una llamada de la alcaldesa de Paiporta, alerta\u0301ndole de que en dicha localidad se ahogaban, y que inmediatamente llamo\u0301 a la consellera se\u00f1ora Pradas comunica\u0301ndoselo, y que ello dio lugar a que se volvieran a conectar quienes estaban presencialmente en el Cecopi. A las 19:00 horas, por tanto, se conoci\u0301a por la consellera la situacio\u0301n de Paiporta, que se estaba inundando dicha localidad por el desbordamiento del barranco del Poyo\u00bb. Todav\u00eda tard\u00f3 m\u00e1s de una hora en ordenar la alerta masiva. Justo unos minutos antes de que Maz\u00f3n apareciese por la puerta del Centro de L&#8217;Eliana. <\/p>\n","protected":false},"excerpt":{"rendered":"Las im\u00e1genes grabadas por una productora para Emergencias de la Generalitat revelan que el Centro de Coordinaci\u00f3n (Cecopi)&hellip;\n","protected":false},"author":2,"featured_media":155812,"comment_status":"","ping_status":"","sticky":false,"template":"","format":"standard","meta":{"footnotes":""},"categories":[8],"tags":[17,18,25,24,13,14,11,19,20,9,10,15,16,23,12,21,22],"class_list":{"0":"post-155811","1":"post","2":"type-post","3":"status-publish","4":"format-standard","5":"has-post-thumbnail","7":"category-espana","8":"tag-breaking-news","9":"tag-breakingnews","10":"tag-es","11":"tag-espana","12":"tag-featured-news","13":"tag-featurednews","14":"tag-headlines","15":"tag-latest-news","16":"tag-latestnews","17":"tag-news","18":"tag-noticias","19":"tag-noticias-destacadas","20":"tag-noticiasdestacadas","21":"tag-spain","22":"tag-titulares","23":"tag-ultimas-noticias","24":"tag-ultimasnoticias"},"share_on_mastodon":{"url":"","error":""},"_links":{"self":[{"href":"https:\/\/www.europesays.com\/es\/wp-json\/wp\/v2\/posts\/155811","targetHints":{"allow":["GET"]}}],"collection":[{"href":"https:\/\/www.europesays.com\/es\/wp-json\/wp\/v2\/posts"}],"about":[{"href":"https:\/\/www.europesays.com\/es\/wp-json\/wp\/v2\/types\/post"}],"author":[{"embeddable":true,"href":"https:\/\/www.europesays.com\/es\/wp-json\/wp\/v2\/users\/2"}],"replies":[{"embeddable":true,"href":"https:\/\/www.europesays.com\/es\/wp-json\/wp\/v2\/comments?post=155811"}],"version-history":[{"count":0,"href":"https:\/\/www.europesays.com\/es\/wp-json\/wp\/v2\/posts\/155811\/revisions"}],"wp:featuredmedia":[{"embeddable":true,"href":"https:\/\/www.europesays.com\/es\/wp-json\/wp\/v2\/media\/155812"}],"wp:attachment":[{"href":"https:\/\/www.europesays.com\/es\/wp-json\/wp\/v2\/media?parent=155811"}],"wp:term":[{"taxonomy":"category","embeddable":true,"href":"https:\/\/www.europesays.com\/es\/wp-json\/wp\/v2\/categories?post=155811"},{"taxonomy":"post_tag","embeddable":true,"href":"https:\/\/www.europesays.com\/es\/wp-json\/wp\/v2\/tags?post=155811"}],"curies":[{"name":"wp","href":"https:\/\/api.w.org\/{rel}","templated":true}]}}