{"id":155813,"date":"2025-10-04T01:39:07","date_gmt":"2025-10-04T01:39:07","guid":{"rendered":"https:\/\/www.europesays.com\/es\/155813\/"},"modified":"2025-10-04T01:39:07","modified_gmt":"2025-10-04T01:39:07","slug":"quien-sera-el-proximo-rival-de-ilia-topuria-en-la-ufc","status":"publish","type":"post","link":"https:\/\/www.europesays.com\/es\/155813\/","title":{"rendered":"\u00bfQui\u00e9n ser\u00e1 el pr\u00f3ximo rival de Ilia Topuria en la UFC?"},"content":{"rendered":"<p class=\"voc-p\" style=\"\">Se acaban de cumplir tres meses desde que Ilia Topuria<a href=\"https:\/\/www.abc.es\/deportes\/mma\/archienemigo-ilia-topuria-analiza-charles-oliveira-rival-20250929175133-nt.html\" target=\"_self\" data-voc-vtm-id=\"in-text-traffic\" title=\" conquistara el cintur\u00f3n del peso ligero (70,3 kilos)\" rel=\"nofollow noopener\"> conquistara el cintur\u00f3n del peso ligero (70,3 kilos)<\/a> de la UFC, un hito que tuvo lugar en Las Vegas el 29 de junio. Tras abandonar la divisi\u00f3n del peso pluma (65,8 kilos), donde tambi\u00e9n se hab\u00eda proclamado campe\u00f3n y defendi\u00f3 en una ocasi\u00f3n su cetro, El Matador emprendi\u00f3 una carrera en una categor\u00eda superior, donde a tenor de su \u00faltima actuaci\u00f3n se est\u00e1 sintiendo muy c\u00f3modo. La UFC le otorg\u00f3 la oportunidad directa por el t\u00edtulo y<strong> \u00e9l cumpli\u00f3 con las expectativas en tan solo un asalto<\/strong>. <\/p>\n<p class=\"voc-p\" style=\"\">Lo cierto es que sali\u00f3 del combate con apenas alg\u00fan rasgu\u00f1o, y traslad\u00f3 su intenci\u00f3n de regresar al oct\u00e1gono antes de que finalizara el a\u00f1o. Pero el acuerdo milmillonario firmado por la compa\u00f1\u00eda estadounidense con Paramount precipit\u00f3 un retraso en su vuelta a la competici\u00f3n. <a href=\"https:\/\/www.abc.es\/deportes\/mma\/ilia-topuria-postula-evento-ufc-casa-blanca-20250926104006-nt.html\" target=\"_self\" data-voc-vtm-id=\"in-text-traffic\" title=\"La UFC quiere abrir la pr\u00f3xima temporada con sus mayores estrellas\" rel=\"nofollow noopener\">La UFC quiere abrir la pr\u00f3xima temporada con sus mayores estrellas<\/a>. Y la m\u00e1s grande, en estos momentos, es Ilia Topuria, por lo que empujar\u00e1n por que el hispanogeorgiano pelee en el primer evento numerado del 2026, previsto en Los \u00c1ngeles.<\/p>\n<p class=\"voc-p\" style=\"\">En caso de que no llegasen a un acuerdo finalmente, quiz\u00e1 se pudiera retrasar hasta el mes de marzo, fecha en la que tendr\u00e1 lugar la primera velada numerada del nuevo contrato en Las Vegas. En cualquier caso, el plan A es el de Los \u00c1ngeles. Una vez<a href=\"https:\/\/www.abc.es\/deportes\/mma\/peleara-ilia-topuria-20251003132130-nt.html\" target=\"_self\" data-voc-vtm-id=\"in-text-traffic\" title=\" trazado el calendario para Ilia Topuria\" rel=\"nofollow noopener\"> trazado el calendario para Ilia Topuria<\/a>, faltar\u00eda por dilucidar qui\u00e9n ser\u00e1 el &#8216;afortunado&#8217; que tenga que verse las caras con El Matador dentro de la jaula. Aunque aparecen varios nombres, hay uno que est\u00e1 posicionado en la rampa de salida desde hace mucho tiempo.<\/p>\n<p class=\"voc-p\" style=\"\"><strong>Se trata de Justin Gaethje<\/strong>, un peleador estadounidense al que la UFC le hab\u00eda prometido la pelea por el t\u00edtulo antes de que pusiera en juego su t\u00edtulo BMF ante Max Holloway, cayendo derrotado por un nocaut espeluznante. Despu\u00e9s de esa derrota, &#8216;The Highlight&#8217; (como se le apoda) regres\u00f3 y obtuvo una victoria dominante ante Rafael Fiziev en marzo de 2025, volviendo a colocarse el primero en la fila de los contendientes. Ahora, es muy probable que la UFC le d\u00e9 la oportunidad de pelear contra Topuria a principios de pr\u00f3ximo a\u00f1o. <\/p>\n<p>Reportar un error<\/p>\n","protected":false},"excerpt":{"rendered":"Se acaban de cumplir tres meses desde que Ilia Topuria conquistara el cintur\u00f3n del peso ligero (70,3 kilos)&hellip;\n","protected":false},"author":2,"featured_media":155814,"comment_status":"","ping_status":"","sticky":false,"template":"","format":"standard","meta":{"footnotes":""},"categories":[276],"tags":[168,25,24,347,3444,6260,23,167,348,343],"class_list":{"0":"post-155813","1":"post","2":"type-post","3":"status-publish","4":"format-standard","5":"has-post-thumbnail","7":"category-ufc","8":"tag-deportes","9":"tag-es","10":"tag-espana","11":"tag-ilia","12":"tag-proximo","13":"tag-rival","14":"tag-spain","15":"tag-sports","16":"tag-topuria","17":"tag-ufc"},"share_on_mastodon":{"url":"","error":""},"_links":{"self":[{"href":"https:\/\/www.europesays.com\/es\/wp-json\/wp\/v2\/posts\/155813","targetHints":{"allow":["GET"]}}],"collection":[{"href":"https:\/\/www.europesays.com\/es\/wp-json\/wp\/v2\/posts"}],"about":[{"href":"https:\/\/www.europesays.com\/es\/wp-json\/wp\/v2\/types\/post"}],"author":[{"embeddable":true,"href":"https:\/\/www.europesays.com\/es\/wp-json\/wp\/v2\/users\/2"}],"replies":[{"embeddable":true,"href":"https:\/\/www.europesays.com\/es\/wp-json\/wp\/v2\/comments?post=155813"}],"version-history":[{"count":0,"href":"https:\/\/www.europesays.com\/es\/wp-json\/wp\/v2\/posts\/155813\/revisions"}],"wp:featuredmedia":[{"embeddable":true,"href":"https:\/\/www.europesays.com\/es\/wp-json\/wp\/v2\/media\/155814"}],"wp:attachment":[{"href":"https:\/\/www.europesays.com\/es\/wp-json\/wp\/v2\/media?parent=155813"}],"wp:term":[{"taxonomy":"category","embeddable":true,"href":"https:\/\/www.europesays.com\/es\/wp-json\/wp\/v2\/categories?post=155813"},{"taxonomy":"post_tag","embeddable":true,"href":"https:\/\/www.europesays.com\/es\/wp-json\/wp\/v2\/tags?post=155813"}],"curies":[{"name":"wp","href":"https:\/\/api.w.org\/{rel}","templated":true}]}}