{"id":155817,"date":"2025-10-04T01:49:13","date_gmt":"2025-10-04T01:49:13","guid":{"rendered":"https:\/\/www.europesays.com\/es\/155817\/"},"modified":"2025-10-04T01:49:13","modified_gmt":"2025-10-04T01:49:13","slug":"la-emocionante-llamada-del-hijo-de-nuria-roca-y-juan-del-val-desde-supervivientes-la-felicidad","status":"publish","type":"post","link":"https:\/\/www.europesays.com\/es\/155817\/","title":{"rendered":"La emocionante llamada del hijo de Nuria Roca y Juan del Val desde &#8216;Supervivientes&#8217;: \u00abLa felicidad\u00bb"},"content":{"rendered":"<p class=\"c-paragraph\"><a href=\"https:\/\/www.20minutos.es\/tags\/temas\/supervivientes.html\" title=\"Supervivientes\" rel=\"nofollow noopener\" target=\"_blank\">Supervivientes All Stars<\/a> est\u00e1 siendo una de las ediciones m\u00e1s extremas del reality. Junto a los concursantes, <b>un nutrido grupo de profesionales que integran el equipo <\/b>sufren cada d\u00eda los contratiempos causados, en su mayor\u00eda de veces, por el clima de Honduras.<\/p>\n<p class=\"c-paragraph\">Entre ellos se encuentra<b> Juan del Val Roca<\/b>, hijo de <a href=\"https:\/\/www.20minutos.es\/tags\/personas\/juan-del-val.html\" title=\"Juan del Val\" rel=\"nofollow noopener\" target=\"_blank\">Juan del Val<\/a> y <a href=\"https:\/\/www.20minutos.es\/tags\/personas\/nuria-roca.html\" title=\"Nuria Roca\" rel=\"nofollow noopener\" target=\"_blank\">Nuria Roca<\/a>. El joven, que estudi\u00f3 Publicidad y Comunicaci\u00f3n en ESIC Business &amp; Marketing School, en Madrid, <b>se encuentra en la isla caribe\u00f1a junto al resto de la expedici\u00f3n del programa<\/b>.<\/p>\n<p class=\"c-paragraph\">Y, desde all\u00ed, el joven, de 23 a\u00f1os, ha hecho una llamada que ha emocionado sobremanera a su madre.\u00a0<b>\u00abMi foto favorita del mundo mundial. La felicidad de mi Bole\u00bb<\/b>, escrib\u00eda la presentadora en las stories de su Instagram.<\/p>\n<p class=\"c-paragraph\">Se refiere la valenciana a una <b>captura de pantalla en la que su hijo sale con el uniforme de trabajo de <\/b><b>Supervivientes<\/b> y, al otro lado de la pantalla, sus orgullosos padres y a su hermana Olivia, de 14 a\u00f1os.<\/p>\n","protected":false},"excerpt":{"rendered":"Supervivientes All Stars est\u00e1 siendo una de las ediciones m\u00e1s extremas del reality. Junto a los concursantes, un&hellip;\n","protected":false},"author":2,"featured_media":155818,"comment_status":"","ping_status":"","sticky":false,"template":"","format":"standard","meta":{"footnotes":""},"categories":[171],"tags":[23386,146,147,25,24,30,6383,8015,1048,23,214],"class_list":{"0":"post-155817","1":"post","2":"type-post","3":"status-publish","4":"format-standard","5":"has-post-thumbnail","7":"category-tv","8":"tag-emocionada","9":"tag-entertainment","10":"tag-entretenimiento","11":"tag-es","12":"tag-espana","13":"tag-hijo","14":"tag-llamada","15":"tag-nuria","16":"tag-roca","17":"tag-spain","18":"tag-tv"},"share_on_mastodon":{"url":"","error":""},"_links":{"self":[{"href":"https:\/\/www.europesays.com\/es\/wp-json\/wp\/v2\/posts\/155817","targetHints":{"allow":["GET"]}}],"collection":[{"href":"https:\/\/www.europesays.com\/es\/wp-json\/wp\/v2\/posts"}],"about":[{"href":"https:\/\/www.europesays.com\/es\/wp-json\/wp\/v2\/types\/post"}],"author":[{"embeddable":true,"href":"https:\/\/www.europesays.com\/es\/wp-json\/wp\/v2\/users\/2"}],"replies":[{"embeddable":true,"href":"https:\/\/www.europesays.com\/es\/wp-json\/wp\/v2\/comments?post=155817"}],"version-history":[{"count":0,"href":"https:\/\/www.europesays.com\/es\/wp-json\/wp\/v2\/posts\/155817\/revisions"}],"wp:featuredmedia":[{"embeddable":true,"href":"https:\/\/www.europesays.com\/es\/wp-json\/wp\/v2\/media\/155818"}],"wp:attachment":[{"href":"https:\/\/www.europesays.com\/es\/wp-json\/wp\/v2\/media?parent=155817"}],"wp:term":[{"taxonomy":"category","embeddable":true,"href":"https:\/\/www.europesays.com\/es\/wp-json\/wp\/v2\/categories?post=155817"},{"taxonomy":"post_tag","embeddable":true,"href":"https:\/\/www.europesays.com\/es\/wp-json\/wp\/v2\/tags?post=155817"}],"curies":[{"name":"wp","href":"https:\/\/api.w.org\/{rel}","templated":true}]}}