{"id":15582,"date":"2025-07-31T05:26:12","date_gmt":"2025-07-31T05:26:12","guid":{"rendered":"https:\/\/www.europesays.com\/es\/15582\/"},"modified":"2025-07-31T05:26:12","modified_gmt":"2025-07-31T05:26:12","slug":"tom-cruise-y-ana-de-armas-ya-no-esconden-su-amor-son-captados-tomados-de-la-mano","status":"publish","type":"post","link":"https:\/\/www.europesays.com\/es\/15582\/","title":{"rendered":"Tom Cruise y Ana de Armas ya no esconden su amor, son captados \u00a1tomados de la mano!"},"content":{"rendered":"<p id=\"eaTZjYwkDJ\" data-wc=\"101\"><strong>Tom Cruise\u00a0<\/strong>y<strong>\u00a0Ana de Armas<\/strong> ya no esconden su amor. La pareja fue captada el pasado fin de semana en Vermont, al noreste de Estados Unidos. Estas im\u00e1genes salen a la luz luego de que se reportara <a class=\"hm-link\" href=\"https:\/\/www.hola.com\/us-es\/celebrities\/20250729847181\/tom-cruise-ana-de-armas-concierto-oasis\/\" data-mrf-recirculation=\"article-body-link\" rel=\"nofollow noopener\" target=\"_blank\">la asistencia de la pareja al concierto de Oasis en Londres<\/a>, donde fueron captados por las c\u00e1maras de los asistentes. En estas nuevas im\u00e1genes, <strong>la pareja de actores ya aparece tomada de la mano<\/strong>, pues en las anteriores no se mostraban afectuosos. Pareciera que, tras meses de rumores el actor de 63 a\u00f1os y la estrella de 37, han confirmado as\u00ed su relaci\u00f3n.\u00a0<\/p>\n<p> <img src=\"https:\/\/www.europesays.com\/es\/wp-content\/uploads\/2025\/07\/a4a924a74e54-tidtcadacr25072914.jpg\"   width=\"948\" height=\"1024\" loading=\"lazy\" decoding=\"async\" alt=\"El actor de 63 a\u00f1os y la actriz de 37 fueron vistos tomados de la mano mientras paseaban por el pintoresco centro del pueblo.\" fetchpriority=\"auto\" class=\"image ho-image\"\/>\u00a9 The Image Direct\/The Grosby GroupEl actor de 63 a\u00f1os y la actriz de 37 fueron vistos tomados de la mano mientras paseaban por el pintoresco centro del pueblo.<\/p>\n<p id=\"eDj_8-eUUL\" data-wc=\"81\">En las fotograf\u00edas, el actor de Misi\u00f3n Imposible y la protagonista de Blonde aparecen tomados de la mano, caminando por las calles de un pintoresco pueblo en Vermont. Ambos luc\u00edan looks de lo m\u00e1s relajados y c\u00f3modos; ella llevaba un par de jeans oscuros con una t-shirt blanca con el pelo recogido en una coleta alta, mientras que \u00e9l luci\u00f3 unos pantalones de mezclilla y una camiseta azul marino y una gorra. Ambos iban con calzado c\u00f3modo, ideal para largas caminatas.\u00a0<\/p>\n<p> <img src=\"https:\/\/www.europesays.com\/es\/wp-content\/uploads\/2025\/07\/54efc73f3e2e-tidtcadacr25072916.jpg\"   width=\"795\" height=\"1024\" loading=\"lazy\" decoding=\"async\" alt=\"Tom ha mantenido un perfil bajo en su vida amorosa desde su sonada separaci\u00f3n de Katie Holmes en 2012. Ahora, con Ana de Armas se ha mostrado ilusionado.\" fetchpriority=\"auto\" class=\"image ho-image\"\/>\u00a9 The Image Direct\/The Grosby GroupTom ha mantenido un perfil bajo en su vida amorosa desde su sonada separaci\u00f3n de Katie Holmes en 2012. Ahora, con Ana de Armas se ha mostrado ilusionado.<\/p>\n<p id=\"etR3pohyFhE\" data-wc=\"17\">En las fotograf\u00edas, tambi\u00e9n se aprecia que la pareja lleva unas bolsas que parecen ser de compras.\u00a0<\/p>\n<p> <img src=\"https:\/\/www.europesays.com\/es\/wp-content\/uploads\/2025\/07\/f28976c770a6-tidtcadacr25072905.jpg\"   width=\"931\" height=\"1024\" loading=\"lazy\" decoding=\"async\" alt=\"En las im\u00e1genes, se aprecia a la pareja paseando por el lugar, haciendo unas compras y paseando como un par de enamorados. \" fetchpriority=\"auto\" class=\"image ho-image\"\/>\u00a9 The Image Direct\/The Grosby GroupEn las im\u00e1genes, se aprecia a la pareja paseando por el lugar, haciendo unas compras y paseando como un par de enamorados. <\/p>\n<p> <img src=\"https:\/\/www.europesays.com\/es\/wp-content\/uploads\/2025\/07\/3db0226cfd07-tidtcadacr25072902.jpg\"   width=\"814\" height=\"1024\" loading=\"lazy\" decoding=\"async\" alt=\"Ana de Armas luce despreocupada ante la lente de los paparazzis, quienes la han captado junto a Tom Cruise en Vermont. \" fetchpriority=\"auto\" class=\"image ho-image\"\/>\u00a9 The Image Direct\/The Grosby GroupAna de Armas luce despreocupada ante la lente de los paparazzis, quienes la han captado junto a Tom Cruise en Vermont. <\/p>\n<p id=\"ezt2uxHglQ\" data-wc=\"73\">Lejos de lucir estresada por la presencia de las c\u00e1maras, la actriz de 37 a\u00f1os luc\u00eda relajada. Estas fotos son las primeras en las que ambos muestran demostraciones de cari\u00f1o en p\u00fablico. Ya que en anteriores im\u00e1genes, ambos procuraban guardar cierta distancia, como en sus fotos en Menorca, a bordo de un yate de lujo. A pesar de que estaban junto y parec\u00edan estar disfrutando del c\u00e1lido verano espa\u00f1ol, ambos mantuvieron cierta distancia.\u00a0<\/p>\n<p> <img src=\"https:\/\/www.europesays.com\/es\/wp-content\/uploads\/2025\/07\/ba7fd2b6ae6a-g3tcar25072108.jpg\"   width=\"1024\" height=\"663\" loading=\"lazy\" decoding=\"async\" alt=\"Tom Cruise y Ana de Armas fueron vistos disfrutando de unas vacaciones privadas a bordo de un yate en Menorca, en los primeros d\u00edas de julio.\" fetchpriority=\"auto\" class=\"image ho-image\"\/>\u00a9 G3\/The Grosby GroupTom Cruise y Ana de Armas fueron vistos disfrutando de unas vacaciones privadas a bordo de un yate en Menorca, en los primeros d\u00edas de julio.<br \/>\nSus relaciones anteriores<\/p>\n<p id=\"e9kWj7vcWx\" data-wc=\"21\">Mientras Ana de Armas ha sido un poco m\u00e1s p\u00fablica con su vida amorosa. Tom Cruise se ha mantenido al margen.\u00a0<\/p>\n<p id=\"emzfQAlKOC\" data-wc=\"48\">Ana de Armas tuvo una relaci\u00f3n con Ben Affleck durante los primeros meses de la pandemia. Su romance sali\u00f3 a la luz en mayo de 2020, y terminaron su noviazgo en enero de 2021. Se conocieron durante el rodaje de la pel\u00edcula\u00a0Deep Water\u00a0a finales de 2019.\u00a0<\/p>\n<p id=\"ed6i-Y29pk2\" data-wc=\"70\">Otro de los medi\u00e1ticos romances de la actriz se dio en los \u00faltimos meses de 2024, cuando fue vinculada sentimentalmente con Manuel Anido-Cuesta, hijo de Lis Cuesta Peraza, la mujer actual del presidente del pa\u00eds Miguel D\u00edaz-Canel, por lo tanto el joven abogado era su hijastro. La relaci\u00f3n de Ana caus\u00f3 gran revuelo y fueron captados juntos por varios meses, principalmente en Madrid, ciudad espa\u00f1ola en la que ella reside.\u00a0<\/p>\n<p> <img src=\"https:\/\/www.europesays.com\/es\/wp-content\/uploads\/2025\/07\/8d38aa69f92f-g3svnp25010712-1.jpg\"   width=\"682\" height=\"1024\" loading=\"lazy\" decoding=\"async\" alt=\"Ana de Armas camina de la mano de su novio, Manuel Anido Cuesta, en Madrid, en diciembre de 2024.&#10;\" fetchpriority=\"auto\" class=\"image ho-image\"\/>\u00a9 G3\/The Grosby GroupAna de Armas camina de la mano de su novio, Manuel Anido Cuesta, en Madrid, en diciembre de 2024.<\/p>\n<p id=\"eZvRFx3TYm\" data-wc=\"25\">En cuando al actor de 63 a\u00f1os, este ha sido de lo m\u00e1s discreto con su vida amorosa, desde su sonada separaci\u00f3n con Katie Holmes.\u00a0<\/p>\n<p id=\"eKjPFMtmPE\" data-wc=\"65\">En abril de 2005, Tom Cruise y Katie Holmes hicieron p\u00fablica su relaci\u00f3n. Esta fue muy comentada por la diferencia de edad y la rapidez con la que avanz\u00f3. En mayo de ese a\u00f1o, Tom fue al programa de Oprah Winfrey y en un arrebato de emoci\u00f3n al estar hablando de su novia, salt\u00f3 al sill\u00f3n de una forma intensa que gener\u00f3 cr\u00edticas y comentarios.<\/p>\n<p> <img src=\"https:\/\/www.europesays.com\/es\/wp-content\/uploads\/2025\/07\/956939da752d-gettyimages-952646246.jpg\"   width=\"679\" height=\"1024\" loading=\"lazy\" decoding=\"async\" alt=\"Katie Holmes y Tom Cruise en la premiere de &quot;Tropic Thunder&quot; en Westwood, California, en noviembre de 2008.\" fetchpriority=\"auto\" class=\"image ho-image\"\/>\u00a9 Gamma-Rapho via Getty ImagesKatie Holmes y Tom Cruise en la premiere de \u00abTropic Thunder\u00bb en Westwood, California, en noviembre de 2008.<\/p>\n<p id=\"eKYku-2Ba5F\" data-wc=\"35\">En abril de 2006 le dieron la bienvenida a su hija Suri Cruise y ese mismo a\u00f1o, pero en el mes de noviembre se casaron una ceremonia bajo la cienciolog\u00eda en un castillo en Italia.<\/p>\n<p id=\"enKOBaEgmhW\" data-wc=\"20\">Aunque parec\u00edan un matrimonio estable, en junio de 2012, Katie solicit\u00f3 el divorcio y logr\u00f3 la custodia de su hija.<\/p>\n","protected":false},"excerpt":{"rendered":"Tom Cruise\u00a0y\u00a0Ana de Armas ya no esconden su amor. La pareja fue captada el pasado fin de semana&hellip;\n","protected":false},"author":2,"featured_media":15583,"comment_status":"","ping_status":"","sticky":false,"template":"","format":"standard","meta":{"footnotes":""},"categories":[91],"tags":[517,10313,146,147,25,24,1016,23,10314],"class_list":{"0":"post-15582","1":"post","2":"type-post","3":"status-publish","4":"format-standard","5":"has-post-thumbnail","7":"category-entretenimiento","8":"tag-actualidad","9":"tag-ana-de-armas","10":"tag-entertainment","11":"tag-entretenimiento","12":"tag-es","13":"tag-espana","14":"tag-fotos","15":"tag-spain","16":"tag-tom-cruise"},"share_on_mastodon":{"url":"","error":""},"_links":{"self":[{"href":"https:\/\/www.europesays.com\/es\/wp-json\/wp\/v2\/posts\/15582","targetHints":{"allow":["GET"]}}],"collection":[{"href":"https:\/\/www.europesays.com\/es\/wp-json\/wp\/v2\/posts"}],"about":[{"href":"https:\/\/www.europesays.com\/es\/wp-json\/wp\/v2\/types\/post"}],"author":[{"embeddable":true,"href":"https:\/\/www.europesays.com\/es\/wp-json\/wp\/v2\/users\/2"}],"replies":[{"embeddable":true,"href":"https:\/\/www.europesays.com\/es\/wp-json\/wp\/v2\/comments?post=15582"}],"version-history":[{"count":0,"href":"https:\/\/www.europesays.com\/es\/wp-json\/wp\/v2\/posts\/15582\/revisions"}],"wp:featuredmedia":[{"embeddable":true,"href":"https:\/\/www.europesays.com\/es\/wp-json\/wp\/v2\/media\/15583"}],"wp:attachment":[{"href":"https:\/\/www.europesays.com\/es\/wp-json\/wp\/v2\/media?parent=15582"}],"wp:term":[{"taxonomy":"category","embeddable":true,"href":"https:\/\/www.europesays.com\/es\/wp-json\/wp\/v2\/categories?post=15582"},{"taxonomy":"post_tag","embeddable":true,"href":"https:\/\/www.europesays.com\/es\/wp-json\/wp\/v2\/tags?post=15582"}],"curies":[{"name":"wp","href":"https:\/\/api.w.org\/{rel}","templated":true}]}}