{"id":155827,"date":"2025-10-04T01:56:19","date_gmt":"2025-10-04T01:56:19","guid":{"rendered":"https:\/\/www.europesays.com\/es\/155827\/"},"modified":"2025-10-04T01:56:19","modified_gmt":"2025-10-04T01:56:19","slug":"alcampo-releva-a-su-director-general-tras-completar-el-ere-y-en-plena-caida-de-ventas-empresas","status":"publish","type":"post","link":"https:\/\/www.europesays.com\/es\/155827\/","title":{"rendered":"Alcampo releva a su director general tras completar el ERE y en plena ca\u00edda de ventas | Empresas"},"content":{"rendered":"<p class=\"\">Cambio en la direcci\u00f3n general de Alcampo. La compa\u00f1\u00eda de hipermercados y supermercados, propiedad del grupo franc\u00e9s Auchan, ha comunicado este viernes el nombramiento de Carlos Pedreira Freire como su principal ejecutivo, en sustituci\u00f3n de Am\u00e9rico Ribeiro, en el puesto durante los seis \u00faltimos a\u00f1os.<\/p>\n<p class=\"\">Un relevo que llega despu\u00e9s de unos meses complicados para la compa\u00f1\u00eda. Alcampo sell\u00f3 antes del verano <a href=\"https:\/\/cincodias.elpais.com\/companias\/2025-05-23\/los-motivos-de-alcampo-para-su-ere-menos-ingresos-las-tiendas-compradas-a-dia-y-hasta-el-alza-de-costes-energeticos.html\" target=\"_self\" rel=\"nofollow noopener\" title=\"https:\/\/cincodias.elpais.com\/companias\/2025-05-23\/los-motivos-de-alcampo-para-su-ere-menos-ingresos-las-tiendas-compradas-a-dia-y-hasta-el-alza-de-costes-energeticos.html\">su primer despido colectivo<\/a>, con m\u00e1s de <a href=\"https:\/\/cincodias.elpais.com\/companias\/2025-06-13\/estas-son-las-tiendas-de-alcampo-afectadas-por-los-cierres-y-despidos.html\" target=\"_self\" rel=\"nofollow noopener\" title=\"https:\/\/cincodias.elpais.com\/companias\/2025-06-13\/estas-son-las-tiendas-de-alcampo-afectadas-por-los-cierres-y-despidos.html\">565 salidas y el cierre de 16 tiendas<\/a>, al constatar las dificultades por las que atraviesa su principal v\u00eda de negocio,<a href=\"https:\/\/cincodias.elpais.com\/companias\/2025-05-10\/alcampo-sufre-en-espana-la-crisis-del-hipermercado-que-ya-castiga-a-auchan-y-carrefour-en-francia.html\" target=\"_self\" rel=\"nofollow noopener\" title=\"https:\/\/cincodias.elpais.com\/companias\/2025-05-10\/alcampo-sufre-en-espana-la-crisis-del-hipermercado-que-ya-castiga-a-auchan-y-carrefour-en-francia.html\"> el hipermercado<\/a>, y la ausencia de rentabilidad de parte de las <a href=\"https:\/\/cincodias.elpais.com\/companias\/2023-03-02\/competencia-autoriza-la-venta-de-235-tiendas-de-dia-a-alcampo.html\" target=\"_self\" rel=\"nofollow noopener\" title=\"https:\/\/cincodias.elpais.com\/companias\/2023-03-02\/competencia-autoriza-la-venta-de-235-tiendas-de-dia-a-alcampo.html\">m\u00e1s de 200 tiendas adquiridas<\/a> hace m\u00e1s de dos a\u00f1os a Dia. <\/p>\n<p class=\"\">De hecho, Alcampo reconoci\u00f3 al anunciar el ERE que algunas de ellas \u201cno se adaptaban a su modelo, su localizaci\u00f3n no era la deseable o ten\u00edan una tasa de esfuerzo excesiva\u201d, pese a lo cual complet\u00f3 su adquisici\u00f3n. La misma, que super\u00f3 los 200 millones de euros de coste, se produjo durante la etapa de Am\u00e9rico Ribeiro. Este no sale del grupo Auchan, sino que asumir\u00e1 posiciones de consejero en diferentes mercados del grupo y presidir\u00e1 su central de compras internacional de frutas y verduras, Zenalco. <\/p>\n<p class=\"\">Su sustituto, Carlos Pedreira, lleg\u00f3 a Alcampo en 2021 y en la actualidad era director de patrimonio y proximidad digital. Alcampo dice que, desde entonces, comenz\u00f3 a trabajar en una \u201ctransici\u00f3n planificada orientada a liderar la direcci\u00f3n general de la compa\u00f1\u00eda\u201d. Un proceso que, finalmente, ha durado cuatro a\u00f1os. <\/p>\n<p class=\"\">Seg\u00fan la empresa, Pedreira tendr\u00e1 la tarea de \u201cguiar a Alcampo en el proceso de transformaci\u00f3n iniciado, impulsar la inversi\u00f3n en proyectos de futuro, consolidar un modelo multiformato y omnicanal que responda a las nuevas tendencias de consumo y asegurar que los clientes disfruten de una experiencia de compra \u00e1gil, personalizada y sostenible\u201d.<\/p>\n<p class=\"\">Esto se traduce en volver a impulsar las ventas y la rentabilidad de la compa\u00f1\u00eda. En 2024, <a href=\"https:\/\/cincodias.elpais.com\/noticias\/alcampo\/#?rel=arch\" rel=\"nofollow noopener\" target=\"_blank\">Alcampo<\/a> gener\u00f3 unas ventas de 5.004 millones de euros, una ca\u00edda del 1% frente al a\u00f1o anterior. Pese a la apuesta de los \u00faltimos a\u00f1os por crecer en los formatos de proximidad, el hipermercado sigue generando la mayor\u00eda de las ventas, pese a representar solo el 15% de todos sus puntos de venta. \u201cEn un mercado donde predominan los formatos m\u00e1s compactos, los hipermercados registraron un descenso en su afluencia en 2024\u201d, mencionaba Auchan en su informe anual respecto a su desempe\u00f1o en Espa\u00f1a.<\/p>\n<p class=\"\">La trayectoria <a href=\"https:\/\/cincodias.elpais.com\/companias\/2025-07-25\/carrefour-y-alcampo-cara-y-cruz-la-primera-acelera-ventas-hasta-junio-y-la-segunda-sigue-a-la-baja.html\" target=\"_self\" rel=\"nofollow noopener\" title=\"https:\/\/cincodias.elpais.com\/companias\/2025-07-25\/carrefour-y-alcampo-cara-y-cruz-la-primera-acelera-ventas-hasta-junio-y-la-segunda-sigue-a-la-baja.html\">no ha mejorado durante este 2025<\/a>. Hasta junio, Alcampo contabilizaba unos ingresos de 2.166 millones, un 2,5% menos respecto al a\u00f1o anterior. A tiendas comparables, la ca\u00edda fue del 1,4%, seg\u00fan los datos publicados por Auchan Retail. Esta volv\u00eda a subrayar que el mercado espa\u00f1ol est\u00e1 \u201cdominado por formatos m\u00e1s compactos\u201d, aunque dice hablaba de una tendencia en v\u00edas de recuperaci\u00f3n \u201cen el segundo trimestre, con un desempe\u00f1o positivo impulsado por los hipermercados\u201d.<\/p>\n<p class=\"\">Carlos Pedreira lleg\u00f3 al grupo Auchan en 2017 como director jur\u00eddico y fiscal de Auchan Retail Internacional. Previamente desempe\u00f1\u00f3 distintas posiciones en Kiabi, la cadena de moda, donde fue responsable jur\u00eddico y de expansi\u00f3n. <\/p>\n","protected":false},"excerpt":{"rendered":"Cambio en la direcci\u00f3n general de Alcampo. La compa\u00f1\u00eda de hipermercados y supermercados, propiedad del grupo franc\u00e9s Auchan,&hellip;\n","protected":false},"author":2,"featured_media":155828,"comment_status":"","ping_status":"","sticky":false,"template":"","format":"standard","meta":{"footnotes":""},"categories":[80],"tags":[24888,82,3903,20845,11085,95,94,2308,17205,25,24,46693,23,3212],"class_list":{"0":"post-155827","1":"post","2":"type-post","3":"status-publish","4":"format-standard","5":"has-post-thumbnail","7":"category-economia","8":"tag-alcampo","9":"tag-business","10":"tag-comercio","11":"tag-comercio-minorista","12":"tag-distribucion","13":"tag-economia","14":"tag-economy","15":"tag-empresas","16":"tag-ere","17":"tag-es","18":"tag-espana","19":"tag-hipermercados","20":"tag-spain","21":"tag-supermercados"},"share_on_mastodon":{"url":"","error":""},"_links":{"self":[{"href":"https:\/\/www.europesays.com\/es\/wp-json\/wp\/v2\/posts\/155827","targetHints":{"allow":["GET"]}}],"collection":[{"href":"https:\/\/www.europesays.com\/es\/wp-json\/wp\/v2\/posts"}],"about":[{"href":"https:\/\/www.europesays.com\/es\/wp-json\/wp\/v2\/types\/post"}],"author":[{"embeddable":true,"href":"https:\/\/www.europesays.com\/es\/wp-json\/wp\/v2\/users\/2"}],"replies":[{"embeddable":true,"href":"https:\/\/www.europesays.com\/es\/wp-json\/wp\/v2\/comments?post=155827"}],"version-history":[{"count":0,"href":"https:\/\/www.europesays.com\/es\/wp-json\/wp\/v2\/posts\/155827\/revisions"}],"wp:featuredmedia":[{"embeddable":true,"href":"https:\/\/www.europesays.com\/es\/wp-json\/wp\/v2\/media\/155828"}],"wp:attachment":[{"href":"https:\/\/www.europesays.com\/es\/wp-json\/wp\/v2\/media?parent=155827"}],"wp:term":[{"taxonomy":"category","embeddable":true,"href":"https:\/\/www.europesays.com\/es\/wp-json\/wp\/v2\/categories?post=155827"},{"taxonomy":"post_tag","embeddable":true,"href":"https:\/\/www.europesays.com\/es\/wp-json\/wp\/v2\/tags?post=155827"}],"curies":[{"name":"wp","href":"https:\/\/api.w.org\/{rel}","templated":true}]}}