{"id":155831,"date":"2025-10-04T01:58:13","date_gmt":"2025-10-04T01:58:13","guid":{"rendered":"https:\/\/www.europesays.com\/es\/155831\/"},"modified":"2025-10-04T01:58:13","modified_gmt":"2025-10-04T01:58:13","slug":"desembarcan-los-primeros-marinos-del-uss-gerald-r-ford-en-palma","status":"publish","type":"post","link":"https:\/\/www.europesays.com\/es\/155831\/","title":{"rendered":"Desembarcan los primeros marinos del USS Gerald R. Ford en Palma"},"content":{"rendered":"<p data-start=\"475\" data-end=\"923\">Los<strong> primeros marinos del <a href=\"https:\/\/www.ultimahora.es\/etiqueta\/Portaaviones.html?utm_source=Inline-tag&amp;utm_medium=internal\" rel=\"nofollow noopener\" target=\"_blank\">portaaviones<\/a> USS Gerald R. Ford <\/strong>han comenzado a desembarcar este viernes en <a href=\"https:\/\/www.ultimahora.es\/etiqueta\/Palma.html?utm_source=Inline-tag&amp;utm_medium=internal\" rel=\"nofollow noopener\" target=\"_blank\">Palma<\/a>, marcando el inicio de una escala que se prolongar\u00e1 hasta el <strong>pr\u00f3ximo mi\u00e9rcoles 8 de octubre<\/strong>. Cerca de 3.000 efectivos han tocado tierra en las primeras horas, distribuy\u00e9ndose principalmente entre el <strong>centro de la capital balear<\/strong> y zonas tur\u00edsticas como <strong><a href=\"https:\/\/www.ultimahora.es\/etiqueta\/Magaluf.html?utm_source=Inline-tag&amp;utm_medium=internal\" rel=\"nofollow noopener\" target=\"_blank\">Magaluf<\/a><\/strong>, donde se espera una notable actividad durante los pr\u00f3ximos d\u00edas.<\/p>\n<p data-start=\"925\" data-end=\"1337\">Algunos de ellos, como <strong>Yavier<\/strong>, natural de Puerto Rico, y <strong>Ken<\/strong>, procedente de Tennessee, ya se han dejado ver por calles c\u00e9ntricas como La Lonja y Jaime III. La presencia de efectivos estadounidenses ha comenzado a notarse en <strong>zonas comerciales y de restauraci\u00f3n<\/strong>, donde se prev\u00e9 un repunte en la actividad econ\u00f3mica.<\/p>\n<p><img loading=\"lazy\" decoding=\"async\" src=\"https:\/\/www.europesays.com\/es\/wp-content\/uploads\/2025\/10\/3499227.jpg\" border=\"0\" alt=\"Ph03102544-15.jpg\" width=\"2048\" height=\"1386\"\/>&#13;<br \/>\nVarias marinas estadounidenses desembarcan con sus mochilas a hombros.&#13;<\/p>\n<p data-start=\"1339\" data-end=\"1739\">Desde primera hora, la<strong> silueta del coloso naval<\/strong> \u2014con 337 metros de eslora y capacidad para transportar hasta 90 aeronaves\u2014 se ha hecho visible en la bah\u00eda de Palma, generando <strong>expectaci\u00f3n<\/strong> entre residentes y turistas. Un operativo especial de seguridad, coordinado por la Polic\u00eda Nacional y la Guardia Civil, se ha desplegado en distintos puntos de la ciudad para garantizar una visita sin incidencias.<\/p>\n<p data-start=\"1741\" data-end=\"2171\">Adem\u00e1s del dispositivo de seguridad, se ha movilizado una <strong>veintena de autocares para facilitar el traslado de los marinos<\/strong> por diferentes zonas de la isla, ya que tambi\u00e9n se prev\u00e9n excursiones a otros municipios. El impacto econ\u00f3mico estimado durante la estancia del portaaviones ronda los <strong>10 millones de euros \u2014Afedeco ya dijo hace unos d\u00edas que solo en el peque\u00f1o comercio ser\u00e1n 2 millones\u2014<\/strong>, una cifra muy valorada por el sector tur\u00edstico local, que ve en esta escala una oportunidad para alargar la temporada.<\/p>\n<p><img loading=\"lazy\" decoding=\"async\" src=\"https:\/\/www.europesays.com\/es\/wp-content\/uploads\/2025\/10\/3499225.jpg\" border=\"0\" alt=\"Ph03102544-10.jpg\" width=\"2048\" height=\"1414\"\/>&#13;<br \/>\nUn total de 20 autocares desplazar\u00e1n por Mallorca a los marinos norteamericanos.&#13;<\/p>\n<p data-start=\"2173\" data-end=\"2498\" data-is-last-node=\"\" data-is-only-node=\"\">El USS Gerald R. Ford, considerado <strong>el buque de guerra m\u00e1s avanzado tecnol\u00f3gicamente del mundo<\/strong>, llega en un momento de elevada visibilidad internacional. Su presencia en aguas mallorquinas ha situado a la isla en el centro de atenci\u00f3n medi\u00e1tica, en una visita que combina estrategia militar, turismo y repercusi\u00f3n econ\u00f3mica.<\/p>\n<p>Calma en Magaluf<\/p>\n<p>La presencia de los marinos en Magaluf se hace esperar. Este mediod\u00eda, la concurrida zona parec\u00eda ajena a su llegada. En las calles, no ha habido rastro de los integrantes del buque, aunque se espera que a lo largo de la tarde, algunos se dejen ver por los locales.<\/p>\n<p>Varios establecimientos han colgado banderas estadounidenses en sus entradas, para dar la bienvenida a los marinos. Aunque por el momento, se respira un silencio absoluto.<\/p>\n","protected":false},"excerpt":{"rendered":"Los primeros marinos del portaaviones USS Gerald R. Ford han comenzado a desembarcar este viernes en Palma, marcando&hellip;\n","protected":false},"author":2,"featured_media":155832,"comment_status":"","ping_status":"","sticky":false,"template":"","format":"standard","meta":{"footnotes":""},"categories":[8],"tags":[17,18,32053,25,24,629,13,14,11,46694,19,20,2552,24961,2457,9,10,15,16,2553,2554,30231,23,12,1529,21,22],"class_list":{"0":"post-155831","1":"post","2":"type-post","3":"status-publish","4":"format-standard","5":"has-post-thumbnail","7":"category-espana","8":"tag-breaking-news","9":"tag-breakingnews","10":"tag-desembarco","11":"tag-es","12":"tag-espana","13":"tag-estados-unidos","14":"tag-featured-news","15":"tag-featurednews","16":"tag-headlines","17":"tag-impacto-economico","18":"tag-latest-news","19":"tag-latestnews","20":"tag-local","21":"tag-magaluf","22":"tag-mallorca","23":"tag-news","24":"tag-noticias","25":"tag-noticias-destacadas","26":"tag-noticiasdestacadas","27":"tag-palma","28":"tag-palma-de-mallorca","29":"tag-portaaviones","30":"tag-spain","31":"tag-titulares","32":"tag-ultima-hora","33":"tag-ultimas-noticias","34":"tag-ultimasnoticias"},"share_on_mastodon":{"url":"","error":""},"_links":{"self":[{"href":"https:\/\/www.europesays.com\/es\/wp-json\/wp\/v2\/posts\/155831","targetHints":{"allow":["GET"]}}],"collection":[{"href":"https:\/\/www.europesays.com\/es\/wp-json\/wp\/v2\/posts"}],"about":[{"href":"https:\/\/www.europesays.com\/es\/wp-json\/wp\/v2\/types\/post"}],"author":[{"embeddable":true,"href":"https:\/\/www.europesays.com\/es\/wp-json\/wp\/v2\/users\/2"}],"replies":[{"embeddable":true,"href":"https:\/\/www.europesays.com\/es\/wp-json\/wp\/v2\/comments?post=155831"}],"version-history":[{"count":0,"href":"https:\/\/www.europesays.com\/es\/wp-json\/wp\/v2\/posts\/155831\/revisions"}],"wp:featuredmedia":[{"embeddable":true,"href":"https:\/\/www.europesays.com\/es\/wp-json\/wp\/v2\/media\/155832"}],"wp:attachment":[{"href":"https:\/\/www.europesays.com\/es\/wp-json\/wp\/v2\/media?parent=155831"}],"wp:term":[{"taxonomy":"category","embeddable":true,"href":"https:\/\/www.europesays.com\/es\/wp-json\/wp\/v2\/categories?post=155831"},{"taxonomy":"post_tag","embeddable":true,"href":"https:\/\/www.europesays.com\/es\/wp-json\/wp\/v2\/tags?post=155831"}],"curies":[{"name":"wp","href":"https:\/\/api.w.org\/{rel}","templated":true}]}}