{"id":155833,"date":"2025-10-04T02:02:09","date_gmt":"2025-10-04T02:02:09","guid":{"rendered":"https:\/\/www.europesays.com\/es\/155833\/"},"modified":"2025-10-04T02:02:09","modified_gmt":"2025-10-04T02:02:09","slug":"quienes-luchan-este-fin-de-semana-a-que-hora-como-y-donde-ver-las-peleas","status":"publish","type":"post","link":"https:\/\/www.europesays.com\/es\/155833\/","title":{"rendered":"qui\u00e9nes luchan este fin de semana, a qu\u00e9 hora, c\u00f3mo y d\u00f3nde ver las peleas"},"content":{"rendered":"<p>El <strong>UFC 320<\/strong> promete un espect\u00e1culo electrizante este s<strong>\u00e1bado 4 de octubre en el T-Mobile Arena de Las Vegas. <\/strong>La velada tendr\u00e1 como <strong>pelea estela<\/strong>r la revancha por el <strong>Campeonato de Peso Semipesado<\/strong> entre el ruso <strong><a href=\"https:\/\/www.clarin.com\/estados-unidos\/hora-pelea-magomed-ankalaev-vs-alex-pereira-ufc-320-4-octubre-horarios-pais-cartelera-combates-vegas_0_PFKmftWX5A.html\" target=\"_blank\" title=\"Magomed Ankalaev y el brasile\u00f1o Alex Pereira\" alt=\"Magomed Ankalaev y el brasile\u00f1o Alex Pereira\" rel=\"nofollow noopener\">Magomed Ankalaev y el brasile\u00f1o Alex Pereira<\/a><\/strong>, en lo que se perfila como <strong>el combate m\u00e1s esperado del a\u00f1o.<\/strong><\/p>\n<p><strong>Ankalaev defender\u00e1 su cintur\u00f3n con el objetivo de afianzar su reinado<\/strong>, mientras que Pereira, reconocido por su poder de knockout, intentar\u00e1 recuperar la corona y ratificar su lugar entre los mejores del mundo.<\/p>\n<p>Adem\u00e1s, la cartelera incluye otro combate estelar: la <strong>defensa del t\u00edtulo de Peso Gallo entre Merab Dvalishvili y Cory Sandhagen<\/strong>, una pelea que tambi\u00e9n despierta gran expectativa entre los fan\u00e1ticos de las artes marciales mixtas. <\/p>\n<blockquote class=\"twitter-tweet\">\n<p lang=\"en\" dir=\"ltr\">The rematch is only two days away \ud83d\udc40<a href=\"https:\/\/twitter.com\/AnkalaevM?ref_src=twsrc%5Etfw\" rel=\"nofollow noopener\" target=\"_blank\">@AnkalaevM<\/a> vs <a href=\"https:\/\/twitter.com\/AlexPereiraUFC?ref_src=twsrc%5Etfw\" rel=\"nofollow noopener\" target=\"_blank\">@AlexPereiraUFC<\/a><\/p>\n<p>[ <a href=\"https:\/\/twitter.com\/hashtag\/UFC320?src=hash&amp;ref_src=twsrc%5Etfw\" rel=\"nofollow noopener\" target=\"_blank\">#UFC320<\/a> | SATURDAY 10pmET | LIVE on <a href=\"https:\/\/twitter.com\/espn?ref_src=twsrc%5Etfw\" rel=\"nofollow noopener\" target=\"_blank\">@ESPN<\/a> PPV ] <a href=\"https:\/\/t.co\/LfCVnRtY97\" rel=\"nofollow\">pic.twitter.com\/LfCVnRtY97<\/a><\/p>\n<p>\u2014 UFC (@ufc) <a href=\"https:\/\/twitter.com\/ufc\/status\/1973912230421791131?ref_src=twsrc%5Etfw\" rel=\"nofollow noopener\" target=\"_blank\">October 3, 2025<\/a><\/p><\/blockquote>\n<p>La<strong> transmisi\u00f3n se podr\u00e1 ver en distintos horarios seg\u00fan la regi\u00f3n<\/strong>: en M\u00e9xico y en Centroam\u00e9rica comenzar\u00e1 a las 16.00, mientras que en Estados Unidos ser\u00e1 a las 18.00 en la zona Este, a las 17.00 en la zona Central y a las 15.00 en la zona del Pac\u00edfico. En Argentina podr\u00e1 seguirse a partir de las 19.00 y en Colombia desde las 17.00.<\/p>\n<p>En M\u00e9xico comenzar\u00e1 a las 18.00, mientras que en Estados Unidos ser\u00e1 a las 20.00 en la zona Este, a las 19.00 en la zona Central y a las 17.00 en la zona del Pac\u00edfico. En Argentina podr\u00e1 seguirse a partir de las 21.00 y en Colombia desde las 19.00.<\/p>\n<p>En M\u00e9xico y en Centroam\u00e9rica comenzar\u00e1 a las 20.00, mientras que en Estados Unidos ser\u00e1 a las 22.00 en la zona Este, a las 21.00 en la zona Central y a las 19.00 en la zona del Pac\u00edfico. En Argentina podr\u00e1 seguirse a partir de las 23.00 y en Colombia desde las 21.00. <\/p>\n<p>Los<strong> combates de UFC 320 en Las Vegas de este s\u00e1bado 4 de octubre<\/strong> se podr\u00e1n ver en Latinoam\u00e9rica <strong>a trav\u00e9s de la plataforma de streaming Disney+<\/strong> para la cartelera estelar, o en <strong>canales como ESPN o Fox Sports Premium<\/strong> para preliminares. Por otro lado, a nivel global el evento completo est\u00e1 disponible en <strong>UFC Fight Pass.<\/strong><\/p>\n<p><script async src=\"https:\/\/platform.twitter.com\/widgets.js\" charset=\"utf-8\"><\/script><\/p>\n","protected":false},"excerpt":{"rendered":"El UFC 320 promete un espect\u00e1culo electrizante este s\u00e1bado 4 de octubre en el T-Mobile Arena de Las&hellip;\n","protected":false},"author":2,"featured_media":155834,"comment_status":"","ping_status":"","sticky":false,"template":"","format":"standard","meta":{"footnotes":""},"categories":[276],"tags":[168,25,24,23,167,343],"class_list":{"0":"post-155833","1":"post","2":"type-post","3":"status-publish","4":"format-standard","5":"has-post-thumbnail","7":"category-ufc","8":"tag-deportes","9":"tag-es","10":"tag-espana","11":"tag-spain","12":"tag-sports","13":"tag-ufc"},"share_on_mastodon":{"url":"","error":""},"_links":{"self":[{"href":"https:\/\/www.europesays.com\/es\/wp-json\/wp\/v2\/posts\/155833","targetHints":{"allow":["GET"]}}],"collection":[{"href":"https:\/\/www.europesays.com\/es\/wp-json\/wp\/v2\/posts"}],"about":[{"href":"https:\/\/www.europesays.com\/es\/wp-json\/wp\/v2\/types\/post"}],"author":[{"embeddable":true,"href":"https:\/\/www.europesays.com\/es\/wp-json\/wp\/v2\/users\/2"}],"replies":[{"embeddable":true,"href":"https:\/\/www.europesays.com\/es\/wp-json\/wp\/v2\/comments?post=155833"}],"version-history":[{"count":0,"href":"https:\/\/www.europesays.com\/es\/wp-json\/wp\/v2\/posts\/155833\/revisions"}],"wp:featuredmedia":[{"embeddable":true,"href":"https:\/\/www.europesays.com\/es\/wp-json\/wp\/v2\/media\/155834"}],"wp:attachment":[{"href":"https:\/\/www.europesays.com\/es\/wp-json\/wp\/v2\/media?parent=155833"}],"wp:term":[{"taxonomy":"category","embeddable":true,"href":"https:\/\/www.europesays.com\/es\/wp-json\/wp\/v2\/categories?post=155833"},{"taxonomy":"post_tag","embeddable":true,"href":"https:\/\/www.europesays.com\/es\/wp-json\/wp\/v2\/tags?post=155833"}],"curies":[{"name":"wp","href":"https:\/\/api.w.org\/{rel}","templated":true}]}}