{"id":155835,"date":"2025-10-04T02:09:11","date_gmt":"2025-10-04T02:09:11","guid":{"rendered":"https:\/\/www.europesays.com\/es\/155835\/"},"modified":"2025-10-04T02:09:11","modified_gmt":"2025-10-04T02:09:11","slug":"le-hacen-pasar-por-playboy-para-que-se-olviden-que-es-un-maltratador","status":"publish","type":"post","link":"https:\/\/www.europesays.com\/es\/155835\/","title":{"rendered":"\u201cLe hacen pasar por Playboy para que se olviden que es un maltratador\u201d"},"content":{"rendered":"<p>Las memorias de <a title=\"Mar Flores\" href=\"https:\/\/www.larazon.es\/gente\/famosos\/fin-semana-desconexion-mar-flores-ibiza-recordar_2025092968da7b52f10d3f06782457d7.html\" target=\"_blank\" rel=\"nofollow noopener\">Mar Flores<\/a> han supuesto un boom medi\u00e1tico. <b>Las revelaciones vertidas en \u2018Mar en calma\u2019 han puesto en jaque a algunos de sus exparejas<\/b>, especialmente a <a title=\"Carlo Costanzia\" href=\"https:\/\/www.larazon.es\/gente\/famosos\/carlo-paso-frente-aclara-posicion-guerra-mar-flores-carlo-costanzia-team-mama-team-papa_2025092368d2724d31b8a3479b77324d.html\" target=\"_blank\" rel=\"nofollow noopener\">Carlo Costanzia<\/a> y <a title=\"Alessandro Lequio\" href=\"https:\/\/www.larazon.es\/gente\/famosos\/alessandro-lequio-desmiente-tajantemente-que-tenga-grabaciones-famosos-chicas-exhuberantes_2025092968da706a3ce0ad1de88a60b1.html\" target=\"_blank\" rel=\"nofollow noopener\">Alessandro Lequio<\/a>. Ambos se han tomado la revancha medi\u00e1tica y han querido dar su versi\u00f3n de los hechos incluso antes de que el libro viese la luz, se\u00f1alando a la modelo por haber echado inventiva e imaginaci\u00f3n al recordar algunos cap\u00edtulos de su vida. Sin embargo, <b>tambi\u00e9n <a title=\"Antonia Dell\u2019Atte\" href=\"https:\/\/www.larazon.es\/gente\/famosos\/que-piensa-antonia-dellatte-que-hijo-clemente-trabaje-como-camarero_2025040367eee8d9eec2d30001443c3a.html\" target=\"_blank\" rel=\"nofollow noopener\">Antonia Dell\u2019Atte<\/a> tambi\u00e9n ha aprovechado la ocasi\u00f3n para hacerse o\u00edr<\/b>. <\/p>\n<p>La maniqu\u00ed italiana lleva d\u00e9cadas en pie de guerra en contra del padre de su hijo Clemente, a quien se\u00f1ala como presunto \u201cmaltratador\u201d. As\u00ed lo denunci\u00f3 en su d\u00eda, buscando amparo en la justicia, aunque encontr\u00e1ndose tambi\u00e9n con la oposici\u00f3n de <a title=\"Ana Obreg\u00f3n\" href=\"https:\/\/www.larazon.es\/gente\/famosos\/ana-obregon-cedera-testigo-fundacion-aless-lequio-nieta_2025092068ce522b1b05386b62a78a9e.html\" target=\"_blank\" rel=\"nofollow noopener\">Ana Obreg\u00f3n<\/a>. <b>La presentadora neg\u00f3 que el conde italiano fuese agresivo con las mujeres y acusaba a la modelo de haber falsificado la denuncia por malos tratos<\/b> que interpuso contra el padre de su v\u00e1stago. Esto llev\u00f3 a Antonia a denunciar tambi\u00e9n a Ana por calumnias. Tres a\u00f1os despu\u00e9s ha roto su silencio al respecto durante la entrega de Premios Diamante de la Excelencia en Madrid. <\/p>\n<p>Antonia Dell\u2019Atte carga contra Ana Obreg\u00f3n y Lequio<\/p>\n<p>La artista y bi\u00f3loga quiso defender a Alessandro Lequio de las fuertes acusaciones que Antonia Dell\u2019Atte present\u00f3 ante la justicia. Dec\u00eda que \u201cla denuncia se ha falsificado\u201d a trav\u00e9s de sus redes sociales, mientras que su archienemiga contraatacaba y dejaba claro que su escrito legal era tan veraz como \u201cla denuncia por calumnias que recibir\u00e1s en breve\u201d. Esto sucedi\u00f3 en 2022 y poco m\u00e1s se supo al respecto. <b>La justicia ha seguido su curso y pronto se ver\u00e1s las caras frente a un juez<\/b>, como as\u00ed ha subrayado ahora la italiana en su \u00faltima aparici\u00f3n p\u00fablica en Madrid.<\/p>\n<p><img decoding=\"async\" loading=\"lazy\" src=\"https:\/\/www.europesays.com\/es\/wp-content\/uploads\/2025\/10\/1759543751_342_58.jpg\" alt=\"Ana Obreg\u00f3n y Antonia Dell'Atte en un montaje\" width=\"900\" height=\"600\"\/><b>Ana Obreg\u00f3n y Antonia Dell&#8217;Atte en un montaje<\/b>La Raz\u00f3nTVE<\/p>\n<p><b>\u201cFalta poco para que se siente en el banquillo, pero le he dado todas las oportunidades a la gente y nadie se redime.<\/b> Yo doy paz, pero paz no me dan. Le he perdonado, pero nadie todav\u00eda ha entonado el mea culpa de todos los montajes que han hecho. Todos los sab\u00e9is, sab\u00e9is quien es el maltratador, que es Alessandro Lequio\u201d, dispara de nuevo contra la presentadora y el colaborador. <\/p>\n<p>Defiende que ha seguido el curso habitual para llevar su caso a los tribunales, sin necesidad de acudir a los plat\u00f3s de televisi\u00f3n a narrar su historia y cobrar por ello, como s\u00ed habr\u00edan hecho sus enemigos: \u201cSi ya lo tengo todo resuelto, yo nunca me he sentado en una televisi\u00f3n para contar mi vida privada y <b>cuando el se\u00f1or Lequio me denunci\u00f3 por haberlo calumniado, \u00e9l mismo dijo que me hab\u00eda maltratado. Todo el mundo ha escondido la verdad\u201d<\/b>, reclama Antonia Dell\u2019Atte, que conf\u00eda que \u201cla vida pasa factura y no te vas de este mundo hasta que no pagas la cuenta\u201d. Pero ve injusto que \u201cle han hecho un blanqueamiento fant\u00e1stico a esta persona, todav\u00eda persevera y no cuenta la verdad. <b>Todas las mujeres que lo han cubierto haci\u00e9ndole pasar por un \u2018playboy\u2019 para que a la gente se le olvide que es un maltratador\u201d<\/b>, sentencia. <\/p>\n","protected":false},"excerpt":{"rendered":"Las memorias de Mar Flores han supuesto un boom medi\u00e1tico. Las revelaciones vertidas en \u2018Mar en calma\u2019 han&hellip;\n","protected":false},"author":2,"featured_media":155836,"comment_status":"","ping_status":"","sticky":false,"template":"","format":"standard","meta":{"footnotes":""},"categories":[174],"tags":[255,146,147,25,24,256,23],"class_list":{"0":"post-155835","1":"post","2":"type-post","3":"status-publish","4":"format-standard","5":"has-post-thumbnail","7":"category-famosos","8":"tag-celebrities","9":"tag-entertainment","10":"tag-entretenimiento","11":"tag-es","12":"tag-espana","13":"tag-famosos","14":"tag-spain"},"share_on_mastodon":{"url":"","error":""},"_links":{"self":[{"href":"https:\/\/www.europesays.com\/es\/wp-json\/wp\/v2\/posts\/155835","targetHints":{"allow":["GET"]}}],"collection":[{"href":"https:\/\/www.europesays.com\/es\/wp-json\/wp\/v2\/posts"}],"about":[{"href":"https:\/\/www.europesays.com\/es\/wp-json\/wp\/v2\/types\/post"}],"author":[{"embeddable":true,"href":"https:\/\/www.europesays.com\/es\/wp-json\/wp\/v2\/users\/2"}],"replies":[{"embeddable":true,"href":"https:\/\/www.europesays.com\/es\/wp-json\/wp\/v2\/comments?post=155835"}],"version-history":[{"count":0,"href":"https:\/\/www.europesays.com\/es\/wp-json\/wp\/v2\/posts\/155835\/revisions"}],"wp:featuredmedia":[{"embeddable":true,"href":"https:\/\/www.europesays.com\/es\/wp-json\/wp\/v2\/media\/155836"}],"wp:attachment":[{"href":"https:\/\/www.europesays.com\/es\/wp-json\/wp\/v2\/media?parent=155835"}],"wp:term":[{"taxonomy":"category","embeddable":true,"href":"https:\/\/www.europesays.com\/es\/wp-json\/wp\/v2\/categories?post=155835"},{"taxonomy":"post_tag","embeddable":true,"href":"https:\/\/www.europesays.com\/es\/wp-json\/wp\/v2\/tags?post=155835"}],"curies":[{"name":"wp","href":"https:\/\/api.w.org\/{rel}","templated":true}]}}