{"id":155837,"date":"2025-10-04T02:12:12","date_gmt":"2025-10-04T02:12:12","guid":{"rendered":"https:\/\/www.europesays.com\/es\/155837\/"},"modified":"2025-10-04T02:12:12","modified_gmt":"2025-10-04T02:12:12","slug":"un-colaborador-de-supervivientes-all-stars-volara-hasta-honduras-tiene-una-mision-20minutos","status":"publish","type":"post","link":"https:\/\/www.europesays.com\/es\/155837\/","title":{"rendered":"Un colaborador de &#039;Supervivientes All Stars&#039; volar\u00e1 hasta Honduras: &quot;\u00a1Tiene una misi\u00f3n!&quot; &#8211; 20Minutos"},"content":{"rendered":"<ol>\n<li><a href=\"https:\/\/news.google.com\/rss\/articles\/CBMiyAFBVV95cUxOX2FIMllxU3prQ1lfMUVSSi1kaEkwZVdhQU5iWHA2S1o2dGFua3IwdXFUZV9XaW5jU2U0NWN0S3dTQU1kQkZZdWF2ank2QkY2cENSU2ZNdXdaRzdWNGYzSnQ5OEM3SzkyQnBuVzA4dzliWmZKeEpnRFlfZVl1THRwNzhBNE1FOGRTU2JLaGlvcHNpQlpJTDhnSkdEc094NjhzYkUzdHg2Slc4VlBqZEdyTldmcERfa1VJZFpMV0szYzhsdXluODZSOQ?oc=5\" target=\"_blank\" rel=\"nofollow noopener\">Un colaborador de &#8216;Supervivientes All Stars&#8217; volar\u00e1 hasta Honduras: \u00ab\u00a1Tiene una misi\u00f3n!\u00bb<\/a>&nbsp;&nbsp;20Minutos<\/li>\n<li><a href=\"https:\/\/news.google.com\/rss\/articles\/CBMi3gFBVV95cUxQRXFmM2JFTXdpWTQxOW5tdXZRMW5RX0J0NFpfSVY2aWhxOXVXSkFPUDEtbU5VVVg1MDFZQkZYMjZwWWhsdWlKYXVtMm9VdkhmV3Z2S1ItX1V5LXJjVk9vYjAxYWRMWDNGTkt3V1dpbkFsb0t2X3ZDVTcya1I2aUVUeWZXNUgxWkRBdUh3dWJ2TWVCZnE0ZjZqTzF6ZGNVUmtpZHRpbGx2a2RnakFYbzhYZE1KR0FqUDF1bmpGanVRXzBoZlVpLUhsdWplSW53SV9EUkw0Njd0ZHo5MW0zNHfSAeoBQVVfeXFMUHhJQVZ2cVlkeTl3N2c4N1A2S0NvdWRsQ3FQZTZNZklTTWtZdjNUNHJHWllnM2JtNXFCNC1QdUxFUkJQVnVwWm5NeERJTmkyWndZMUltckhDeEQ0VnVmRHZCdVNvT1M2bHlDbWZzSjNsTHRpSlE3ZWtFRktBSjU5WFdNc3B5dmlTWlB1VTMxVlZRQkwwLUsycTRaeGhQYnd4RTVPMFNuX1dJay1mZG9FX0VfSFBFQ3dYb3RHNnkwcHJuM041SlAyakt5X1dsNTNrQVVxXzVIOEllQVBMWnVDcF9VUmE2M09xU3JR?oc=5\" target=\"_blank\" rel=\"nofollow noopener\">La hermana de Marta Pe\u00f1ate reacciona al encuentro con Tony Spina y habla del duro a\u00f1o que ha pasado<\/a>&nbsp;&nbsp;Telecinco<\/li>\n<li><a href=\"https:\/\/news.google.com\/rss\/articles\/CBMi2AFBVV95cUxPMG1xZXBocEZnVy1IeGZDbkNIVDJ2M3E0VW1aa2JNNVo1TmhUUnZ5RHFzZTJ2VGVpa09XS0t0cmU5OGJGc2U3aUFFc1lPbE1zTFBSeE10ZTMzSEJKbzhvV2xzb09vMHdaampqWDJFcGRfdEY2cnpOejd5cWxhRmlPOXVEbmV0UTZPSmNZZVN1ZTJPZlNJMXIzVGdvc0stbnR6ZUZJd0txTDhQWHRMOExhbG5WeUpXU0tRSWhkekc5V01SeHd3Slh2V2NBdXdpd0UzbzNmMjNlYVTSAd4BQVVfeXFMUE9QaFRuNDhkRjhhQWF0NXBoX0ZRUFh6Rkgtb0ZhcWI4cjY3ZFZRVTExTkV4T3RrRG9UMG9PZEpPT3JDSFNld0QxeUpoc0NLTGZ3TERWYUY5RlZGQXBRSmFFNHhOVE5nbktPZ2dJVWh6N2lTR01zMmFQWWdGR3RKclRRZ2VRUXpIcDN0SGtXVXMwN25ialE2emhmRUdxZmdtWmQ0eUhRV2RyakZhd1RfYWg5MXlqNV9yN1kxM05Nc3YyblVuRzdRdXFlSXpfbkZtQXZleW9wcDk5d2pCZDVB?oc=5\" target=\"_blank\" rel=\"nofollow noopener\">El reencuentro entre Marta Pe\u00f1ate y Tony Spina en &#8216;Supervivientes&#8217; que acaba en pedida de mano y boda<\/a>&nbsp;&nbsp;El Peri\u00f3dico<\/li>\n<li><a href=\"https:\/\/news.google.com\/rss\/articles\/CBMiogFBVV95cUxOT3YwbExrbFVLMzJaTWs0RTJLZHdRQnhEcUFHel9oMVJNOGV3ZnVaSW9QVkoyUm9KT1E3eDlGcWExYlJxM0k0V2pOdXlhRTEwZ2lsUzhyRmJmTDlDQmhRSWMzWTN6SEVjVGk0elhDSmxRSENXb24wTG5VekJXdEJhLUFSWGdlQUV3RWtvT0ZkWWZyVUd2NFpFTVNoRTF2VHk5bmc?oc=5\" target=\"_blank\" rel=\"nofollow noopener\">Laura Madrue\u00f1o alegra a Miri P\u00e9rez con su anuncio ante el p\u00fablico de &#8216;Supervivientes&#8217;<\/a>&nbsp;&nbsp;xcatalunya.cat<\/li>\n<li><a href=\"https:\/\/news.google.com\/rss\/articles\/CBMitAFBVV95cUxNUmFoaWRma1lHY1NiSF9Ta09JM2hxUkZDUzZyVHRZZElKSHRCeWpYNkZQNHFyc2Rya094TFF3RXI1VHdiYzRWZkNTM0NnenhQU01iLWV3anRCcEdDQjE3dUliU0E3YlI1NjBtcWptQTNTRXNSVXVialMzb09xWEx0THlNeFNDUTVwTmNHc2pSUm1nOHU4VU9KMVk0aVhqb2l1QUdVTElKOGpXNDhabHRJR1gzMkw?oc=5\" target=\"_blank\" rel=\"nofollow noopener\">Un liderazgo envenenado, una pedida de mano y el hermano gemelo de Carlos: el resumen de la gala de ayer de &#8216;Supervivientes All Stars 2&#8217;, en un click<\/a>&nbsp;&nbsp;Lecturas<\/li>\n<\/ol>\n","protected":false},"excerpt":{"rendered":"Un colaborador de &#8216;Supervivientes All Stars&#8217; volar\u00e1 hasta Honduras: \u00ab\u00a1Tiene una misi\u00f3n!\u00bb&nbsp;&nbsp;20Minutos La hermana de Marta Pe\u00f1ate reacciona&hellip;\n","protected":false},"author":2,"featured_media":155838,"comment_status":"","ping_status":"","sticky":false,"template":"","format":"standard","meta":{"footnotes":""},"categories":[171],"tags":[11286,8027,146,147,25,24,23,11287,3947,214,16743],"class_list":{"0":"post-155837","1":"post","2":"type-post","3":"status-publish","4":"format-standard","5":"has-post-thumbnail","7":"category-tv","8":"tag-all","9":"tag-colaborador","10":"tag-entertainment","11":"tag-entretenimiento","12":"tag-es","13":"tag-espana","14":"tag-spain","15":"tag-stars","16":"tag-supervivientes","17":"tag-tv","18":"tag-un"},"share_on_mastodon":{"url":"","error":""},"_links":{"self":[{"href":"https:\/\/www.europesays.com\/es\/wp-json\/wp\/v2\/posts\/155837","targetHints":{"allow":["GET"]}}],"collection":[{"href":"https:\/\/www.europesays.com\/es\/wp-json\/wp\/v2\/posts"}],"about":[{"href":"https:\/\/www.europesays.com\/es\/wp-json\/wp\/v2\/types\/post"}],"author":[{"embeddable":true,"href":"https:\/\/www.europesays.com\/es\/wp-json\/wp\/v2\/users\/2"}],"replies":[{"embeddable":true,"href":"https:\/\/www.europesays.com\/es\/wp-json\/wp\/v2\/comments?post=155837"}],"version-history":[{"count":0,"href":"https:\/\/www.europesays.com\/es\/wp-json\/wp\/v2\/posts\/155837\/revisions"}],"wp:featuredmedia":[{"embeddable":true,"href":"https:\/\/www.europesays.com\/es\/wp-json\/wp\/v2\/media\/155838"}],"wp:attachment":[{"href":"https:\/\/www.europesays.com\/es\/wp-json\/wp\/v2\/media?parent=155837"}],"wp:term":[{"taxonomy":"category","embeddable":true,"href":"https:\/\/www.europesays.com\/es\/wp-json\/wp\/v2\/categories?post=155837"},{"taxonomy":"post_tag","embeddable":true,"href":"https:\/\/www.europesays.com\/es\/wp-json\/wp\/v2\/tags?post=155837"}],"curies":[{"name":"wp","href":"https:\/\/api.w.org\/{rel}","templated":true}]}}