{"id":155841,"date":"2025-10-04T02:15:11","date_gmt":"2025-10-04T02:15:11","guid":{"rendered":"https:\/\/www.europesays.com\/es\/155841\/"},"modified":"2025-10-04T02:15:11","modified_gmt":"2025-10-04T02:15:11","slug":"lamine-yamal-merecia-el-balon-de-oro","status":"publish","type":"post","link":"https:\/\/www.europesays.com\/es\/155841\/","title":{"rendered":"Lamine Yamal merec\u00eda el Bal\u00f3n de Oro"},"content":{"rendered":"<p class=\"ft-text\">El<strong> <\/strong><a class=\"ft-link ft-link--decoration\" href=\"https:\/\/www.sport.es\/es\/noticias\/barca\/duelo-balones-oro-caso-inexplicable-122126371\" rel=\"nofollow noopener\" target=\"_blank\">Bal\u00f3n de Oro 2025<\/a> acab\u00f3 en manos de <strong>Ousmane Demb\u00e9l\u00e9 <\/strong>con 1.380 puntos, por delante de <strong>Lamine Yamal<\/strong>, que obtuvo 1.059 en las votaciones. Muchos consideraban que el mayor galard\u00f3n individual que puede ganar un futbolista deber\u00eda haberlo alzado el futbolista del Bar\u00e7a; sin embargo, la gran temporada del Paris Saint-Germain acab\u00f3 decantando la balanza en favor del franc\u00e9s.<\/p>\n<p class=\"ft-text\">\u00abEn esta ocasi\u00f3n han pesado m\u00e1s los t\u00edtulos a nivel colectivo. Para m\u00ed, claro que se lo merec\u00eda Lamine Yamal. Tambi\u00e9n Vitinha, Salah, Pedri y Raphinha&#8230; Hay muchos que se lo merecen, pero al final pesan m\u00e1s los t\u00edtulos. <strong>Lamine lo va a ganar. Estoy convencido, pero cuando su equipo gane la Champions o un Mundial<\/strong>\u00ab, explic\u00f3 Xavi Hern\u00e1ndez en una entrevista concedida a &#8216;Marca&#8217;.<\/p>\n<p class=\"ft-text\">El exentrenador del Bar\u00e7a fue el primero que le dio la oportunidad con el primer equipo blaugrana: fue el 29 de abril de 2023, convirti\u00e9ndose en el jugador del Bar\u00e7a m\u00e1s joven en debutar en toda la historia de LaLiga. \u00abMe siento muy orgulloso de hacer lo que est\u00e1 haciendo Lamine y de haberle dado la oportunidad de debutar. <strong>Lo vi muy preparado pese a tener quince a\u00f1os. Le vi muy seguro de s\u00ed mismo, con mucha capacidad, marcando diferencias en el entrenamiento. No ten\u00eda miedo a nada<\/strong>. Desde el primer d\u00eda marcaba las diferencias. Para m\u00ed es uno de los elegidos y puede marcar una \u00e9poca en el f\u00fatbol mundial. No tiene complejos, ni miedo alguno\u00bb, a\u00f1adi\u00f3 en la citada entrevista.<\/p>\n<p class=\"ft-text\">Preguntado por si se esperaba la explosi\u00f3n que est\u00e1 experimentando actualmente, el egarense lo tiene muy claro: \u00abS\u00ed, sin duda. En el staff ya lo hablamos. <strong>Dijimos que era carne de Bal\u00f3n de Oro<\/strong>. Vi\u00e9ndolo entrenar ya se observaban cosas diferentes, enseguida te das cuenta de que era uno de los elegidos\u00bb, respondi\u00f3.<\/p>\n<p>El Mundial 2026<\/p>\n<p class=\"ft-text\">En cuanto a las opciones de la selecci\u00f3n espa\u00f1ola de alzar la Copa del Mundo este verano, Xavi Hern\u00e1ndez -quien ya lo logr\u00f3 en 2010- considera que la &#8216;roja&#8217; es una de las favoritas para coronarse. \u00abFavorito, favorito, de los favoritos. Ya han demostrado que pueden y saben competir. Ganadores de la Eurocopa. <strong>Para m\u00ed, junto a Argentina son los grandes favoritos<\/strong>\u00ab, dijo al ser preguntado por el papel que puede jugar en este torneo.<\/p>\n<p class=\"ft-text\">El calendario cada vez es m\u00e1s exigente y est\u00e1 m\u00e1s comprimido, hecho que est\u00e1 provocando m\u00e1s lesiones que en temporadas anteriores. El catal\u00e1n apunt\u00f3 que se trata de \u00abun tema dif\u00edcil porque <strong>hay muchos partidos, muchas competiciones, pero un Mundial es un Mundial<\/strong>\u00ab. Por ello, \u00abaunque llegues cansado, una vez all\u00ed desconectas y quieres jugarlo de la manera que sea, hacerlo bien y seguro que la gente llega preparada\u00bb.<\/p>\n","protected":false},"excerpt":{"rendered":"El Bal\u00f3n de Oro 2025 acab\u00f3 en manos de Ousmane Demb\u00e9l\u00e9 con 1.380 puntos, por delante de Lamine&hellip;\n","protected":false},"author":2,"featured_media":155842,"comment_status":"","ping_status":"","sticky":false,"template":"","format":"standard","meta":{"footnotes":""},"categories":[93],"tags":[4711,168,25,24,11680,8138,46695,23,167,6278,14780],"class_list":{"0":"post-155841","1":"post","2":"type-post","3":"status-publish","4":"format-standard","5":"has-post-thumbnail","7":"category-deportes","8":"tag-balon","9":"tag-deportes","10":"tag-es","11":"tag-espana","12":"tag-lamine","13":"tag-lamine-yamal","14":"tag-merecia","15":"tag-spain","16":"tag-sports","17":"tag-xavi","18":"tag-yamal"},"share_on_mastodon":{"url":"","error":""},"_links":{"self":[{"href":"https:\/\/www.europesays.com\/es\/wp-json\/wp\/v2\/posts\/155841","targetHints":{"allow":["GET"]}}],"collection":[{"href":"https:\/\/www.europesays.com\/es\/wp-json\/wp\/v2\/posts"}],"about":[{"href":"https:\/\/www.europesays.com\/es\/wp-json\/wp\/v2\/types\/post"}],"author":[{"embeddable":true,"href":"https:\/\/www.europesays.com\/es\/wp-json\/wp\/v2\/users\/2"}],"replies":[{"embeddable":true,"href":"https:\/\/www.europesays.com\/es\/wp-json\/wp\/v2\/comments?post=155841"}],"version-history":[{"count":0,"href":"https:\/\/www.europesays.com\/es\/wp-json\/wp\/v2\/posts\/155841\/revisions"}],"wp:featuredmedia":[{"embeddable":true,"href":"https:\/\/www.europesays.com\/es\/wp-json\/wp\/v2\/media\/155842"}],"wp:attachment":[{"href":"https:\/\/www.europesays.com\/es\/wp-json\/wp\/v2\/media?parent=155841"}],"wp:term":[{"taxonomy":"category","embeddable":true,"href":"https:\/\/www.europesays.com\/es\/wp-json\/wp\/v2\/categories?post=155841"},{"taxonomy":"post_tag","embeddable":true,"href":"https:\/\/www.europesays.com\/es\/wp-json\/wp\/v2\/tags?post=155841"}],"curies":[{"name":"wp","href":"https:\/\/api.w.org\/{rel}","templated":true}]}}