{"id":155848,"date":"2025-10-04T02:21:09","date_gmt":"2025-10-04T02:21:09","guid":{"rendered":"https:\/\/www.europesays.com\/es\/155848\/"},"modified":"2025-10-04T02:21:09","modified_gmt":"2025-10-04T02:21:09","slug":"se-elevan-a-doce-las-denuncias-contra-los-campamentos-trans-de-bernedo-alava","status":"publish","type":"post","link":"https:\/\/www.europesays.com\/es\/155848\/","title":{"rendered":"Se elevan a doce las denuncias contra los campamentos &#8216;trans&#8217; de Bernedo (\u00c1lava)"},"content":{"rendered":"<p>Las denuncias de familias cuyos hijos han participado en los campamentos de <a href=\"https:\/\/theobjective.com\/etiqueta\/alava\/\" rel=\"nofollow noopener\" target=\"_blank\">Bernedo (\u00c1lava)<\/a> <strong>se elevan ya a doce<\/strong>, seg\u00fan han confirmado a EFE fuentes del Departamento vasco de Seguridad.<\/p>\n<p>Hasta el momento <strong>se hab\u00edan contabilizado cuatro denuncias<\/strong> por supuestos hechos contra la libertad sexual, a las que se suman ahora otras ocho.<\/p>\n<p>En este campamento, seg\u00fan el relato hecho p\u00fablico por algunas familias de los menores que acudieron a \u00e9l, los monitores<strong> se duchaban desnudos con chicos y chicas de 13 a 15 a\u00f1os<\/strong> a los que obligaban a compartir las duchas sin tener en cuenta el sexo.<\/p>\n<p>El Juzgado de Instrucci\u00f3n n\u00famero 3 de Vitoria inici\u00f3 el pasado lunes las diligencias previas y acord\u00f3 citar a tres v\u00edctimas que aparecen identificadas en el atestado policial <strong>para declarar \u00abcomo testigos-v\u00edctimas\u00bb<\/strong> y oficiar a la Ertzaintza como instructora del atestado para que identifique a m\u00e1s menores afectados.<\/p>\n<p>La Ertzaintza inici\u00f3 una investigaci\u00f3n sobre lo ocurrido en este campamento a principios de este a\u00f1o tras tener conocimiento a finales de 2024 de que pod\u00eda haber ocurrido algo irregular <strong>\u00abtras una conversaci\u00f3n con las personas implicadas\u00bb<\/strong>.<\/p>\n<p>El 30 de abril remiti\u00f3 al juzgado toda la informaci\u00f3n recabada y el martes de la semana pasada, d\u00eda 23 de septiembre, <strong>volvi\u00f3 a enviar el atestado tras comprobar que el juzgado no hab\u00eda incoado diligencias previas.<\/strong> Estos campamentos est\u00e1n organizados por la asociaci\u00f3n Sarrea Euskal Udaleku Elkartea en Aibagar (Navarra) y en Bernedo.<\/p>\n<p>Tras hacerse p\u00fablicas la existencia de denuncias tanto los organizadores de estas colonias como un centenar de familias cuyos hijos han pasado por las mismas las han apoyado y han defendido su proyecto.<\/p>\n","protected":false},"excerpt":{"rendered":"Las denuncias de familias cuyos hijos han participado en los campamentos de Bernedo (\u00c1lava) se elevan ya a&hellip;\n","protected":false},"author":2,"featured_media":155849,"comment_status":"","ping_status":"","sticky":false,"template":"","format":"standard","meta":{"footnotes":""},"categories":[8],"tags":[17,18,46697,25,24,13,14,11,19,20,34170,9,10,15,16,13453,23,12,46696,21,22],"class_list":{"0":"post-155848","1":"post","2":"type-post","3":"status-publish","4":"format-standard","5":"has-post-thumbnail","7":"category-espana","8":"tag-breaking-news","9":"tag-breakingnews","10":"tag-campamentos","11":"tag-es","12":"tag-espana","13":"tag-featured-news","14":"tag-featurednews","15":"tag-headlines","16":"tag-latest-news","17":"tag-latestnews","18":"tag-menores-de-edad","19":"tag-news","20":"tag-noticias","21":"tag-noticias-destacadas","22":"tag-noticiasdestacadas","23":"tag-pau00eds-vasco","24":"tag-spain","25":"tag-titulares","26":"tag-u00c1lava","27":"tag-ultimas-noticias","28":"tag-ultimasnoticias"},"share_on_mastodon":{"url":"","error":""},"_links":{"self":[{"href":"https:\/\/www.europesays.com\/es\/wp-json\/wp\/v2\/posts\/155848","targetHints":{"allow":["GET"]}}],"collection":[{"href":"https:\/\/www.europesays.com\/es\/wp-json\/wp\/v2\/posts"}],"about":[{"href":"https:\/\/www.europesays.com\/es\/wp-json\/wp\/v2\/types\/post"}],"author":[{"embeddable":true,"href":"https:\/\/www.europesays.com\/es\/wp-json\/wp\/v2\/users\/2"}],"replies":[{"embeddable":true,"href":"https:\/\/www.europesays.com\/es\/wp-json\/wp\/v2\/comments?post=155848"}],"version-history":[{"count":0,"href":"https:\/\/www.europesays.com\/es\/wp-json\/wp\/v2\/posts\/155848\/revisions"}],"wp:featuredmedia":[{"embeddable":true,"href":"https:\/\/www.europesays.com\/es\/wp-json\/wp\/v2\/media\/155849"}],"wp:attachment":[{"href":"https:\/\/www.europesays.com\/es\/wp-json\/wp\/v2\/media?parent=155848"}],"wp:term":[{"taxonomy":"category","embeddable":true,"href":"https:\/\/www.europesays.com\/es\/wp-json\/wp\/v2\/categories?post=155848"},{"taxonomy":"post_tag","embeddable":true,"href":"https:\/\/www.europesays.com\/es\/wp-json\/wp\/v2\/tags?post=155848"}],"curies":[{"name":"wp","href":"https:\/\/api.w.org\/{rel}","templated":true}]}}