{"id":155850,"date":"2025-10-04T02:25:12","date_gmt":"2025-10-04T02:25:12","guid":{"rendered":"https:\/\/www.europesays.com\/es\/155850\/"},"modified":"2025-10-04T02:25:12","modified_gmt":"2025-10-04T02:25:12","slug":"quienes-luchan-este-fin-de-semana-a-que-hora-como-y-donde-ver-las-peleas-marca-personal","status":"publish","type":"post","link":"https:\/\/www.europesays.com\/es\/155850\/","title":{"rendered":"qui\u00e9nes luchan este fin de semana, a qu\u00e9 hora, c\u00f3mo y d\u00f3nde ver las peleas \u2013 Marca Personal"},"content":{"rendered":"<p>    UFC: qui\u00e9nes luchan este fin de semana, a qu\u00e9 hora, c\u00f3mo y d\u00f3nde ver las peleas \u2013 Marca Personal<br \/>\n&#13;<\/p>\n<p>\t\t&#13;<br \/>\n&#13;<br \/>\n&#13;<br \/>\n&#13;<\/p>\n<p>    <a class=\"skip-link screen-reader-text\" href=\"#content\">Skip to content<\/a><\/p>\n<p>            &#13;<br \/>\n                                    &#13;<br \/>\n&#13;<br \/>\n&#13;<br \/>\n                        &#13;<br \/>\n&#13;<\/p>\n<p>          <img decoding=\"async\" src=\"https:\/\/www.europesays.com\/es\/wp-content\/uploads\/2025\/10\/dkT1g_aEj_1200x630__1.jpg\" alt=\"UFC: qui\u00e9nes luchan este fin de semana, a qu\u00e9 hora, c\u00f3mo y d\u00f3nde ver las peleas\"\/>        <\/p>\n<p>                &#13;<\/p>\n<p>                            &#13;<br \/>\n&#13;<br \/>\n&#13;<br \/>\n                        &#13;<\/p>\n<ul>\n<li>La velada tendr\u00e1 como pelea estelar la revancha entre el ruso Magomed Ankalaev y el brasile\u00f1o Alex Pereira.<\/li>\n<li>El cronograma completo del evento. <\/li>\n<\/ul>\n<p>\t\tContinue Reading<\/p>\n<p>                        &#13;<br \/>\n&#13;<br \/>\n                        &#13;<br \/>\n&#13;<br \/>\n&#13;<br \/>\n                    &#13;<br \/>\n                &#13;<\/p>\n<p>                  <img decoding=\"async\" src=\"https:\/\/www.europesays.com\/es\/wp-content\/uploads\/2025\/10\/03zu9QsDc_1200x630__1.jpg\" alt=\"A qu\u00e9 hora juegan Los Pumas vs. Sud\u00e1frica por Rugby Championship: c\u00f3mo ver online y TV\"\/>                  <\/p>\n<p>                      1 min read\n                  <\/p>\n<p>                  <a href=\"https:\/\/marcapersonalweb.com.ar\/2025\/10\/03\/a-que-hora-juegan-los-pumas-vs-sudafrica-por-rugby-championship-como-ver-online-y-tv\/\" aria-label=\"A qu\u00e9 hora juegan Los Pumas vs. Sud\u00e1frica por Rugby Championship: c\u00f3mo ver online y TV\" rel=\"nofollow noopener\" target=\"_blank\"><\/p>\n<p>                  <img decoding=\"async\" src=\"https:\/\/www.europesays.com\/es\/wp-content\/uploads\/2025\/10\/2MNf2DpIo_1200x630__1.jpg\" alt=\"River consigui\u00f3 algo de alivio tras superar a Racing, pero se abre otro interrogante: \u00bfser\u00e1 el despegue para el equipo de Gallardo?\"\/>                  <\/p>\n<p>                      1 min read\n                  <\/p>\n<p>                  <a href=\"https:\/\/marcapersonalweb.com.ar\/2025\/10\/03\/river-consiguio-algo-de-alivio-tras-superar-a-racing-pero-se-abre-otro-interrogante-sera-el-despegue-para-el-equipo-de-gallardo\/\" aria-label=\"River consigui\u00f3 algo de alivio tras superar a Racing, pero se abre otro interrogante: \u00bfser\u00e1 el despegue para el equipo de Gallardo?\" rel=\"nofollow noopener\" target=\"_blank\"><\/p>\n<p>                  <img decoding=\"async\" src=\"https:\/\/www.europesays.com\/es\/wp-content\/uploads\/2025\/10\/lhgv7_mdS_1200x630__1.jpg\" alt=\"A qu\u00e9 hora juega Inter Miami de Lionel Messi con New England por la MLS 2025: posibles formaciones y c\u00f3mo ver el partido en vivo\"\/>                  <\/p>\n<p>                      1 min read\n                  <\/p>\n<p>                  <a href=\"https:\/\/marcapersonalweb.com.ar\/2025\/10\/03\/a-que-hora-juega-inter-miami-de-lionel-messi-con-new-england-por-la-mls-2025-posibles-formaciones-y-como-ver-el-partido-en-vivo\/\" aria-label=\"A qu\u00e9 hora juega Inter Miami de Lionel Messi con New England por la MLS 2025: posibles formaciones y c\u00f3mo ver el partido en vivo\" rel=\"nofollow noopener\" target=\"_blank\"><\/p>\n<p>                  <img decoding=\"async\" src=\"https:\/\/www.europesays.com\/es\/wp-content\/uploads\/2025\/10\/bKx1AiZhaP_1200x630__1.jpg\" alt=\"Racing recibi\u00f3 un duro golpe ante River y ahora suma dudas para enfrentar a Flamengo en las semifinales de la Libertadores\"\/>                  <\/p>\n<p>                      1 min read\n                  <\/p>\n<p>                  <a href=\"https:\/\/marcapersonalweb.com.ar\/2025\/10\/03\/racing-recibio-un-duro-golpe-ante-river-y-ahora-suma-dudas-para-enfrentar-a-flamengo-en-las-semifinales-de-la-libertadores\/\" aria-label=\"Racing recibi\u00f3 un duro golpe ante River y ahora suma dudas para enfrentar a Flamengo en las semifinales de la Libertadores\" rel=\"nofollow noopener\" target=\"_blank\"><\/p>\n<p><a id=\"scroll-up\" class=\"secondary-color\"><\/p>\n<p><\/a><\/p>\n<p>error: Content is protected !!<\/p>\n<p>&#13;<br \/>\n\t&#13;<br \/>\n\t\t&#13;<br \/>\n\t\t&#13;<\/p>\n","protected":false},"excerpt":{"rendered":"UFC: qui\u00e9nes luchan este fin de semana, a qu\u00e9 hora, c\u00f3mo y d\u00f3nde ver las peleas \u2013 Marca&hellip;\n","protected":false},"author":2,"featured_media":155851,"comment_status":"","ping_status":"","sticky":false,"template":"","format":"standard","meta":{"footnotes":""},"categories":[276],"tags":[168,25,24,23,167,343],"class_list":{"0":"post-155850","1":"post","2":"type-post","3":"status-publish","4":"format-standard","5":"has-post-thumbnail","7":"category-ufc","8":"tag-deportes","9":"tag-es","10":"tag-espana","11":"tag-spain","12":"tag-sports","13":"tag-ufc"},"share_on_mastodon":{"url":"","error":""},"_links":{"self":[{"href":"https:\/\/www.europesays.com\/es\/wp-json\/wp\/v2\/posts\/155850","targetHints":{"allow":["GET"]}}],"collection":[{"href":"https:\/\/www.europesays.com\/es\/wp-json\/wp\/v2\/posts"}],"about":[{"href":"https:\/\/www.europesays.com\/es\/wp-json\/wp\/v2\/types\/post"}],"author":[{"embeddable":true,"href":"https:\/\/www.europesays.com\/es\/wp-json\/wp\/v2\/users\/2"}],"replies":[{"embeddable":true,"href":"https:\/\/www.europesays.com\/es\/wp-json\/wp\/v2\/comments?post=155850"}],"version-history":[{"count":0,"href":"https:\/\/www.europesays.com\/es\/wp-json\/wp\/v2\/posts\/155850\/revisions"}],"wp:featuredmedia":[{"embeddable":true,"href":"https:\/\/www.europesays.com\/es\/wp-json\/wp\/v2\/media\/155851"}],"wp:attachment":[{"href":"https:\/\/www.europesays.com\/es\/wp-json\/wp\/v2\/media?parent=155850"}],"wp:term":[{"taxonomy":"category","embeddable":true,"href":"https:\/\/www.europesays.com\/es\/wp-json\/wp\/v2\/categories?post=155850"},{"taxonomy":"post_tag","embeddable":true,"href":"https:\/\/www.europesays.com\/es\/wp-json\/wp\/v2\/tags?post=155850"}],"curies":[{"name":"wp","href":"https:\/\/api.w.org\/{rel}","templated":true}]}}