{"id":155852,"date":"2025-10-04T02:32:11","date_gmt":"2025-10-04T02:32:11","guid":{"rendered":"https:\/\/www.europesays.com\/es\/155852\/"},"modified":"2025-10-04T02:32:11","modified_gmt":"2025-10-04T02:32:11","slug":"la-deuda-millonaria-que-kiko-rivera-no-perdonara-jamas-a-su-madre","status":"publish","type":"post","link":"https:\/\/www.europesays.com\/es\/155852\/","title":{"rendered":"La deuda millonaria que Kiko Rivera no perdonar\u00e1 jam\u00e1s a su madre"},"content":{"rendered":"<p>Isabel Pantoja ha obtenido grandes beneficios econ\u00f3micos en distintas operaciones relacionadas con \u00ab<a title=\"Cantora\" href=\"https:\/\/www.larazon.es\/gente\/famosos\/herencia-paquirri-secretos-cifras-reloj-que-cambio-dueno_2025093068dbadb3f10d3f06782951a0.html\" target=\"_blank\" rel=\"nofollow noopener\">Cantora<\/a>\u00ab, y su hijo Kiko se habr\u00eda enterado gracias a un programa de televisi\u00f3n. Parece ser que no ten\u00eda conocimiento al respecto y su enfado es supino.<\/p>\n<p>Fue la periodista Adriana Dorronsoro la que dio los datos. Seg\u00fan explic\u00f3, \u00aben 1992 Isabel vendi\u00f3 una parte de la finca, conocida como \u201cEl guatito\u2019, por un mill\u00f3n ciento veintis\u00e9is mil euros. Y tambi\u00e9n, la ganader\u00eda heredada por su difunto marido, Paquirri, por un mill\u00f3n cuatrocientos setenta y ocho mil euro\u00bb.<\/p>\n<p>En manos legales<\/p>\n<p>Adem\u00e1s, en otra operaci\u00f3n de arrendamiento gan\u00f3 2.918.000 euros. Si estas cifras se acaban confirmando, la ganancias ascender\u00edan a 4.396.000 euros, de los que a su hijo le corresponder\u00edan, al ser due\u00f1o del 47 por ciento de la finca, poco m\u00e1s de dos millones. Que, a la vista de las circunstancias, nunca ha percibido.<\/p>\n<p><img decoding=\"async\" loading=\"lazy\" src=\"https:\/\/www.europesays.com\/es\/wp-content\/uploads\/2025\/10\/kiko-rivera_58.jpg\" alt=\"Kiko Rivera\" width=\"780\" height=\"591\"\/><b>Kiko Rivera<\/b>Gtres<\/p>\n<p>Desde el entorno del dj se insin\u00faa que <b>Kiko podr\u00eda poner en manos de sus abogados la investigaci\u00f3n del asunt<\/b>o, no est\u00e1 dispuesto a perder una cantidad que legalmente es suya. El problema estriba en que <b>no se habla con la tonadillera desde hace a\u00f1os<\/b>, el contacto es totalmente nulo, ni tan siquiera su madre le ha comunicado que se marcha a vivir fuera de Espa\u00f1a. El distanciamiento es absoluto, imposible montar una reuni\u00f3n entre los dos.<\/p>\n<p>Es m\u00e1s que evidente qu<b>e Kiko no est\u00e1 dispuesto a asumir las deudas que pesan sobre \u201cCantora\u201d<\/b>, considera que la culpa de ese endeudamiento es culpa de su progenitora y que \u00e9l no tiene que cargar con el problema.<\/p>\n<p>el dj pasa por momentos complicados tras su <a title=\"ruptura\" href=\"https:\/\/www.larazon.es\/gente\/famosos\/cayetano-rivera-separacion-hermano-kiko-situacion-delicada_2025092668d6b2c13ce0ad1de87bcc5c.html\" target=\"_blank\" rel=\"nofollow noopener\">ruptura<\/a> matrimonial con<a title=\" Irene Rosales\" href=\"https:\/\/www.larazon.es\/gente\/famosos\/irene-rosales-encuentra-nuevo-trabajo-junto-anabel-pantoja-ruptura-kiko-rivera_2025093068dbfd6116355c411db7c579.html\" target=\"_blank\" rel=\"nofollow noopener\"> Irene Rosales<\/a>, no ve a sus dos hijas en com\u00fan todo lo que quisiera y el trabajo parece que flojea. No est\u00e1 siendo un buen a\u00f1o para el. Si a eso le unimos el descontento de sus nuevos vecinos por su llegada a la urbanizaci\u00f3n de La Juliana\u2026<\/p>\n","protected":false},"excerpt":{"rendered":"Isabel Pantoja ha obtenido grandes beneficios econ\u00f3micos en distintas operaciones relacionadas con \u00abCantora\u00ab, y su hijo Kiko se&hellip;\n","protected":false},"author":2,"featured_media":155853,"comment_status":"","ping_status":"","sticky":false,"template":"","format":"standard","meta":{"footnotes":""},"categories":[174],"tags":[255,146,147,25,24,256,23],"class_list":{"0":"post-155852","1":"post","2":"type-post","3":"status-publish","4":"format-standard","5":"has-post-thumbnail","7":"category-famosos","8":"tag-celebrities","9":"tag-entertainment","10":"tag-entretenimiento","11":"tag-es","12":"tag-espana","13":"tag-famosos","14":"tag-spain"},"share_on_mastodon":{"url":"","error":""},"_links":{"self":[{"href":"https:\/\/www.europesays.com\/es\/wp-json\/wp\/v2\/posts\/155852","targetHints":{"allow":["GET"]}}],"collection":[{"href":"https:\/\/www.europesays.com\/es\/wp-json\/wp\/v2\/posts"}],"about":[{"href":"https:\/\/www.europesays.com\/es\/wp-json\/wp\/v2\/types\/post"}],"author":[{"embeddable":true,"href":"https:\/\/www.europesays.com\/es\/wp-json\/wp\/v2\/users\/2"}],"replies":[{"embeddable":true,"href":"https:\/\/www.europesays.com\/es\/wp-json\/wp\/v2\/comments?post=155852"}],"version-history":[{"count":0,"href":"https:\/\/www.europesays.com\/es\/wp-json\/wp\/v2\/posts\/155852\/revisions"}],"wp:featuredmedia":[{"embeddable":true,"href":"https:\/\/www.europesays.com\/es\/wp-json\/wp\/v2\/media\/155853"}],"wp:attachment":[{"href":"https:\/\/www.europesays.com\/es\/wp-json\/wp\/v2\/media?parent=155852"}],"wp:term":[{"taxonomy":"category","embeddable":true,"href":"https:\/\/www.europesays.com\/es\/wp-json\/wp\/v2\/categories?post=155852"},{"taxonomy":"post_tag","embeddable":true,"href":"https:\/\/www.europesays.com\/es\/wp-json\/wp\/v2\/tags?post=155852"}],"curies":[{"name":"wp","href":"https:\/\/api.w.org\/{rel}","templated":true}]}}