{"id":155854,"date":"2025-10-04T02:35:05","date_gmt":"2025-10-04T02:35:05","guid":{"rendered":"https:\/\/www.europesays.com\/es\/155854\/"},"modified":"2025-10-04T02:35:05","modified_gmt":"2025-10-04T02:35:05","slug":"descubre-la-imagen-grafica-oficial-de-eurovision-junior-2025-bajo-el-lema-generico-united-by-music","status":"publish","type":"post","link":"https:\/\/www.europesays.com\/es\/155854\/","title":{"rendered":"Descubre la imagen gr\u00e1fica oficial de Eurovisi\u00f3n Junior 2025 bajo el lema gen\u00e9rico \u201cUnited By Music\u201d"},"content":{"rendered":"<p>En <strong><strong><strong><a href=\"https:\/\/www.escplus.es\/eurovision-junior\/\" target=\"_blank\" rel=\"noreferrer noopener nofollow\">Eurovisi\u00f3n Junior<\/a><\/strong><\/strong><\/strong> tambi\u00e9n estaremos <strong>\u201cunidos por la m\u00fasica\u201d<\/strong>. La <strong><a href=\"https:\/\/www.escplus.es\/tag\/uer\/\" target=\"_blank\" rel=\"noreferrer noopener nofollow\">Uni\u00f3n Europea de Radiodifusi\u00f3n (UER-EBU)<\/a><\/strong> y la <strong><a href=\"https:\/\/www.escplus.es\/tag\/gpb\/\" target=\"_blank\" rel=\"noreferrer noopener nofollow\">emisora anfitriona GPB<\/a><\/strong> han desvelado el <strong>theme art<\/strong> de <strong><a href=\"https:\/\/www.escplus.es\/festivales\/eurovision-junior-2025\/\" target=\"_blank\" rel=\"noreferrer noopener nofollow\">Eurovisi\u00f3n Junior 2025<\/a><\/strong> que tendr\u00e1 lugar <a href=\"https:\/\/www.escplus.es\/eurovision-junior\/2025\/eurovision-junior-2025-que-sabemos-hasta-ahora\/\" target=\"_blank\" rel=\"noreferrer noopener nofollow\">en el <strong>Palacio Ol\u00edmpico <\/strong>de<strong> Tiflis (Georgia) <\/strong>el <strong>s\u00e1bado 13 de diciembre<\/strong><\/a>.<\/p>\n<p>Tal y como avanz\u00f3 <strong><a href=\"https:\/\/www.escplus.es\/tag\/martin-green\/\" target=\"_blank\" rel=\"noreferrer noopener nofollow\">Martin Green<\/a><\/strong> tras la presentaci\u00f3n del <a href=\"https:\/\/www.escplus.es\/eurovision\/2025\/el-festival-de-eurovision-estrena-nuevo-logotipo-generico-de-cara-a-su-70o-aniversario\/\" target=\"_blank\" rel=\"noreferrer noopener nofollow\"><strong>nuevo logotipo gen\u00e9rico del Festival<\/strong> <strong>de Eurovisi\u00f3n<\/strong><\/a>, la competici\u00f3n infantil tambi\u00e9n <a href=\"https:\/\/www.escplus.es\/eurovision-junior\/2025\/eurovision-junior-tambien-adoptara-united-by-music-como-eslogan-permanente-para-proximas-ediciones\/\" target=\"_blank\" rel=\"noreferrer noopener nofollow\">adopta el lema <strong>\u201cUnited By Music\u201d<\/strong> a partir de esta edici\u00f3n de <strong>Tiflis 2025<\/strong><\/a>.<\/p>\n<p>Para acompa\u00f1ar este <strong>inspirador eslogan<\/strong> que nos invita a <strong>reunirnos en torno a la m\u00fasica<\/strong> y su <strong>poder integrador<\/strong>, la televisi\u00f3n georgiana ha apostado por un <strong>theme art<\/strong> <strong>colorido y muy visual<\/strong>, con <strong>toques infantiles y juveniles <\/strong>que se adaptan al esp\u00edritu de <strong><strong><strong><a href=\"https:\/\/www.escplus.es\/eurovision-junior\/\" target=\"_blank\" rel=\"noreferrer noopener nofollow\">Eurovisi\u00f3n Junior<\/a><\/strong><\/strong><\/strong>.<\/p>\n<blockquote class=\"wp-block-quote is-layout-flow wp-block-quote-is-layout-flow\">\n<p>\u201cNuestro agradecimiento a <strong>GPB <\/strong>por su <strong>dedicaci\u00f3n y creatividad <\/strong>al preparar un <strong>escenario y una imagen gr\u00e1fica impresionantes <\/strong>para lo que ser\u00e1 un<strong> evento inolvidable<\/strong>\u201d<\/p>\n<p>\u201cEstamos ansiosos por <strong>compartir esta experiencia m\u00e1gica<\/strong> con el mundo en <strong>diciembre<\/strong>\u201d<\/p>\n<p><strong>Martin Green, director del Festival de Eurovisi\u00f3n Junior<\/strong><\/p>\n<\/blockquote>\n<p><a href=\"https:\/\/www.escplus.es\/wp-content\/uploads\/2025\/10\/jesc_2025_logo.jpg\" rel=\"nofollow noopener\" target=\"_blank\"><img loading=\"lazy\" decoding=\"async\" width=\"1280\" height=\"720\" src=\"https:\/\/www.europesays.com\/es\/wp-content\/uploads\/2025\/10\/jesc_2025_logo-1280x720.jpg\" alt=\"Imagen gr\u00e1fica de Eurovisi\u00f3n Junior 2025 | EBU - GPB\" class=\"wp-image-324478\"  \/><\/a>Imagen gr\u00e1fica de Eurovisi\u00f3n Junior 2025 | EBU \u2013 GPB<\/p>\n<p>El lema se une a una imagen gr\u00e1fica <strong>que encarna el ritmo, la libertad y la energ\u00eda juvenil<\/strong>. Sus <strong>letras<\/strong> se <strong>liberan en formas espont\u00e1neas y manuscritas<\/strong>, con formas curvas y sinuosas que nos evocan la <strong>creatividad l\u00fadica de los j\u00f3venes artistas<\/strong> de toda <strong>Europa<\/strong>. <\/p>\n<p>De nuevo, <strong>no es un cl\u00e1sico logotipo<\/strong>, sino que se apuesta por una<strong> idea gr\u00e1fica envolvente<\/strong> donde <strong>no hay dos versiones id\u00e9nticas<\/strong>. En este caso, cada forma <strong>se mueve, se enrosca y bailan <\/strong>con la<strong> energ\u00eda natural<\/strong> de la <strong>m\u00fasica<\/strong>.<\/p>\n<p>Adem\u00e1s, se emplean por<strong> colores vivos sin degradados<\/strong>, con una variedad crom\u00e1tica <strong>din\u00e1mica de color vibrante<\/strong> que transforman el <strong>logotipo<\/strong> en un \u201c<strong>coro vivo y evolutivo de individualidad<\/strong>\u201d. El emblema de <strong><a href=\"https:\/\/www.escplus.es\/festivales\/eurovision-junior-2025\/\" target=\"_blank\" rel=\"noreferrer noopener nofollow\">Eurovisi\u00f3n Junior 2025<\/a><\/strong> busca ser un s\u00edmbolo de <strong>diversidad, inclusi\u00f3n y celebraci\u00f3n colectiva<\/strong>.<\/p>\n<p>Este<strong> dise\u00f1o gr\u00e1fico en pantalla<\/strong> cobrar\u00e1 <strong>movimiento <\/strong>y las <strong>letras del logotipo<\/strong> se transforman en <strong>formas escritas<\/strong> a <strong>mano espont\u00e1neas y divertidas<\/strong>. Se convertir\u00e1n en<strong> marcos din\u00e1micos o soportes para las fotograf\u00edas de los participantes<\/strong> y otras im\u00e1genes, integrando perfectamente las <strong>im\u00e1genes en la identidad visual<\/strong>.<\/p>\n<blockquote class=\"wp-block-quote is-layout-flow wp-block-quote-is-layout-flow\">\n<p>\u201cEs un gran honor<strong> darles la bienvenida a todos<\/strong> a nuestro hermoso pa\u00eds, <strong>Georgia<\/strong>. Nos enorgullece presentar <strong>por segunda vez <\/strong>el evento musical m\u00e1s<strong> alegre e inspirador de Europa<\/strong>\u201d<\/p>\n<p>\u201cEl espect\u00e1culo de este a\u00f1o ser\u00e1 el resultado de <strong>meses de dedicaci\u00f3n, creatividad y trabajo en equipo<\/strong>, combinando lo mejor de nuestra<strong> producci\u00f3n, escenograf\u00eda y excelencia t\u00e9cnica<\/strong>\u201d<\/p>\n<p><strong>Natia Mshvenieradze, productora ejecutiva de GPB<\/strong><\/p>\n<\/blockquote>\n<p><a href=\"https:\/\/www.escplus.es\/wp-content\/uploads\/2025\/10\/Theme-Art-03-scaled.png\" rel=\"nofollow noopener\" target=\"_blank\"><img loading=\"lazy\" decoding=\"async\" width=\"576\" height=\"720\" data-id=\"324481\" src=\"https:\/\/www.europesays.com\/es\/wp-content\/uploads\/2025\/10\/Theme-Art-03-576x720.png\" alt=\"Imagen gr\u00e1fica de Eurovisi\u00f3n Junior 2025 | EBU - GPB\" class=\"wp-image-324481\"  \/><\/a>Imagen gr\u00e1fica de Eurovisi\u00f3n Junior 2025 | EBU \u2013 GPB<\/p>\n<p><img loading=\"lazy\" decoding=\"async\" width=\"576\" height=\"720\" data-id=\"324480\" src=\"https:\/\/www.europesays.com\/es\/wp-content\/uploads\/2025\/10\/Theme-Art-02-576x720.png\" alt=\"Imagen gr\u00e1fica de Eurovisi\u00f3n Junior 2025 | EBU - GPB\" class=\"wp-image-324480\"  \/>Imagen gr\u00e1fica de Eurovisi\u00f3n Junior 2025 | EBU \u2013 GPB<\/p>\n<p>Adem\u00e1s, como novedad, <strong><strong><a href=\"https:\/\/www.escplus.es\/eurovision-junior\/\" target=\"_blank\" rel=\"noreferrer noopener nofollow\">Eurovisi\u00f3n Junior<\/a><\/strong><\/strong> estrenar\u00e1 un <strong>nuevo logotipo gen\u00e9rico<\/strong> coincidiendo con la <strong><a href=\"https:\/\/www.escplus.es\/eurovision\/2025\/el-festival-de-eurovision-estrena-nuevo-logotipo-generico-de-cara-a-su-70o-aniversario\/\" target=\"_blank\" rel=\"noreferrer noopener nofollow\">implantaci\u00f3n del emblema del Festival de Eurovisi\u00f3n<\/a><\/strong>. En esta ocasi\u00f3n, el <strong>s\u00edmbolo del certamen infantil<\/strong> apuesta por un dise\u00f1o <strong>similar<\/strong>, incluyendo la palabra <strong>\u2018Junior\u2019<\/strong> en la parte superior. Adem\u00e1s, adopta la <strong>nueva tipograf\u00eda oficial<\/strong> que sustituye a la <strong>Gotham<\/strong> que ha sido utilizada <strong>entre 2015 y 2024<\/strong> en <strong><strong><a href=\"https:\/\/www.escplus.es\/eurovision-junior\/\" target=\"_blank\" rel=\"noreferrer noopener nofollow\">Eurovisi\u00f3n Junior<\/a><\/strong><\/strong>.<\/p>\n<p>El <strong><a href=\"https:\/\/www.escplus.es\/festivales\/eurovision-junior-2025\/\" target=\"_blank\" rel=\"noreferrer noopener nofollow\">Festival de Eurovisi\u00f3n Junior 2025<\/a><\/strong> tendr\u00e1 lugar en <strong><a href=\"https:\/\/www.escplus.es\/tag\/tiflis\/\" target=\"_blank\" rel=\"noreferrer noopener nofollow\">Tiflis (Georgia)<\/a><\/strong> el <strong>s\u00e1bado 13 de diciembre<\/strong>. La <strong>capital de <a href=\"https:\/\/www.escplus.es\/paises\/georgia\/\" target=\"_blank\" rel=\"noreferrer noopener nofollow\">Georgia<\/a><\/strong> recibe <strong>por segunda vez<\/strong> en su historia la <strong>competici\u00f3n infantil y juvenil europea<\/strong>. El recinto elegido ha sido el <strong><a href=\"https:\/\/www.escplus.es\/tag\/palacio-olimpico-tiflis\/\" target=\"_blank\" rel=\"noreferrer noopener nofollow\">Palacio Ol\u00edmpico de Tiflis<\/a><\/strong>, un <strong>extraordinario espacio multiusos<\/strong> dotado con las <strong>mejores caracter\u00edsticas t\u00e9cnicas<\/strong> para ofrecer un <strong>espect\u00e1culo de alto nivel<\/strong>.<\/p>\n<blockquote class=\"wp-embedded-content\" data-secret=\"LTsfzUtpgP\">\n<p><a href=\"https:\/\/www.escplus.es\/eurovision-junior\/2025\/es-oficial-18-paises-participaran-en-eurovision-junior-2025\/\" rel=\"nofollow noopener\" target=\"_blank\">\u00a1Es oficial! 18 pa\u00edses participar\u00e1n en Eurovisi\u00f3n Junior 2025<\/a><\/p>\n<\/blockquote>\n<p><strong>\u201cUnited By Music\u201d, el eslogan gen\u00e9rico de Eurovisi\u00f3n en todos sus festivales<\/strong><\/p>\n<p>En <strong><a href=\"https:\/\/www.escplus.es\/festivales\/eurovision-junior-2024\/\" target=\"_blank\" rel=\"noreferrer noopener nofollow\">Madrid 2024<\/a><\/strong> todos <strong>\u201cflorecieron\u201d<\/strong> y en <strong><a href=\"https:\/\/www.escplus.es\/festivales\/eurovision-junior-2025\/\" target=\"_blank\" rel=\"noreferrer noopener nofollow\">Tiflis 2025<\/a><\/strong> estaremos <strong>\u201cunidos por la m\u00fasica\u201d<\/strong>. A partir de esta <strong>23\u00ba edici\u00f3n<\/strong>, <strong><a href=\"https:\/\/www.escplus.es\/eurovision-junior\/\" target=\"_blank\" rel=\"noreferrer noopener nofollow\">Eurovisi\u00f3n Junior<\/a><\/strong> tendr\u00e1 como <a href=\"https:\/\/www.escplus.es\/eurovision\/2023\/united-by-music-sera-el-eslogan-de-eurovision-en-2024-y-adelante\/\" target=\"_blank\" rel=\"noreferrer noopener nofollow\"><strong>eslogan gen\u00e9rico<\/strong> <strong>\u201cUnited By Music\u201d<\/strong>, el <strong>mismo lema<\/strong> que acompa\u00f1a al <strong>Festival de Eurovisi\u00f3n<\/strong><\/a> desde la <strong><a href=\"https:\/\/www.escplus.es\/festivales\/eurovision-2023\/\" target=\"_blank\" rel=\"noreferrer noopener nofollow\">edici\u00f3n de 2023<\/a><\/strong> en <strong>Liverpool (Reino Unido).<\/strong><\/p>\n<p><strong><a href=\"https:\/\/www.escplus.es\/tag\/martin-green\/\" target=\"_blank\" rel=\"noreferrer noopener nofollow\">Martin Green<\/a><\/strong>, director del <strong><a href=\"https:\/\/www.escplus.es\/eurovision\/\" target=\"_blank\" rel=\"noreferrer noopener nofollow\">Festival de Eurovisi\u00f3n<\/a><\/strong> y <strong>Supervisor Ejecutivo<\/strong> de los <strong>festivales de la <a href=\"https:\/\/www.escplus.es\/tag\/uer\/\" target=\"_blank\" rel=\"noreferrer noopener nofollow\">UER<\/a><\/strong> en <strong>funciones<\/strong>, confirma que <strong><strong><a href=\"https:\/\/www.escplus.es\/eurovision-junior\/\" target=\"_blank\" rel=\"noreferrer noopener nofollow\">Eurovisi\u00f3n Junior<\/a><\/strong> se sumar\u00e1 a la estrategia de marca global<\/strong> que la organizaci\u00f3n europea busca <strong>consolidar<\/strong> en su proyecto de futuro. <\/p>\n<p>Bajo el lema <strong>\u201cUnited By Music\u201d<\/strong>, <strong>ambos festivales<\/strong> son el <strong>pilar fundamental<\/strong> de los contenidos que la <strong><a href=\"https:\/\/www.escplus.es\/tag\/uer\/\" target=\"_blank\" rel=\"noreferrer noopener nofollow\">UER<\/a><\/strong> pone en marcha de la mano de sus <strong>emisoras p\u00fablicas por toda Europa<\/strong>.<\/p>\n<blockquote class=\"wp-embedded-content\" data-secret=\"66bm2mi92F\">\n<p><a href=\"https:\/\/www.escplus.es\/eurovision-junior\/2025\/eurovision-junior-tambien-adoptara-united-by-music-como-eslogan-permanente-para-proximas-ediciones\/\" rel=\"nofollow noopener\" target=\"_blank\">Eurovisi\u00f3n Junior tambi\u00e9n adoptar\u00e1 \u00abUnited By Music\u00bb como eslogan permanente para pr\u00f3ximas ediciones<\/a><\/p>\n<\/blockquote>\n<p><strong>Los lemas de Eurovisi\u00f3n Junior a lo largo de su historia<\/strong><\/p>\n<p>En <strong><a href=\"https:\/\/www.escplus.es\/eurovision-junior\/\" target=\"_blank\" rel=\"noreferrer noopener nofollow\">Eurovisi\u00f3n Junior<\/a><\/strong>, el <strong>eslogan<\/strong> siempre ha sido un <strong>elemento clave<\/strong> en la <strong>creaci\u00f3n del concepto gr\u00e1fico y televisivo<\/strong>. De hecho, la <strong>tradicional canci\u00f3n grupal<\/strong> interpretada por todos los <strong>j\u00f3venes artistas<\/strong> que participan en el festival <strong>sol\u00eda girar en torno al lema<\/strong>.<\/p>\n<p>Siempre se ha buscado <strong>frases positivas<\/strong>, <strong>inspiradoras<\/strong> y <strong>con clara vocaci\u00f3n<\/strong> a <strong>dar protagonismo<\/strong> al <strong>talento de los ni\u00f1os y ni\u00f1as<\/strong> de toda <strong>Europa<\/strong>, tanto <strong>participantes<\/strong> como sus <strong>millones<\/strong> <strong>de<\/strong> <strong>seguidores<\/strong>.<\/p>\n<p>A lo largo de su historia, el <strong><a href=\"https:\/\/www.escplus.es\/eurovision-junior\/\" target=\"_blank\" rel=\"noreferrer noopener nofollow\">Festival de Eurovisi\u00f3n Junior<\/a><\/strong> siempre ha contado con un <strong>eslogan<\/strong> que acompa\u00f1\u00f3 a la <strong>imagen gr\u00e1fica y el resto de elementos visuales<\/strong>, salvo en las ediciones de <strong><a href=\"https:\/\/www.escplus.es\/eurovision-junior\/2022\/recordando-eurovision-junior-copenhague-2003-el-concurso-inicia-su-andadura\/\" target=\"_blank\" rel=\"noreferrer noopener nofollow\">2003<\/a><\/strong> y <strong><a href=\"https:\/\/www.escplus.es\/eurovision-junior\/2022\/recordando-eurovision-junior-lillehammer-2004-con-maria-isabel-llego-el-exito\/\" target=\"_blank\" rel=\"noreferrer noopener nofollow\">2004<\/a><\/strong>.<\/p>\n<tr>Edici\u00f3nLemaEdici\u00f3n Lema<\/tr>\n<tr>\n<td><strong>Hasselt 2005<\/strong><\/td>\n<td>Let The Music Play\u00a0(Que Suene La M\u00fasica)<\/td>\n<td><strong>La Valeta 2016<\/strong><\/td>\n<td>Embrace\u00a0(Abraza)<\/td>\n<\/tr>\n<tr>\n<td><strong>Bucarest 2006<\/strong><\/td>\n<td>Make A Big Splash\u00a0(Haz Un Gran Chapuz\u00f3n)<\/td>\n<td><strong>Tiflis 2017<\/strong><\/td>\n<td>Shine Bright\u00a0(Brilla Con Luz Propia)<\/td>\n<\/tr>\n<tr>\n<td><strong>R\u00f3terdam 2007<\/strong><\/td>\n<td>Fun In The Sun\u00a0(Diversi\u00f3n En El Sol)<\/td>\n<td><strong>Minsk 2018<\/strong><\/td>\n<td>Light Up\u00a0(Ilumina)<\/td>\n<\/tr>\n<tr>\n<td><strong>Limasol 2008<\/strong><\/td>\n<td>For The Joy Of People\u00a0(Para La Alegr\u00eda De La Gente)<\/td>\n<td><strong>Gliwice-Silesia 2019<\/strong><\/td>\n<td>Share The Joy\u00a0(Comparte La Alegr\u00eda)<\/td>\n<\/tr>\n<tr>\n<td><strong>Kiev 2009<\/strong><\/td>\n<td>Feel The Magic\u00a0(Siente La Magia)<\/td>\n<td><strong>Polonia 2020<\/strong><\/td>\n<td>Move The World\u00a0(Mover El Mundo)<\/td>\n<\/tr>\n<tr>\n<td><strong>Minsk 2010<\/strong><\/td>\n<td>Reach For The Top\u00a0(Alcanza A Cima)<\/td>\n<td><strong>Par\u00eds 2021<\/strong><\/td>\n<td>Imagine\u00a0(Imagina)<\/td>\n<\/tr>\n<tr>\n<td><strong>Erev\u00e1n 2011<\/strong><\/td>\n<td>Break The Ice\u00a0(Rompe El Hielo)<\/td>\n<td><strong>Erev\u00e1n 2022<\/strong><\/td>\n<td>Spin The Magic\u00a0(Gira La Magia)<\/td>\n<\/tr>\n<tr>\n<td><strong>\u00c1msterdam 2012<\/strong><\/td>\n<td>Be Creative\u00a0(S\u00e9 Creativo)<\/td>\n<td><strong>Niza 2023<\/strong><\/td>\n<td>Heroes\u00a0(H\u00e9roes)<\/td>\n<\/tr>\n<tr>\n<td><strong>Kiev 2013<\/strong><\/td>\n<td>Together\u00a0(Juntos)<\/td>\n<td><strong>Madrid 2024<\/strong><\/td>\n<td>Let\u2019s Bloom (Vamos A Florecer)<\/td>\n<\/tr>\n<tr>\n<td><strong>Malta 2014<\/strong><\/td>\n<td>Discover\u00a0(Descubrir)<\/td>\n<td><strong>Tiflis 2025 y futuras ediciones<\/strong><\/td>\n<td>United By Music (Unidos Por La M\u00fasica)<\/td>\n<\/tr>\n<tr>\n<td><strong>Bulgaria 2015<\/strong><\/td>\n<td>Embrace\u00a0(Abraza)<\/td>\n<td\/>\n<td>\u00a0<\/td>\n<\/tr>\n<p>La <strong>primera vez<\/strong> que se apost\u00f3 por una <strong>canci\u00f3n grupal<\/strong> fue en <strong><a href=\"https:\/\/www.escplus.es\/eurovision-junior\/2022\/recordando-eurovision-junior-roterdam-2007-primer-festival-sin-espana\/\" data-type=\"link\" data-id=\"https:\/\/www.escplus.es\/eurovision-junior\/2022\/recordando-eurovision-junior-roterdam-2007-primer-festival-sin-espana\/\" target=\"_blank\" rel=\"noreferrer noopener nofollow\">R\u00f3terdam 2007<\/a><\/strong>. En las primeras ediciones no era habitual y solo se repiti\u00f3 esa estrategia<strong> de forma puntual\u00a0<\/strong>en\u00a0<strong><a href=\"https:\/\/www.escplus.es\/eurovision-junior\/2022\/recordando-eurovision-junior-limasol-2008-el-festival-sigue-brillando-a-pesar-de-la-tormenta\/\" data-type=\"link\" data-id=\"https:\/\/www.escplus.es\/eurovision-junior\/2022\/recordando-eurovision-junior-limasol-2008-el-festival-sigue-brillando-a-pesar-de-la-tormenta\/\" target=\"_blank\" rel=\"noreferrer noopener nofollow\">Limasol 2008<\/a><\/strong> o\u00a0<strong><a href=\"https:\/\/www.escplus.es\/eurovision-junior\/2022\/recordando-eurovision-junior-minsk-2010-el-concurso-consolida-su-presencia-en-el-este\/\" data-type=\"link\" data-id=\"https:\/\/www.escplus.es\/eurovision-junior\/2022\/recordando-eurovision-junior-minsk-2010-el-concurso-consolida-su-presencia-en-el-este\/\" target=\"_blank\" rel=\"noreferrer noopener nofollow\">Minsk 2010<\/a><\/strong>.<\/p>\n<p>A partir del<strong> 10\u00ba aniversario del concurso <\/strong>en<strong> <strong><a href=\"https:\/\/www.escplus.es\/eurovision-junior\/2022\/recordando-eurovision-junior-amsterdam-2012-un-frio-decimo-aniversario\/\" data-type=\"link\" data-id=\"https:\/\/www.escplus.es\/eurovision-junior\/2022\/recordando-eurovision-junior-amsterdam-2012-un-frio-decimo-aniversario\/\" target=\"_blank\" rel=\"noreferrer noopener nofollow\">\u00c1msterdam 2012<\/a><\/strong><\/strong>,\u00a0se ha convertido en una\u00a0<strong>tradici\u00f3n<\/strong>. Adem\u00e1s, desde <strong><strong><a href=\"https:\/\/www.escplus.es\/eurovision-junior\/2022\/recordando-eurovision-junior-kiev-2013-pocos-participantes-pero-bien-avenidos\/\" target=\"_blank\" rel=\"noreferrer noopener nofollow\">Kiev 2013<\/a><\/strong><\/strong>, se adopt\u00f3 como <strong>t\u00edtulo<\/strong> el <strong>lema de la respectiva edici\u00f3n<\/strong>.<\/p>\n<p>Es una\u00a0<strong>tradici\u00f3n\u00a0<\/strong>que<strong>\u00a0se mantiene a\u00f1o tras a\u00f1o<\/strong>, y es que la\u00a0<strong>canci\u00f3n grupal<\/strong>\u00a0se convierte en un\u00a0<strong>s\u00edmbolo en cada edici\u00f3n del formato<\/strong>. A lo largo de las \u00faltimos a\u00f1os, los<strong>\u00a0temas grupales se han convertido en un s\u00edmbolo identitario del programa de televisi\u00f3n<\/strong>. Esta tradici\u00f3n trata de<strong>\u00a0capturar el esp\u00edritu del concurso y potenciar la unidad\u00a0<\/strong>y colaboraci\u00f3n entre los j\u00f3venes artistas.<\/p>\n<p><a href=\"https:\/\/www.escplus.es\/eurovision-junior\/2025\/el-gobierno-de-georgia-asigna-mas-de-25-millones-de-euros-para-la-celebracion-de-eurovision-junior-2025-en-tiflis-y-detalla-el-calendario-de-su-plan-de-accion\/\" target=\"_blank\" rel=\"noreferrer noopener nofollow\">Tal y como confirm\u00f3 el <strong>Gobierno de Georgia<\/strong><\/a>, <strong><a href=\"https:\/\/www.escplus.es\/festivales\/eurovision-junior-2025\/\" target=\"_blank\" rel=\"noreferrer noopener nofollow\">Eurovisi\u00f3n Junior 2025<\/a><\/strong> tambi\u00e9n contar\u00e1 con su <strong>propio tema grupal<\/strong>, siendo un <strong>punto estrat\u00e9gico<\/strong> en el que <strong>ya trabajan los organizadores<\/strong>.<\/p>\n<p>Repasa las <strong>canciones grupales<\/strong> de <strong><a href=\"https:\/\/www.escplus.es\/eurovision-junior\/\" target=\"_blank\" rel=\"noreferrer noopener nofollow\">Eurovisi\u00f3n Junior<\/a><\/strong> a lo largo de su <strong>historia<\/strong>, a continuaci\u00f3n:<\/p>\n<p>Eurovisi\u00f3n Junior 2025: \u201cunidos por la m\u00fasica\u201d de vuelta a Georgia<\/p>\n<p>La <strong><a href=\"https:\/\/www.escplus.es\/festivales\/eurovision-junior-2025\/\" target=\"_blank\" rel=\"noreferrer noopener nofollow\">23\u00ba edici\u00f3n <\/a><\/strong><a href=\"https:\/\/www.escplus.es\/festivales\/eurovision-junior-2025\/\" target=\"_blank\" rel=\"noreferrer noopener nofollow\">del <\/a><strong><a href=\"https:\/\/www.escplus.es\/festivales\/eurovision-junior-2025\/\" target=\"_blank\" rel=\"noreferrer noopener nofollow\">Festival de Eurovisi\u00f3n Junior<\/a> <\/strong>viajar\u00e1 hasta <strong><a href=\"https:\/\/www.escplus.es\/tag\/tiflis\/\" target=\"_blank\" rel=\"noreferrer noopener nofollow\">Tiflis<\/a><\/strong>, capital de <strong><a href=\"https:\/\/www.escplus.es\/paises\/georgia\/\" target=\"_blank\" rel=\"noreferrer noopener nofollow\">Georgia<\/a><\/strong>, siendo la <strong>segunda ocasi\u00f3n<\/strong> en el que la ciudad acoge el certamen europeo. El <strong>13 de diciembre<\/strong>, <a href=\"https:\/\/www.escplus.es\/eurovision-junior\/2025\/asi-sera-el-espectacular-escenario-de-eurovision-junior-2025-un-espacio-escenico-arraigado-en-la-cultura-georgiana\/\" target=\"_blank\" rel=\"noreferrer noopener nofollow\">el <strong>escenario eurovisivo instalado en el Palacio Ol\u00edmpico de Tiflis<\/strong><\/a> recibir\u00e1 a los <strong>j\u00f3venes talentos de toda Europa<\/strong>.<\/p>\n<p><strong>Tras meses de muchos rumores e intensas negociaciones<\/strong>, la <strong><a href=\"https:\/\/www.escplus.es\/tag\/uer\/\" target=\"_blank\" rel=\"noreferrer noopener nofollow\">UER<\/a><\/strong> apost\u00f3 una edici\u00f3n m\u00e1s por el <strong>pa\u00eds ganador en la edici\u00f3n previa<\/strong> para <strong>asumir la organizaci\u00f3n del evento<\/strong>. El <strong>13 de mayo<\/strong>,<strong> seis meses despu\u00e9s<\/strong> de la <a href=\"https:\/\/www.escplus.es\/festivales\/eurovision-junior-2024\/\" target=\"_blank\" rel=\"noreferrer noopener nofollow\"><strong>gran celebraci\u00f3n musical de Madrid<\/strong> en <strong>2024<\/strong><\/a> donde el joven georgiano <strong><a href=\"https:\/\/www.escplus.es\/tag\/Andria-Putkaradze\/\" target=\"_blank\" rel=\"noreferrer noopener nofollow\">Andria Putkaradze<\/a><\/strong> se alz\u00f3 con el <strong>triunfo<\/strong> con su <strong>\u00abTo My Mom\u00bb<\/strong>, la organizaci\u00f3n hizo oficial el <strong>destino del certamen de <a href=\"https:\/\/www.escplus.es\/festivales\/eurovision-junior-2025\/\" target=\"_blank\" rel=\"noreferrer noopener nofollow\">2025<\/a><\/strong>. <\/p>\n<p>A pesar de que <strong><a href=\"https:\/\/www.escplus.es\/paises\/georgia\/\" target=\"_blank\" rel=\"noreferrer noopener nofollow\">Georgia<\/a><\/strong> es el <strong>pa\u00eds con m\u00e1s triunfos en el <a href=\"https:\/\/www.escplus.es\/eurovision-junior\/\" target=\"_blank\" rel=\"noreferrer noopener nofollow\">Festival de Eurovisi\u00f3n Junior<\/a><\/strong>, con <strong>cuatro en total<\/strong>, solo ha acogido el evento <strong>en dos ocasiones<\/strong> en <strong><a href=\"https:\/\/www.escplus.es\/eurovision-junior\/2022\/recordando-eurovision-junior-tiflis-2017-viaje-al-caucaso-para-seguir-brillando\/\" target=\"_blank\" rel=\"noreferrer noopener nofollow\">2017<\/a><\/strong> y <strong><strong><a href=\"https:\/\/www.escplus.es\/festivales\/eurovision-junior-2025\/\" target=\"_blank\" rel=\"noreferrer noopener nofollow\">2025<\/a><\/strong><\/strong>.<\/p>\n<p>Hubo que esperar hasta el<strong> 1 de octubre <\/strong>para conocer<strong> nuevos detalles<\/strong> de esta esperada edici\u00f3n del <strong><a href=\"https:\/\/www.escplus.es\/eurovision-junior\/\" target=\"_blank\" rel=\"noreferrer noopener nofollow\">Festival de Eurovisi\u00f3n Junior<\/a><\/strong>. La <strong><a href=\"https:\/\/www.escplus.es\/tag\/uer\/\" target=\"_blank\" rel=\"noreferrer noopener nofollow\">UER<\/a><\/strong> desvel\u00f3 que<strong> 18 pa\u00edses competir\u00e1n <\/strong>por alzarse con el <strong>micr\u00f3fono de cristal<\/strong>, siendo el<strong> dato de participaci\u00f3n m\u00e1s alto<\/strong> desde <strong><a href=\"https:\/\/www.escplus.es\/eurovision-junior\/2022\/recordando-eurovision-junior-paris-2021-et-voila-un-festival-con-toque-navideno\/\" target=\"_blank\" rel=\"noreferrer noopener nofollow\">Par\u00eds 2021<\/a><\/strong>. A pesar de las retiradas <strong><a href=\"https:\/\/www.escplus.es\/paises\/alemania\/\" target=\"_blank\" rel=\"noreferrer noopener nofollow\">Alemania<\/a><\/strong> y <strong><a href=\"https:\/\/www.escplus.es\/paises\/estonia\/\" target=\"_blank\" rel=\"noreferrer noopener nofollow\">Estonia<\/a><\/strong>, el certamen infantil cuenta con los <strong>regresos <\/strong>de <a href=\"https:\/\/www.escplus.es\/paises\/azerbaiyan\/\" target=\"_blank\" rel=\"noreferrer noopener nofollow\"><strong>Azerbaiy\u00e1n<\/strong><\/a>, <strong><strong><a href=\"https:\/\/www.escplus.es\/paises\/croacia\/\" target=\"_blank\" rel=\"noreferrer noopener nofollow\">Croacia<\/a><\/strong><\/strong> y <strong><strong><a href=\"https:\/\/www.escplus.es\/paises\/montenegro\/\" target=\"_blank\" rel=\"noreferrer noopener nofollow\">Montenegro<\/a><\/strong><\/strong>.<\/p>\n<blockquote class=\"wp-embedded-content\" data-secret=\"IxUDA1tniU\">\n<p><a href=\"https:\/\/www.escplus.es\/eurovision-junior\/2025\/es-oficial-18-paises-participaran-en-eurovision-junior-2025\/\" rel=\"nofollow noopener\" target=\"_blank\">\u00a1Es oficial! 18 pa\u00edses participar\u00e1n en Eurovisi\u00f3n Junior 2025<\/a><\/p>\n<\/blockquote>\n<p>En una <strong>etapa de cambios <\/strong>dentro de la <strong><a href=\"https:\/\/www.escplus.es\/tag\/uer\/\" target=\"_blank\" rel=\"noreferrer noopener nofollow\">UER<\/a><\/strong>, el <strong><a href=\"https:\/\/www.escplus.es\/eurovision-junior\/\" target=\"_blank\" rel=\"noreferrer noopener nofollow\">Festival de Eurovisi\u00f3n Junior<\/a><\/strong> se suma a esta <strong>renovaci\u00f3n <\/strong>adoptando el <strong>nuevo logotipo gen\u00e9rico <\/strong>junto al <a href=\"https:\/\/www.escplus.es\/eurovision-junior\/2025\/eurovision-junior-tambien-adoptara-united-by-music-como-eslogan-permanente-para-proximas-ediciones\/\" target=\"_blank\" rel=\"noreferrer noopener nofollow\">eslogan permanente <strong>\u201cUnited By Music\u201d<\/strong><\/a>. En esta ocasi\u00f3n, el certamen de <strong><a href=\"https:\/\/www.escplus.es\/festivales\/eurovision-junior-2025\/\" target=\"_blank\" rel=\"noreferrer noopener nofollow\">Tiflis 2025<\/a> <\/strong>contar\u00e1 con un\u00a0<strong>theme art<\/strong>\u00a0<strong>colorido y muy visual<\/strong>, con\u00a0<strong>toques infantiles y juveniles\u00a0<\/strong>que se adaptan al esp\u00edritu de\u00a0<strong><strong><a href=\"https:\/\/www.escplus.es\/eurovision-junior\/\" target=\"_blank\" rel=\"noreferrer noopener nofollow\">Eurovisi\u00f3n Junior<\/a><\/strong><\/strong>.<\/p>\n<p>Por su parte, en esta <strong>23\u00ba edici\u00f3n<\/strong>, <strong><a href=\"https:\/\/www.escplus.es\/eurovision-junior\/\" target=\"_blank\" rel=\"noreferrer noopener nofollow\">Eurovisi\u00f3n Junior<\/a> <\/strong>mantiene su celebraci\u00f3n en <strong>s\u00e1bado<\/strong>, aunque parece que <a href=\"https:\/\/www.escplus.es\/eurovision-junior\/2025\/eurovision-junior-podria-volver-a-adelantar-su-horario-para-la-edicion-de-tiflis-2025\/\" target=\"_blank\" rel=\"noreferrer noopener nofollow\"><strong>podr\u00eda adelantar su hora de emisi\u00f3n<\/strong> a las <strong>17:00 CET<\/strong><\/a>.<\/p>\n<blockquote class=\"wp-embedded-content\" data-secret=\"0xUYKLVMed\">\n<p><a href=\"https:\/\/www.escplus.es\/eurovision-junior\/2025\/eurovision-junior-2025-que-sabemos-hasta-ahora\/\" rel=\"nofollow noopener\" target=\"_blank\">Eurovisi\u00f3n Junior 2025: \u00bfQu\u00e9 sabemos hasta ahora?<\/a><\/p>\n<\/blockquote>\n","protected":false},"excerpt":{"rendered":"En Eurovisi\u00f3n Junior tambi\u00e9n estaremos \u201cunidos por la m\u00fasica\u201d. La Uni\u00f3n Europea de Radiodifusi\u00f3n (UER-EBU) y la emisora&hellip;\n","protected":false},"author":2,"featured_media":155855,"comment_status":"","ping_status":"","sticky":false,"template":"","format":"standard","meta":{"footnotes":""},"categories":[171],"tags":[146,147,25,24,23,214],"class_list":{"0":"post-155854","1":"post","2":"type-post","3":"status-publish","4":"format-standard","5":"has-post-thumbnail","7":"category-tv","8":"tag-entertainment","9":"tag-entretenimiento","10":"tag-es","11":"tag-espana","12":"tag-spain","13":"tag-tv"},"share_on_mastodon":{"url":"","error":""},"_links":{"self":[{"href":"https:\/\/www.europesays.com\/es\/wp-json\/wp\/v2\/posts\/155854","targetHints":{"allow":["GET"]}}],"collection":[{"href":"https:\/\/www.europesays.com\/es\/wp-json\/wp\/v2\/posts"}],"about":[{"href":"https:\/\/www.europesays.com\/es\/wp-json\/wp\/v2\/types\/post"}],"author":[{"embeddable":true,"href":"https:\/\/www.europesays.com\/es\/wp-json\/wp\/v2\/users\/2"}],"replies":[{"embeddable":true,"href":"https:\/\/www.europesays.com\/es\/wp-json\/wp\/v2\/comments?post=155854"}],"version-history":[{"count":0,"href":"https:\/\/www.europesays.com\/es\/wp-json\/wp\/v2\/posts\/155854\/revisions"}],"wp:featuredmedia":[{"embeddable":true,"href":"https:\/\/www.europesays.com\/es\/wp-json\/wp\/v2\/media\/155855"}],"wp:attachment":[{"href":"https:\/\/www.europesays.com\/es\/wp-json\/wp\/v2\/media?parent=155854"}],"wp:term":[{"taxonomy":"category","embeddable":true,"href":"https:\/\/www.europesays.com\/es\/wp-json\/wp\/v2\/categories?post=155854"},{"taxonomy":"post_tag","embeddable":true,"href":"https:\/\/www.europesays.com\/es\/wp-json\/wp\/v2\/tags?post=155854"}],"curies":[{"name":"wp","href":"https:\/\/api.w.org\/{rel}","templated":true}]}}