{"id":155859,"date":"2025-10-04T02:40:14","date_gmt":"2025-10-04T02:40:14","guid":{"rendered":"https:\/\/www.europesays.com\/es\/155859\/"},"modified":"2025-10-04T02:40:14","modified_gmt":"2025-10-04T02:40:14","slug":"sofia-palazuelo-y-belen-corsini-bautizan-a-sus-ninos-en-una-ceremonia-llena-de-emocion","status":"publish","type":"post","link":"https:\/\/www.europesays.com\/es\/155859\/","title":{"rendered":"Sof\u00eda Palazuelo y Bel\u00e9n Corsini bautizan a sus ni\u00f1os en una ceremonia llena de emoci\u00f3n"},"content":{"rendered":"<p data-wc=\"88\" id=\"e2oRAls3OC\"><strong>La Casa de Alba est\u00e1 viviendo unos d\u00edas muy especiales<\/strong>. Tal y como ha podido saber \u00a1HOLA!, los duques de Hu\u00e9scar y los duques de Osorno han<strong>\u00a0bautizado a sus respectivos hijos, Fernando y Fadrique<\/strong>, en una ceremonia religiosa privada que ha tenido lugar en la capilla del Palacio de Liria, en Madrid. Este doble bautizo ha colmado de felicidad a <strong data-gid=\"ehgWFB8xZqr\">Sof\u00eda Palazuelo y Fernando Fitz-James Stuart, y Bel\u00e9n Corsini y Carlos Fitz-James Stuart<\/strong>, un d\u00eda antes de la boda de Cayetano Mart\u00ednez de Irujo con B\u00e1rbaja Mirjan.\u00a0<\/p>\n<p> <img src=\"https:\/\/www.europesays.com\/es\/wp-content\/uploads\/2025\/09\/52dcbf0448ce-duquesa-huescar-gtres2.jpg\"   width=\"1024\" height=\"682\" loading=\"lazy\" decoding=\"async\" alt=\"Sof\u00eda Palazuelo y Bel\u00e9n Corsini, de paseo con sus hijos por Madrid\" fetchpriority=\"auto\" class=\"image ho-image\"\/>\u00a9 GTRESSof\u00eda Palazuelo y Bel\u00e9n Corsini, de paseo con sus hijos por Madrid<\/p>\n<p data-wc=\"64\" id=\"eOw3s54Q_u\">El evento familiar se ha producido apenas dos semanas despu\u00e9s del<a class=\"hm-link ho-link\" href=\"https:\/\/www.hola.com\/actualidad\/20250916837840\/duques-de-huescar-familia-numerosa-llegada-fernando\/\" data-mrf-recirculation=\"article-body-link\" rel=\"nofollow noopener\" target=\"_blank\">\u00a0nacimiento del tercer hijo de los duques de Hu\u00e9scar, Fernando<\/a>, tal y como cont\u00f3 \u00a1HOLA!. La llegada del beb\u00e9, <strong>su primer ni\u00f1o<\/strong>, no solo les convierte en familia numerosa, sino que ha sido una buena nueva especialmente bien recibida por <strong>sus dos hermanas mayores, Rosario, de 5 a\u00f1os, y Sof\u00eda, de 2 a\u00f1os<\/strong>.\u00a0<\/p>\n<p> <img src=\"https:\/\/www.europesays.com\/es\/wp-content\/uploads\/2025\/10\/36fc53fe9178-europapress5983668carlosfitzjamesstuartbelencorsinijuntopequenocarlos.jpg\"   width=\"1024\" height=\"682\" loading=\"lazy\" decoding=\"async\" alt=\"Los condes de Osorno en el bautizo de su primer ni\u00f1o, Carlos, en 2025 \" fetchpriority=\"auto\" class=\"image ho-image\"\/>\u00a9 Europa PressLos condes de Osorno en el bautizo de su primer ni\u00f1o, Carlos, en 2025 <\/p>\n<p> <img src=\"https:\/\/www.europesays.com\/es\/wp-content\/uploads\/2025\/10\/d121c4d19844-sofiapalazuelofernandofitzj-a.jpg\"   width=\"683\" height=\"1024\" loading=\"lazy\" decoding=\"async\" alt=\"sofiapalazuelofernandofitzj\" fetchpriority=\"auto\" class=\"image ho-image\"\/>\u00a9 GtresonlineSof\u00eda Palazuelo y Fernando Fitz-James Stuart, duques de H\u00faescar<\/p>\n<p data-wc=\"87\" id=\"eTYO0JLLROY\">El peque\u00f1o Fernando se lleva apenas tres meses con Fadrique, <a class=\"hm-link ho-link\" href=\"https:\/\/www.hola.com\/actualidad\/20250625840262\/belen-corsini-y-carlos-fitz-james-original-nombre-bebe-fadrique\/\" data-mrf-recirculation=\"article-body-link\" rel=\"nofollow noopener\" target=\"_blank\">el segundo hijo de los condes de Osorno, nacido el pasado 25 de junio<\/a>. La <a class=\"hm-link ho-link\" href=\"https:\/\/www.hola.com\/actualidad\/20181006130860\/capilla-palacio-liria\/\" data-mrf-recirculation=\"article-body-link\" rel=\"nofollow noopener\" target=\"_blank\">capilla privada del Palacio de Liria<\/a>, decorada con obras del pintor Josep Mar\u00eda Sert, ha sido el enclave escogido para la ocasi\u00f3n. All\u00ed fue donde Sof\u00eda y Fernando se dieron el &#8216;s\u00ed, quiero&#8217;, pero el precioso espacio, que alberga muchas capas de la historia familiar, no ha sido el \u00fanico elemento de aquella importante jornada que han repetido para su doble bautizo.<\/p>\n<p> <img src=\"https:\/\/www.europesays.com\/es\/wp-content\/uploads\/2025\/10\/f80dd2c643b5-download.jpg\"   width=\"1024\" height=\"576\" loading=\"lazy\" decoding=\"async\" alt=\"La capilla del Palacio de Liria\" fetchpriority=\"auto\" class=\"image ho-image\"\/>La capilla del Palacio de Liria<\/p>\n<p data-wc=\"89\" id=\"ewQFaOuOezZ\"><strong>Ignacio Jim\u00e9nez S\u00e1nchez Dalp ha sido el sacerdote que ha oficiado el bautizo<\/strong>, una persona muy cercana a ambas parejas, pues fue el encargado de casar a los duques de Hu\u00e9scar y tambi\u00e9n a los condes de Osorno. Todo ha quedado en familia, as\u00ed. Sof\u00eda Palazuelo estaba acompa\u00f1ada de su madre, su hermano Beltr\u00e1n y m\u00e1s familiares. Borja Moreno, hermano del duque de Hu\u00e9scar y el conde de Osorno, y Matilde Sol\u00eds, madre de los tres, tambi\u00e9n han estado presentes junto a Fernando, el hermano del duque de Alba.\u00a0<\/p>\n<p> <img src=\"https:\/\/www.europesays.com\/es\/wp-content\/uploads\/2025\/10\/0120824ef3f5-dlu485503015.jpg\"   width=\"1024\" height=\"683\" loading=\"lazy\" decoding=\"async\" alt=\"Carlos Fitz-James Stuart y Bel\u00e9n Corsini, junto a los duques de Hu\u00e9scar, en el d\u00eda de su boda en 2021, celebrada en el Palacio de Liria, en Madrid&#10;\" fetchpriority=\"auto\" class=\"image ho-image\"\/>\u00a9 GTRESCarlos Fitz-James Stuart y Bel\u00e9n Corsini, junto a los duques de Hu\u00e9scar, en el d\u00eda de su boda en 2021, celebrada en el Palacio de Liria, en Madrid<\/p>\n<p id=\"eCyZ5gDZV-C\" data-wc=\"50\">La cercan\u00eda entre ambos nacimientos ha sido un elemento clave, pues ha permitido que la ceremonia religiosa se pudiera hacer de forma conjunta. Los dos peque\u00f1os de la Casa de Alba cuentan con <strong>dos nombres que albergan un importante peso en lo que a tradiciones y lazos familiares\u00a0<\/strong><strong>se refiere<\/strong>.\u00a0<\/p>\n<p> <img src=\"https:\/\/www.europesays.com\/es\/wp-content\/uploads\/2025\/09\/7c7955c21526-duquesa-huescar-gtres5.jpg\"   width=\"1024\" height=\"682\" loading=\"lazy\" decoding=\"async\" alt=\"Sof\u00eda Palazuelo y Bel\u00e9n Corsini, de paseo con sus hijos en Madrid\" fetchpriority=\"auto\" class=\"image ho-image\"\/>\u00a9 GTRESSof\u00eda Palazuelo y Bel\u00e9n Corsini, de paseo con sus hijos en Madrid<\/p>\n<p> <img src=\"https:\/\/www.europesays.com\/es\/wp-content\/uploads\/2025\/09\/c47925ac553c-duquesa-huescar-gtres.jpg\"   width=\"764\" height=\"1024\" loading=\"lazy\" decoding=\"async\" alt=\"Sof\u00eda Palazuelo, primer paseo con su tercer hijo; Fernando, y su hija Sof\u00eda, en Madrid\" fetchpriority=\"auto\" class=\"image ho-image\"\/>\u00a9 GTRESSof\u00eda Palazuelo, primer paseo con su tercer hijo; Fernando, y su hija Sof\u00eda, en Madrid<\/p>\n<p id=\"eaP6WiPKGm\" data-wc=\"99\">No en vano, Fadrique entronca con los primeros duques de Alba. El segundo arist\u00f3crata titular de este Ducado fue <strong>Fadrique \u00c1lvarez de Toledo y Enr\u00edqu<\/strong><strong>ez<\/strong>, quien vivi\u00f3 entre 1460 y 1531. Por su parte, el nombre de Fernando no solo hace referencia al padre, Fernando Fitz-James Stuart, sino tambi\u00e9n al abuelo materno, <strong>Fernando Palazuelo Baldas\u00faa<\/strong>, adem\u00e1s de los dos t\u00edos abuelos del beb\u00e9: <strong>Fernando Mart\u00ednez de Irujo y Fitz-James Stuart<\/strong>, hermano del actual Duque de Alba, abuelo del reci\u00e9n nacido, y <strong>Fernando de Sol\u00eds-Beaumont y Mart\u00ednez de Campos<\/strong>, conde de Torralva y hermano de Matilde Sol\u00eds, abuela del peque\u00f1o.\u00a0<\/p>\n","protected":false},"excerpt":{"rendered":"La Casa de Alba est\u00e1 viviendo unos d\u00edas muy especiales. Tal y como ha podido saber \u00a1HOLA!, los&hellip;\n","protected":false},"author":2,"featured_media":155860,"comment_status":"","ping_status":"","sticky":false,"template":"","format":"standard","meta":{"footnotes":""},"categories":[91],"tags":[517,39921,18760,261,146,147,25,24,18761,18759,23],"class_list":{"0":"post-155859","1":"post","2":"type-post","3":"status-publish","4":"format-standard","5":"has-post-thumbnail","7":"category-entretenimiento","8":"tag-actualidad","9":"tag-belen-corsini","10":"tag-carlos-fitz-james-stuart","11":"tag-cayetano-martinez-de-irujo","12":"tag-entertainment","13":"tag-entretenimiento","14":"tag-es","15":"tag-espana","16":"tag-fernando-fitz-james-stuart","17":"tag-sofia-palazuelo","18":"tag-spain"},"share_on_mastodon":{"url":"","error":""},"_links":{"self":[{"href":"https:\/\/www.europesays.com\/es\/wp-json\/wp\/v2\/posts\/155859","targetHints":{"allow":["GET"]}}],"collection":[{"href":"https:\/\/www.europesays.com\/es\/wp-json\/wp\/v2\/posts"}],"about":[{"href":"https:\/\/www.europesays.com\/es\/wp-json\/wp\/v2\/types\/post"}],"author":[{"embeddable":true,"href":"https:\/\/www.europesays.com\/es\/wp-json\/wp\/v2\/users\/2"}],"replies":[{"embeddable":true,"href":"https:\/\/www.europesays.com\/es\/wp-json\/wp\/v2\/comments?post=155859"}],"version-history":[{"count":0,"href":"https:\/\/www.europesays.com\/es\/wp-json\/wp\/v2\/posts\/155859\/revisions"}],"wp:featuredmedia":[{"embeddable":true,"href":"https:\/\/www.europesays.com\/es\/wp-json\/wp\/v2\/media\/155860"}],"wp:attachment":[{"href":"https:\/\/www.europesays.com\/es\/wp-json\/wp\/v2\/media?parent=155859"}],"wp:term":[{"taxonomy":"category","embeddable":true,"href":"https:\/\/www.europesays.com\/es\/wp-json\/wp\/v2\/categories?post=155859"},{"taxonomy":"post_tag","embeddable":true,"href":"https:\/\/www.europesays.com\/es\/wp-json\/wp\/v2\/tags?post=155859"}],"curies":[{"name":"wp","href":"https:\/\/api.w.org\/{rel}","templated":true}]}}