{"id":155863,"date":"2025-10-04T02:43:08","date_gmt":"2025-10-04T02:43:08","guid":{"rendered":"https:\/\/www.europesays.com\/es\/155863\/"},"modified":"2025-10-04T02:43:08","modified_gmt":"2025-10-04T02:43:08","slug":"israel-inicia-deportaciones-tras-interceptar-ultimo-barco-de-flotilla-de-ayuda-a-gaza","status":"publish","type":"post","link":"https:\/\/www.europesays.com\/es\/155863\/","title":{"rendered":"Israel inicia deportaciones tras interceptar \u00faltimo barco de flotilla de ayuda a Gaza"},"content":{"rendered":"<p>    <img src=\"https:\/\/www.europesays.com\/es\/wp-content\/uploads\/2025\/10\/1759545788_119_2025-10-03T153A013A20Z-90110928.jpg\" width=\"1024\" height=\"576\" alt=\"\" loading=\"eager\" decoding=\"sync\" fetchpriority=\"high\"\/><\/p>\n<p>            afp_tickers        <\/p>\n<p>        Este contenido fue publicado en    <\/p>\n<p>        04 octubre 2025 &#8211; 03:21\n<\/p>\n<p>Israel deport\u00f3 el viernes a los primeros de cientos de detenidos de una flotilla de ayuda con destino a Gaza, poco despu\u00e9s de interceptar el \u00faltimo barco de ese grupo de activistas.<\/p>\n<p>La flotilla Global Sumud (\u00abresiliencia\u00bb en \u00e1rabe) parti\u00f3 en septiembre de Barcelona con activistas como Greta Thunberg y personalidades pol\u00edticas, con intenci\u00f3n de llevar ayuda a este territorio palestino que, seg\u00fan la ONU, sufre una hambruna.<\/p>\n<p>Sin embargo, Israel impone un bloqueo naval alrededor de este enclave, donde desde hace casi dos a\u00f1os libra una guerra contra Ham\u00e1s desatada tras el ataque de ese movimiento islamista palestino a territorio israel\u00ed el 7 de octubre de 2023.<\/p>\n<p>La Marina israel\u00ed empez\u00f3 el mi\u00e9rcoles a interceptar barcos y a detener a sus cientos de activistas, procedentes de decenas de pa\u00edses, entre ellos Argentina, Brasil, Colombia, M\u00e9xico o Espa\u00f1a.<\/p>\n<p>La activista sueca Thunberg, la exalcaldesa de Barcelona Ada Colau, el brasile\u00f1o Thiago \u00c1vila y el nieto de Nelson Mandela, Mandla Mandela, son algunos de los participantes en la iniciativa.<\/p>\n<p>\u00abM\u00e1s de 470 participantes de la flotilla fueron detenidos por la polic\u00eda militar, sometidos a rigurosos controles, y transferidos a la administraci\u00f3n penitenciaria\u00bb, dijo la polic\u00eda.<\/p>\n<p>Las deportaciones empezaron el viernes, anunci\u00f3 el Ministerio de Exteriores, que ya hab\u00eda se\u00f1alado que los activistas ser\u00edan expulsados a pa\u00edses europeos.<\/p>\n<p>\u00abCuatro ciudadanos italianos ya han sido deportados. El resto est\u00e1n en proceso de ser deportados. Israel quiere terminar este procedimiento lo antes posible\u00bb, afirm\u00f3 la canciller\u00eda en un comunicado en X.<\/p>\n<p>\u00ab\u2018Marinette\u2019, el \u00faltimo barco restante de la Global Sumud, fue interceptado a las 10H29 hora local (07H29 GMT), a aproximadamente 42,5 millas n\u00e1uticas de Gaza\u00bb, inform\u00f3 la flotilla en Telegram.\u00a0<\/p>\n<p>\u2013 Repatriaci\u00f3n de mexicanos y colombianos \u2013<\/p>\n<p>El gobierno de M\u00e9xico inform\u00f3 el viernes que ya dialoga con autoridades israel\u00edes sobre la situaci\u00f3n de seis mexicanos que iban en la flotilla, luego de que la presidenta Claudia Sheinbaum pidiera un d\u00eda antes su retorno inmediato.<\/p>\n<p>\u00abLos seis accedieron a su repatriaci\u00f3n voluntaria a M\u00e9xico, por lo que se iniciaron de inmediato las gestiones correspondientes (\u2026) para que la repatriaci\u00f3n proceda lo antes posible\u00bb, dijo la canciller\u00eda en un comunicado.<\/p>\n<p>El bolet\u00edn se\u00f1al\u00f3 que fue contactada una s\u00e9ptima mexicana que viajaba en una embarcaci\u00f3n donde iba un equipo de apoyo legal, sin detallar si fue detenida.<\/p>\n<p>El gobierno colombiano del presidente Gustavo Petro, un duro cr\u00edtico de Israel y su guerra en Gaza, inform\u00f3 que su encargado de funciones consulares en Tel Aviv realiz\u00f3 una visita al centro de detenci\u00f3n donde est\u00e1n las dos activistas de Colombia detenidas en la flotilla.<\/p>\n<p>\u00abLas connacionales expresaron preocupaciones sobre sus condiciones, incluyendo falta de alimentaci\u00f3n en las \u00faltimas 48 horas y limitaciones en el acceso a agua potable. Tambi\u00e9n informaron haber sido sometidas a procedimientos que afectaron su dignidad y bienestar f\u00edsico\u00bb, denunci\u00f3.<\/p>\n<p>Las dos mujeres \u00abfirmaron un documento\u00bb para un procedimiento de deportaci\u00f3n expedita, a\u00f1adi\u00f3 Bogot\u00e1.<\/p>\n<p>La organizaci\u00f3n Reporteros Sin Fronteras (RSF) tambi\u00e9n indic\u00f3 que entre los detenidos hab\u00eda m\u00e1s de 20 periodistas de medios como el diario espa\u00f1ol El Pa\u00eds, la cadena catar\u00ed Al Jazeera y la televisi\u00f3n p\u00fablica italiana RAI.<\/p>\n<p>\u2013 Protestas globales \u2013<\/p>\n<p>La intercepci\u00f3n de la flotilla desencaden\u00f3 manifestaciones en Brasilia, Buenos Aires, Par\u00eds, Roma, T\u00fanez o Berl\u00edn.<\/p>\n<p>En Barcelona, desde donde parti\u00f3 el grupo de barcos, unas 15.000 personas marcharon cantando consignas como \u00abGaza, no est\u00e1s sola\u00bb, \u00abBoicot Israel\u00bb o \u00abLibertad para Palestina\u00bb.<\/p>\n<p>En Italia, cuyo gobierno hab\u00eda criticado a los integrantes del grupo, los sindicatos organizaron el viernes una huelga general que provoc\u00f3 cancelaciones y retrasos en la red ferroviaria.<\/p>\n<p>Israel ha tildado de antisemitas a algunos activistas, incluyendo a Thunberg, y el primer ministro, Benjamin Netanyahu, aplaudi\u00f3 la interceptaci\u00f3n de los buques.<\/p>\n<p>\u00abSu importante acci\u00f3n impidi\u00f3 que decenas de embarcaciones entraran en la zona de guerra y repeli\u00f3 una campa\u00f1a de deslegitimaci\u00f3n contra Israel\u00bb, dijo.<\/p>\n<p>El ataque de los comandos islamistas del 7 de octubre de 2023 provoc\u00f3 la muerte de 1.219 personas en Israel, mayoritariamente civiles, seg\u00fan un balance de la AFP basado en fuentes oficiales.\u00a0<\/p>\n<p>La ofensiva israel\u00ed en represalia ha matado a al menos 66.288 personas en la Franja de Gaza, tambi\u00e9n civiles en su mayor\u00eda, seg\u00fan los datos del Ministerio de Salud gazat\u00ed, gobernado por Ham\u00e1s, que la ONU considera fiables.\u00a0<\/p>\n<p>acc\/ser\/an\/pb\/dbh\/jvb\/arm\/ad<\/p>\n","protected":false},"excerpt":{"rendered":"afp_tickers Este contenido fue publicado en 04 octubre 2025 &#8211; 03:21 Israel deport\u00f3 el viernes a los primeros&hellip;\n","protected":false},"author":2,"featured_media":155864,"comment_status":"","ping_status":"","sticky":false,"template":"","format":"standard","meta":{"footnotes":""},"categories":[42],"tags":[635,17,18,636,83,13,14,11,61,62,63,86,64,19,20,9,10,15,16,88,90,12,21,22,65,66,67],"class_list":{"0":"post-155863","1":"post","2":"type-post","3":"status-publish","4":"format-standard","5":"has-post-thumbnail","7":"category-internacional","8":"tag-armed-conflict","9":"tag-breaking-news","10":"tag-breakingnews","11":"tag-conflict","12":"tag-diplomacy","13":"tag-featured-news","14":"tag-featurednews","15":"tag-headlines","16":"tag-internacional","17":"tag-international","18":"tag-international-news","19":"tag-international-relations","20":"tag-internationalnews","21":"tag-latest-news","22":"tag-latestnews","23":"tag-news","24":"tag-noticias","25":"tag-noticias-destacadas","26":"tag-noticiasdestacadas","27":"tag-politics","28":"tag-ticker","29":"tag-titulares","30":"tag-ultimas-noticias","31":"tag-ultimasnoticias","32":"tag-world","33":"tag-world-news","34":"tag-worldnews"},"share_on_mastodon":{"url":"","error":""},"_links":{"self":[{"href":"https:\/\/www.europesays.com\/es\/wp-json\/wp\/v2\/posts\/155863","targetHints":{"allow":["GET"]}}],"collection":[{"href":"https:\/\/www.europesays.com\/es\/wp-json\/wp\/v2\/posts"}],"about":[{"href":"https:\/\/www.europesays.com\/es\/wp-json\/wp\/v2\/types\/post"}],"author":[{"embeddable":true,"href":"https:\/\/www.europesays.com\/es\/wp-json\/wp\/v2\/users\/2"}],"replies":[{"embeddable":true,"href":"https:\/\/www.europesays.com\/es\/wp-json\/wp\/v2\/comments?post=155863"}],"version-history":[{"count":0,"href":"https:\/\/www.europesays.com\/es\/wp-json\/wp\/v2\/posts\/155863\/revisions"}],"wp:featuredmedia":[{"embeddable":true,"href":"https:\/\/www.europesays.com\/es\/wp-json\/wp\/v2\/media\/155864"}],"wp:attachment":[{"href":"https:\/\/www.europesays.com\/es\/wp-json\/wp\/v2\/media?parent=155863"}],"wp:term":[{"taxonomy":"category","embeddable":true,"href":"https:\/\/www.europesays.com\/es\/wp-json\/wp\/v2\/categories?post=155863"},{"taxonomy":"post_tag","embeddable":true,"href":"https:\/\/www.europesays.com\/es\/wp-json\/wp\/v2\/tags?post=155863"}],"curies":[{"name":"wp","href":"https:\/\/api.w.org\/{rel}","templated":true}]}}