{"id":155865,"date":"2025-10-04T02:44:09","date_gmt":"2025-10-04T02:44:09","guid":{"rendered":"https:\/\/www.europesays.com\/es\/155865\/"},"modified":"2025-10-04T02:44:09","modified_gmt":"2025-10-04T02:44:09","slug":"la-magna-dispositivo-especial-para-este-dia-historico-onda-cero-jaen","status":"publish","type":"post","link":"https:\/\/www.europesays.com\/es\/155865\/","title":{"rendered":"La Magna &#8211; Dispositivo especial para este d\u00eda hist\u00f3rico &#8211; Onda Cero Ja\u00e9n"},"content":{"rendered":"<ol>\n<li><a href=\"https:\/\/news.google.com\/rss\/articles\/CBMiXEFVX3lxTE5pcGUwUkRhdkVnRk13WmdOMjdPYWdCQ0xuRXo2NFEtalBKZ2VRcXpmSFdiVDVUNFJTNm1nZmxLLUZhaENnby1wTG1CTDJmYVcteFo4aU1iMDdfSjU4?oc=5\" target=\"_blank\" rel=\"nofollow noopener\">La Magna &#8211; Dispositivo especial para este d\u00eda hist\u00f3rico<\/a>&nbsp;&nbsp;Onda Cero Ja\u00e9n<\/li>\n<li><a href=\"https:\/\/news.google.com\/rss\/articles\/CBMi5wFBVV95cUxOR1ZqSzJrSmQzQXI2UXRReVZKZW1hcE80T1RGajJ0d0lpWUtCSGhzaFZIc2Q0XzFSTEUxRVR0TmdpU1JFZ1YzQzl5NWZwZ01KLXlmckM2YzllQ0RZdVY1QlhEakpiOXAzQXMxTzkyQlVPRmlsZUdsNHlWOTZhZVpTZ2piUHpfcW56a1pVUVZRTWh3YzVYYVYzTHEwelFvcHY4VWhtRzV5MXd2cDFWUXNWY2d2QjF1OF9zeFlaLWVXV0hLeVhacDdFMkZueUFvWlF0ek5jLS1CZWlpVXNyZzBOR1ppTks2ZTjSAewBQVVfeXFMTWFuWTVyR216THM0UTRwQ2NKTGxWSllmN01na1JWazQ2Wk4zRUxUR0d2VVFaaFVVUUo4SzB6bk9oTzUzN2Zaal9sWFhndkY5S0VhMXVoRkNVQzJDeE0yRHR1V2NGaWpFYkxManRYdlA0QlYyT1VEOFhVMFo2V1FUS0NYeXNLemFybWdjUWJJUjFUZG9NRG9kR3VCbUFvNlREWE1VRDZZRXhlek05dW9oR1gzWnUyRW9heFNPZDR5Z3gzYmh0TTBiXzdqOGgyajlMbzNvb3MtSGttWWx3RHFXM1ZpeG9mUmhtRm12TUc?oc=5\" target=\"_blank\" rel=\"nofollow noopener\">La procesi\u00f3n magna re\u00fane este s\u00e1bado en Ja\u00e9n a 20 de las im\u00e1genes m\u00e1s veneradas de la provincia<\/a>&nbsp;&nbsp;La Vanguardia<\/li>\n<li><a href=\"https:\/\/news.google.com\/rss\/articles\/CBMizAFBVV95cUxNYkMwc1VfSWlHSDEzRW1ONEZVSWFNZlZYam1ZbDJhYmxRWjd5OGZoSEJmRjJNQkwzM3lRSkJPN0REQ1V3c1lrS0otaTliX0pBcVRNSU8tbXU2cjJtNV9qcmlRa3B4RGpwNmdQZGZIS25zanY4a1AyYjlTQjh6aHJtS1V1T1pMM1hlWjJlVHo3cUZXTUxQRklmRG1wdG1KZlRzeVFzV2RMLW15enlRTjk3Tk1sN0ZQdmtlNERQM0thVUQ1ZE1TR0FFV2tVYU8?oc=5\" target=\"_blank\" rel=\"nofollow noopener\">As\u00ed ser\u00e1 el Rosario Magno, que muestra el mejor patrimonio sacro de Ja\u00e9n<\/a>&nbsp;&nbsp;Canal Sur<\/li>\n<li><a href=\"https:\/\/news.google.com\/rss\/articles\/CBMi2wFBVV95cUxNZVRCMlJCLVkwQW11c0hOY2FpaUdxaE5sdVBqdVZCbjcxNVNWRXBZTkpCMURGMDZjMFFyR3h2aFZJNmtWYVBVS1dtb1RlVXFXeGRPRThjYXFfZV9scDYwOGJOcGxsUXV1OVpVMU5fNHFXZ0VuaEE0TzYyTkR6Y21Sd1BrekRiYXpVdlkzbzBHbWhQQi1veFVfeldmTzEyQlVPbnhRVE1BOGxYV1hfc3pxenE1WUowOGM3SW1BNzJHZVZ1dHFrY0RKVHdBZW1zNTl3TDhreVdJOGc4MDTSAe8BQVVfeXFMT3NqMXVCWHpFZHg3UGpDN0VhbHl5ZjRYNndiWWVEOTBfS08ta2wzZWRudVMxbnp1OU13QkVMWk5uVWhScmxZN3ZMR0xfMXdPa29MR3VxSVBkVDVwdFNyMDFzcV9wR3dFcDlCR0VpN0JhREpTczg2VW1jeHpHOFRUQndYSFh2cmpOZm5iam5NTHJNbWpwNkZRQjRsLUxkeF9NZmtsUzNHdHhvYXpIMW05c0Z4TkNiQ1g5SUxXeDdOVEw0ZlBSWnJGOFN2akRaWGZwdnQ3QlVjZFhicGkwc0dNaDY1dGVlbmplam1qcTV2UzQ?oc=5\" target=\"_blank\" rel=\"nofollow noopener\">Procesi\u00f3n Magna Ja\u00e9n 2025: Estos son los itinerarios de ida y de vuelta del Rosario Magno<\/a>&nbsp;&nbsp;Cadena SER<\/li>\n<li><a href=\"https:\/\/news.google.com\/rss\/articles\/CBMi2wFBVV95cUxNNWQxbDlxdC1LTXlQODQzeFloVGtHeHZZUGh2WFpCOURuWDZCVTFyZXFTQk82NHEtMGVZZXBpMWdacXlyYWJ6LUN1aG5tdjVFQ1hETU9IYmYtYmZNd0hFaTBucFZrTjRpZWZMNzFfVWxaeW5ROFh3c3ZTSGQtbTc4cTV1NEVxRHI3UTM0LVg0d25aTVZnMkRGcWw4XzBIb2VITmU2T3VHdF9POF83YmpPYjhmMy1XV3RHazhOLXhMYXJnWDRDaWlfRkxaLS02anNkeEtJczh5cnZkaU3SAeABQVVfeXFMUGVGV3B0VkZsa3JScWdxOEVibS1KNVFUN09FQVA5UUhlUnNKVWZ3dEtFcThpSWxZclA4c3hJbUJOejRxTjdjQmpaX203d1FJWHJWaUhOYmRKbUg3YWNrYWkwVTZXY05jLXB1ZzVLeFF4YzB6ZkhOQ2ZFRjJNY3ItZEZEOUV4SHoyRTV4THNJWWFhTlhSN3NTV1lyYjZsOG5yN3gzazZfaHBKQlEzeGYyYzQzLV9WVERfNm1TU2tCTzJZcDdtOHpKSndLaGhlX2dQcHU5REpiSWRIVXVvSXJ5aEg?oc=5\" target=\"_blank\" rel=\"nofollow noopener\">13:33H | 03 OCT 2025 | EL ESPEJO EN MEDIODIA COPE EN JA\u00c9N<\/a>&nbsp;&nbsp;COPE<\/li>\n<\/ol>\n","protected":false},"excerpt":{"rendered":"La Magna &#8211; Dispositivo especial para este d\u00eda hist\u00f3rico&nbsp;&nbsp;Onda Cero Ja\u00e9n La procesi\u00f3n magna re\u00fane este s\u00e1bado en&hellip;\n","protected":false},"author":2,"featured_media":155866,"comment_status":"","ping_status":"","sticky":false,"template":"","format":"standard","meta":{"footnotes":""},"categories":[8],"tags":[17,18,25,24,13,14,11,19,20,9,10,15,16,23,12,21,22],"class_list":{"0":"post-155865","1":"post","2":"type-post","3":"status-publish","4":"format-standard","5":"has-post-thumbnail","7":"category-espana","8":"tag-breaking-news","9":"tag-breakingnews","10":"tag-es","11":"tag-espana","12":"tag-featured-news","13":"tag-featurednews","14":"tag-headlines","15":"tag-latest-news","16":"tag-latestnews","17":"tag-news","18":"tag-noticias","19":"tag-noticias-destacadas","20":"tag-noticiasdestacadas","21":"tag-spain","22":"tag-titulares","23":"tag-ultimas-noticias","24":"tag-ultimasnoticias"},"share_on_mastodon":{"url":"","error":""},"_links":{"self":[{"href":"https:\/\/www.europesays.com\/es\/wp-json\/wp\/v2\/posts\/155865","targetHints":{"allow":["GET"]}}],"collection":[{"href":"https:\/\/www.europesays.com\/es\/wp-json\/wp\/v2\/posts"}],"about":[{"href":"https:\/\/www.europesays.com\/es\/wp-json\/wp\/v2\/types\/post"}],"author":[{"embeddable":true,"href":"https:\/\/www.europesays.com\/es\/wp-json\/wp\/v2\/users\/2"}],"replies":[{"embeddable":true,"href":"https:\/\/www.europesays.com\/es\/wp-json\/wp\/v2\/comments?post=155865"}],"version-history":[{"count":0,"href":"https:\/\/www.europesays.com\/es\/wp-json\/wp\/v2\/posts\/155865\/revisions"}],"wp:featuredmedia":[{"embeddable":true,"href":"https:\/\/www.europesays.com\/es\/wp-json\/wp\/v2\/media\/155866"}],"wp:attachment":[{"href":"https:\/\/www.europesays.com\/es\/wp-json\/wp\/v2\/media?parent=155865"}],"wp:term":[{"taxonomy":"category","embeddable":true,"href":"https:\/\/www.europesays.com\/es\/wp-json\/wp\/v2\/categories?post=155865"},{"taxonomy":"post_tag","embeddable":true,"href":"https:\/\/www.europesays.com\/es\/wp-json\/wp\/v2\/tags?post=155865"}],"curies":[{"name":"wp","href":"https:\/\/api.w.org\/{rel}","templated":true}]}}