{"id":155867,"date":"2025-10-04T02:45:16","date_gmt":"2025-10-04T02:45:16","guid":{"rendered":"https:\/\/www.europesays.com\/es\/155867\/"},"modified":"2025-10-04T02:45:16","modified_gmt":"2025-10-04T02:45:16","slug":"el-gobierno-de-espana-asigna-seis-millones-de-euros-de-fondos-europeos-para-proyectos-en-aracena-y-su-comarca","status":"publish","type":"post","link":"https:\/\/www.europesays.com\/es\/155867\/","title":{"rendered":"El Gobierno de Espa\u00f1a asigna seis millones de euros de fondos europeos para proyectos en Aracena y su comarca"},"content":{"rendered":"<p>\t\t<a href=\"https:\/\/www.aracena.es\/export\/sites\/aracena\/es\/.galleries\/julio-2025\/Aracena-Castillo-web.JPG\" title=\"\" class=\"wrapper-image zoom-filter \" rel=\"prettyPhoto[gallery1] nofollow noopener\" target=\"_blank\">\t\t\t<\/p>\n<p>\t\t\t\t\t\t<img loading=\"lazy\" decoding=\"async\" class=\"img-responsive\" src=\"https:\/\/www.europesays.com\/es\/wp-content\/uploads\/2025\/10\/Aracena-Castillo-web.JPG_365317840.jpg\" width=\"3543\" height=\"2362\" title=\"Aracena Castillo web\" alt=\"Aracena Castillo web\"\/><\/p>\n<p>\t\t\t\t<\/a><\/p>\n<p align=\"justify\">El Ministerio de Hacienda ha publicado en el BOE de hoy la resoluci\u00f3n por la que se resuelve la convocatoria de ayudas del Plan EDIL, enmarcadas en el Fondo Europeo de Desarrollo Regional (FEDER) correspondiente al periodo 2021-2027 y destinadas a las Entidades Locales para promover el desarrollo sostenible desde una triple perspectiva medioambiental, econ\u00f3mica y social, asignando 1.774 millones de euros a 242 proyectos para actuaciones en 971 municipios de toda Espa\u00f1a, la mayor\u00eda de menos de 10.000 habitantes.<\/p>\n<p>Entre los proyectos aprobados est\u00e1 el Plan de Actuaci\u00f3n Integrada (PAI) del \u00c1rea Urbana Funcional de Aracena, que se ha solicitado a trav\u00e9s de la Diputaci\u00f3n de Huelva con el consenso de los diferentes ayuntamientos, y que se ha podido presentar al contar, al menos, con un municipio con una poblaci\u00f3n superior a 5.000 habitantes (en este caso la propia Aracena, que act\u00faa de cabecera comarcal).<\/p>\n<p>El presupuesto aprobado para dicho plan es de 7.028.767 euros, de los cuales el Gobierno de Espa\u00f1a financiar\u00e1 con Fondos FEDER el 85% (5.974.452 euros), aportando los respectivos ayuntamientos el 15% restante en funci\u00f3n de las actuaciones que se ejecuten en sus municipios. En ese sentido, Aracena, en atenci\u00f3n a su mayor poblaci\u00f3n, ser\u00e1 el municipio al que se le asignen m\u00e1s recursos y que tambi\u00e9n tendr\u00e1 que hacer una mayor aportaci\u00f3n municipal.<\/p>\n<p>Entre las iniciativas presentadas por el Ayuntamiento de Aracena para su financiaci\u00f3n con este plan est\u00e1n la mejora de redes para el abastecimiento de agua, la regeneraci\u00f3n y mejora de la accesibilidad en la antigua traves\u00eda y la rehabilitaci\u00f3n del antiguo edificio de la Fundaci\u00f3n Angeles Mart\u00edn Carne para la prestaci\u00f3n de servicios sociosanitarios y sede de asociaciones.<\/p>\n<p align=\"justify\">En el conjunto de Andaluc\u00eda se han aprobado 83 proyectos EDIL que beneficiar\u00e1n a 358 municipios andaluces con una financiaci\u00f3n de 735 millones de euros, siendo la comunidad que recibir\u00e1 m\u00e1s recursos y con m\u00e1s proyectos aprobados. De ellos, 8 corresponden a la provincia de Huelva, con una financiaci\u00f3n de 65,7 millones de euros que beneficiar\u00e1n a 61 municipios de la provincia.<\/p>\n","protected":false},"excerpt":{"rendered":"El Ministerio de Hacienda ha publicado en el BOE de hoy la resoluci\u00f3n por la que se resuelve&hellip;\n","protected":false},"author":2,"featured_media":155868,"comment_status":"","ping_status":"","sticky":false,"template":"","format":"standard","meta":{"footnotes":""},"categories":[5],"tags":[17,18,25,24,13,14,11,19,20,9,10,15,16,23,12,21,22],"class_list":{"0":"post-155867","1":"post","2":"type-post","3":"status-publish","4":"format-standard","5":"has-post-thumbnail","7":"category-titulares","8":"tag-breaking-news","9":"tag-breakingnews","10":"tag-es","11":"tag-espana","12":"tag-featured-news","13":"tag-featurednews","14":"tag-headlines","15":"tag-latest-news","16":"tag-latestnews","17":"tag-news","18":"tag-noticias","19":"tag-noticias-destacadas","20":"tag-noticiasdestacadas","21":"tag-spain","22":"tag-titulares","23":"tag-ultimas-noticias","24":"tag-ultimasnoticias"},"share_on_mastodon":{"url":"","error":""},"_links":{"self":[{"href":"https:\/\/www.europesays.com\/es\/wp-json\/wp\/v2\/posts\/155867","targetHints":{"allow":["GET"]}}],"collection":[{"href":"https:\/\/www.europesays.com\/es\/wp-json\/wp\/v2\/posts"}],"about":[{"href":"https:\/\/www.europesays.com\/es\/wp-json\/wp\/v2\/types\/post"}],"author":[{"embeddable":true,"href":"https:\/\/www.europesays.com\/es\/wp-json\/wp\/v2\/users\/2"}],"replies":[{"embeddable":true,"href":"https:\/\/www.europesays.com\/es\/wp-json\/wp\/v2\/comments?post=155867"}],"version-history":[{"count":0,"href":"https:\/\/www.europesays.com\/es\/wp-json\/wp\/v2\/posts\/155867\/revisions"}],"wp:featuredmedia":[{"embeddable":true,"href":"https:\/\/www.europesays.com\/es\/wp-json\/wp\/v2\/media\/155868"}],"wp:attachment":[{"href":"https:\/\/www.europesays.com\/es\/wp-json\/wp\/v2\/media?parent=155867"}],"wp:term":[{"taxonomy":"category","embeddable":true,"href":"https:\/\/www.europesays.com\/es\/wp-json\/wp\/v2\/categories?post=155867"},{"taxonomy":"post_tag","embeddable":true,"href":"https:\/\/www.europesays.com\/es\/wp-json\/wp\/v2\/tags?post=155867"}],"curies":[{"name":"wp","href":"https:\/\/api.w.org\/{rel}","templated":true}]}}