{"id":155869,"date":"2025-10-04T02:55:22","date_gmt":"2025-10-04T02:55:22","guid":{"rendered":"https:\/\/www.europesays.com\/es\/155869\/"},"modified":"2025-10-04T02:55:22","modified_gmt":"2025-10-04T02:55:22","slug":"si-me-llegas-a-decir-hace-anos-que-iba-a-vivir-alli-te-digo-tu-estas-pirado-de-la-cabeza-ahora-es-lo-que-necesito","status":"publish","type":"post","link":"https:\/\/www.europesays.com\/es\/155869\/","title":{"rendered":"Si me llegas a decir hace a\u00f1os que iba a vivir all\u00ed, te digo t\u00fa est\u00e1s pirado de la cabeza. Ahora es lo que necesito"},"content":{"rendered":"<p><strong>Fernando Tejero<\/strong> es uno de los actores m\u00e1s conocidos y queridos de nuestro pa\u00eds. Aunque hace ya 22 a\u00f1os que se estren\u00f3 la serie \u2018<strong>Aqu\u00ed no hay quien viva<\/strong>\u2019, en la que daba vida al portero Emilio, este papel sigue siendo muy recordado por los amantes de la ficci\u00f3n. De ah\u00ed que cada vez que Fernando hace alguna aparici\u00f3n o <a href=\"https:\/\/www.lecturas.com\/actualidad\/fernando-tejero-revienta-masterchef-celebrity-me-decian-que-tenia-que-decir_182026\" rel=\"nofollow noopener\" target=\"_blank\">concede alguna entrevista<\/a>, haya inter\u00e9s por saber de \u00e9l.<\/p>\n<p>Ahora, se encuentra en plena promoci\u00f3n de<strong> la pel\u00edcula \u2018El Cautivo\u2019.<\/strong> Fernando Tejero forma parte del casting de la \u00faltima cinta de Alejandro Amen\u00e1bar y est\u00e1 con una agenda de lo m\u00e1s ajetreada. Son d\u00edas en los que no deja de conceder <a href=\"https:\/\/www.lecturas.com\/actualidad\/fernando-tejero-sobre-su-amistad-pablo-castellano-papel-maria-pombo-no-admiten-que-gay-puede-tener-amigos-heterosexuales_181999\" rel=\"nofollow noopener\" target=\"_blank\">entrevistas en diferentes medios de comunicaci\u00f3n<\/a> y en diferentes soportes, y en los que no deja de acudir a eventos con los que dar visibilidad <strong>a esta cinta.<\/strong><\/p>\n<p><img loading=\"lazy\" decoding=\"async\"   src=\"https:\/\/www.europesays.com\/es\/wp-content\/uploads\/2025\/10\/fernando-tejero_df71a5bd_251001113634_1200x1800.webp.webp\" alt=\"Fernando Tejero\" class=\"lazyload\" width=\"1200\" height=\"1800\" data-aspectratio=\"1200\/1800\"\/><\/p>\n<p>Fernando Tejero se encuentra en plena promoci\u00f3n de la pel\u00edcula &#8216;El Cautivo&#8217;, de ah\u00ed su agenda tan ajetreada.<\/p>\n<p>&#13;Gtres<br \/>\nFernando Tejero habla de la raz\u00f3n de su mudanza<\/p>\n<p>Jornadas de las que <strong>descansa en su casa, su gran refugio<\/strong> y ubicada en un lugar en el que puede huir a la perfecci\u00f3n del ruido de la capital. Fernando Tejero tom\u00f3 hace un tiempo la decisi\u00f3n de mudarse<strong> a El Escorial<\/strong>. El actor cordob\u00e9s ten\u00eda un piso ubicado en el centro de Madrid, algo que no est\u00e1 al alcance de muchos, pero del que \u00e9l quiso marcharse ya que para \u00e9l prima m\u00e1s la tranquilidad y la naturaleza que el hecho de estar en pleno centro de una gran ciudad y muy cerca de un lugar tan emblem\u00e1tico como la Plaza Mayor.<\/p>\n<p><img loading=\"lazy\" decoding=\"async\"   src=\"https:\/\/www.europesays.com\/es\/wp-content\/uploads\/2025\/10\/fernando-tejero_eacdbca4_251001114932_1200x811.webp.webp\" alt=\"Fernando Tejero\" class=\"lazyload\" width=\"1200\" height=\"811\" data-aspectratio=\"1200\/811\"\/><\/p>\n<p>El int\u00e9rprete decidi\u00f3 dejar el piso en el que viv\u00eda en pleno centro de Madrid para mudarse a El Escorial.<\/p>\n<p>&#13;Gtres<\/p>\n<p>Tal y como cont\u00f3 hace unos d\u00edas durante su visita al programa de La 1 \u2018La Revuelta\u2019, es en esa localidad madrile\u00f1a donde vive. Un lugar que est\u00e1 a<strong> algo menos de una hora en coche de Madrid <\/strong>y en el que es feliz junto a sus perras. Para \u00e9l, una buena decisi\u00f3n sobre la que se reiter\u00f3 el pasado domingo en el podcast &#8216;Poco se habla&#8217;. Cuando los presentadores Ana Brito y Xuso Jones le hablaron de la fama y de c\u00f3mo la gente se le acerca, \u00e9l respondi\u00f3 que \u00abpor eso <strong>me he ido a vivir al campo<\/strong>. Me he ido a El Escorial porque yo <strong>viv\u00eda en \u00d3pera<\/strong>. Si me llegas a decir hace doce a\u00f1os que iba a vivir all\u00ed, yo te digo t\u00fa est\u00e1s pirado de la cabeza. Pero ahora es lo que necesito\u00bb.<\/p>\n<p><img loading=\"lazy\" decoding=\"async\"   src=\"https:\/\/www.europesays.com\/es\/wp-content\/uploads\/2025\/10\/fernando-tejero_afd8b027_251001115944_1200x661.webp.webp\" alt=\"Fernando Tejero\" class=\"lazyload\" width=\"1200\" height=\"661\" data-aspectratio=\"1200\/661\"\/><\/p>\n<p>En una de sus \u00faltimas entrevistas, aseguraba que hace unos a\u00f1os no se imaginaba viviendo en el campo.<\/p>\n<p>&#13;Poco se habla<\/p>\n<p>\u00ab<strong>El ruido ambiental<\/strong> es algo que me empez\u00f3 a afectar. Sales a la calle y te sientes observado&#8230; Entonces bueno, uno no se termina nunca de acostumbrar a la fama porque es algo que no has decidido. Soy consciente de a lo que me dedico pero no terminas de acostumbrarte nunca\u00bb, aseguraba en la entrevista sobre los <strong>motivos de su mudanza.<\/strong><\/p>\n<p>Adem\u00e1s, a nivel trabajo es algo que<strong> le resulta c\u00f3modo.<\/strong> \u00abCasi todos los plat\u00f3s de las series est\u00e1n fuera de Madrid y vuelvo a dormir a casa porque como estoy en mi casa no estoy en ning\u00fan sitio. Ni en el mejor hotel del mundo\u00bb, aseguraba. Hoteles sobre los que contaba que cuando tiene que estar varios meses fuera de casa por trabajo, pide alojarse en una casa y no en un hotel.<\/p>\n<p><img loading=\"lazy\" decoding=\"async\"   src=\"https:\/\/www.europesays.com\/es\/wp-content\/uploads\/2025\/10\/fernado-tejero-poco-se-habla_c866ca98_251001120312_1200x648.webp.webp\" alt=\"Fernado Tejero poco se habla\" class=\"lazyload\" width=\"1200\" height=\"648\" data-aspectratio=\"1200\/648\"\/><\/p>\n<p>Fernando, cuando trabaja fuera durante varios meses, pone como requisito alojarse en una casa en vez de en un hotel.<\/p>\n<p>&#13;Poco se habla<br \/>\nAlgunos detalles de su casa<\/p>\n<p>Aunque Fernando es muy discreto con su vida privada, puntualmente s\u00ed que publica en <strong>Instagram <\/strong>alguna publicaci\u00f3n con sus fieles amigas y mostr\u00e1ndose<strong> feliz en pleno campo.<\/strong> \u00abYo enfrente tengo un bosque, hace unos a\u00f1os ni lo hubiera pensado porque era urbanita, me gustaba la gente, el ruido. Pero ahora cero\u00bb, contaba en El Escorial sobre c\u00f3mo tiene un bosque nada m\u00e1s salir de la calle.<\/p>\n<p><img loading=\"lazy\" decoding=\"async\"   src=\"https:\/\/www.europesays.com\/es\/wp-content\/uploads\/2025\/10\/fernando-tejero_59e9f5e5_251001115151_1200x1488.webp.webp\" alt=\"Fernando Tejero\" class=\"lazyload\" width=\"1200\" height=\"1488\" data-aspectratio=\"1200\/1488\"\/><\/p>\n<p>Tiene su casa en plena naturaleza y el estilo r\u00fastico est\u00e1 muy presente en su vivienda.<\/p>\n<p>&#13;@fernando_tejero<\/p>\n<p>De hecho, hace un tiempo lleg\u00f3 a escribir junto a una de sus im\u00e1genes que\u00a0\u00ablas hojas de mi casa se enrojecen en oto\u00f1o. Naturaleza hermosa, qu\u00e9 bello es disfrutarte\u201d. La clara muestra de c\u00f3mo <strong>en su propio hogar encuentra el mejor lugar<\/strong> para disfrutar de esa naturaleza que tanta paz le aporta y que tanto le gusta.\u00a0<\/p>\n<p>Adem\u00e1s, en su casa tambi\u00e9n est\u00e1 presente <strong>el estilo rural <\/strong>con el que \u00e9l desconecta m\u00e1s si cabe del estr\u00e9s. Elementos de estilo r\u00fastico que se combinan con detalles de lo m\u00e1s actuales con los que logra un resultado moderno sin perder ese toque relacionado con la naturaleza que a \u00e9l tanto le gusta.<\/p>\n<p><strong>Sobre el precio de la vivienda<\/strong>, es algo que se desconoce. Pero lo que s\u00ed se sabe es la solvencia de Fernando para poder permitirse un casopl\u00f3n as\u00ed. En su reciente entrevista en &#8216;La Revuelta&#8217;, le dijo al presentador David Broncano sobre cu\u00e1nto dinero tiene en el banco que el a\u00f1o pasado \u201cdije mill\u00f3n y medio, pues ahora a lo mejor tengo 1.250.000 euros<strong>\u201d.<\/strong><\/p>\n<p><img loading=\"lazy\" decoding=\"async\"   src=\"https:\/\/www.europesays.com\/es\/wp-content\/uploads\/2025\/10\/fernando-tejero_ddb9fde2_251001120145_1200x672.webp.webp\" alt=\"Fernando Tejero\" class=\"lazyload\" width=\"1200\" height=\"672\" data-aspectratio=\"1200\/672\"\/><\/p>\n<p>Fernando cont\u00f3 en &#8216;La Revuelta&#8217; que tiene m\u00e1s de un mill\u00f3n de euros.<\/p>\n<p>&#13;TVE<br \/>\nLas recientes declaraciones de Fernando Tejero que han tra\u00eddo cola<\/p>\n<p>Es desde la tranquilidad de esa casa desde donde Fernando Tejero est\u00e1 viendo <strong>el revuelo que han causado<\/strong> algunas de sus \u00faltimas declaraciones. En el citado podcast, el int\u00e9rprete abord\u00f3 varias cuestiones, pero hubo dos que fueron especialmente sonadas.<\/p>\n<p><img loading=\"lazy\" decoding=\"async\"   src=\"https:\/\/www.europesays.com\/es\/wp-content\/uploads\/2025\/10\/fernando-tejero_b3b904f4_251001113721_1200x658.webp.webp\" alt=\"Fernando Tejero \" class=\"lazyload\" width=\"1200\" height=\"658\" data-aspectratio=\"1200\/658\"\/><\/p>\n<p>Fernando Tejero ha confesado que no quer\u00eda participar en &#8216;MasterChef Celebrity&#8217;.<\/p>\n<p>&#13;&#8217;Nadie sabe nada&#8217;<\/p>\n<p>Una tiene que ver con<strong> su paso por \u2018MasterChef Celebrity\u2019<\/strong>. Fernando Tejero no tiene el mejor de los recuerdos de esta experiencia televisiva. Durante su entrevista en el citado podcast, contaba que \u00e9l no estaba convencido de ir, pero que su amistad con alguien cercano a la direcci\u00f3n del programa y con algunos de sus compa\u00f1eros, hicieron que dijera que s\u00ed a la propuesta.<\/p>\n<p><img loading=\"lazy\" decoding=\"async\"   src=\"https:\/\/www.europesays.com\/es\/wp-content\/uploads\/2025\/10\/fernando-tejero_63404093_251001113822_1200x959.webp.webp\" alt=\"Fernando Tejero \" class=\"lazyload\" width=\"1200\" height=\"959\" data-aspectratio=\"1200\/959\"\/><\/p>\n<p>Fernando Tejero ha contado que en &#8216;MasterChef Celebrity&#8217; recib\u00eda \u00f3rdenes por el pinganillo.<\/p>\n<p>&#13;TVE<\/p>\n<p>Sobre c\u00f3mo a muchos le dio la sensaci\u00f3n de que era una persona borde debido a sus respuestas durante el concurso de cocina, Fernando Tejero hac\u00eda una confesi\u00f3n de lo m\u00e1s sonada. <strong>\u201cEl &#8216;Celebrity&#8217; est\u00e1 guionizado.<\/strong> A m\u00ed me dec\u00edan por el pinganillo &#8216;dale ca\u00f1a a Loles\u2019\u201d, aseguraba sobre c\u00f3mo llevaba un pinganillo por el que le dec\u00edan c\u00f3mo ten\u00eda que actuar.\u00a0<\/p>\n<p>Una experiencia sobre la que Fernando Tejero a\u00f1ad\u00eda que \u201ccuando pusieron el primer cap\u00edtulo en emisi\u00f3n iba vi\u00e9ndolo mientras le\u00eda las redes\u00a0y a m\u00ed me dio ansiedad. Dec\u00edan que era un borde, un mierd*&#8230; Y sobre todo porque es mentira. Tengo mi genio como cualquiera, pero ah\u00ed es como lo montan en edici\u00f3n.<strong> No lo quise ver m\u00e1s\u201d.<\/strong><\/p>\n<p><img loading=\"lazy\" decoding=\"async\"   src=\"https:\/\/www.europesays.com\/es\/wp-content\/uploads\/2025\/10\/fernando-tejero_b6c0833e_251001114736_1200x666.webp.webp\" alt=\"Fernando Tejero\" class=\"lazyload\" width=\"1200\" height=\"666\" data-aspectratio=\"1200\/666\"\/><\/p>\n<p>Fernando Tejero no guarda buen recuerdo de su participaci\u00f3n en el concurso de cocina.<\/p>\n<p>&#13;La 1<\/p>\n<p>El otro asunto comentado de su entrevista, es el de las declaraciones sobre su amistad con Pablo Castellano y la reacci\u00f3n que Mar\u00eda Pombo tuvo en su d\u00eda. Tejero recordaba en el podcast que <strong>\u201cme relacionaron con Pablo Castellano.<\/strong>\u00a0Estando embarazada Mar\u00eda dijeron \u2018finaliza la extra\u00f1a relaci\u00f3n entre Fernando Tejero y Pablo Castellano\u2019\u2026 Daban a entender que hab\u00edan estado liados\u201d.<\/p>\n<p><img loading=\"lazy\" decoding=\"async\"   src=\"https:\/\/www.europesays.com\/es\/wp-content\/uploads\/2025\/10\/fernando-tejero_2ff1e713_251001114615_1200x2025.webp.webp\" alt=\"Fernando Tejero\" class=\"lazyload\" width=\"1200\" height=\"2025\" data-aspectratio=\"1200\/2025\"\/><\/p>\n<p>El cordob\u00e9s record\u00f3 c\u00f3mo muchos llegaron a pensar que Pablo Castellano y \u00e9l eran pareja.<\/p>\n<p>&#13;Poco se habla<br \/>\n<img decoding=\"async\" src=\"https:\/\/www.europesays.com\/es\/wp-content\/uploads\/2025\/10\/1759535661_791_carlo-costanzia_38bef766_008_251003175626_800x800.webp.webp\" alt=\"Carlo Costanzia\" class=\"image lazyload\"\/><img loading=\"lazy\" decoding=\"async\" src=\"https:\/\/www.europesays.com\/es\/wp-content\/uploads\/2025\/10\/1759535661_471_carlo-costanzia_38bef766_008_251003175629_1280x720.webp.webp\" alt=\"Carlo Costanzia rompe su silencio en '\u00a1De Viernes!' sobre las memorias de su madre, Mar Flores: &quot;Esto ha sido un tsunami&quot;\" class=\"image lazyload\" width=\"1280\" height=\"720\" data-aspectratio=\"1280\/720\"\/><\/p>\n<p>Entonces, <strong>hac\u00eda referencia a que Mar\u00eda Pombo<\/strong> dijo \u00ab\u2018Yo pensaba que Pablo era gay porque amigo de Fernando Tejero\u2019\u201d. Una postura la de la influencer sobre la que el actor andaluz asegur\u00f3 que \u201cla verdad es que bueno, eso\u2026 A Pablo le quiero mucho, pero es para hac\u00e9rselo mirar\u2026 No admiten que un gay puede tener amigos heterosexualeses, o al contrario.\u00a0Es una cosa, por desgracia, educacional\u201d.<\/p>\n","protected":false},"excerpt":{"rendered":"Fernando Tejero es uno de los actores m\u00e1s conocidos y queridos de nuestro pa\u00eds. Aunque hace ya 22&hellip;\n","protected":false},"author":2,"featured_media":155870,"comment_status":"","ping_status":"","sticky":false,"template":"","format":"standard","meta":{"footnotes":""},"categories":[174],"tags":[255,146,147,25,24,256,23],"class_list":{"0":"post-155869","1":"post","2":"type-post","3":"status-publish","4":"format-standard","5":"has-post-thumbnail","7":"category-famosos","8":"tag-celebrities","9":"tag-entertainment","10":"tag-entretenimiento","11":"tag-es","12":"tag-espana","13":"tag-famosos","14":"tag-spain"},"share_on_mastodon":{"url":"","error":""},"_links":{"self":[{"href":"https:\/\/www.europesays.com\/es\/wp-json\/wp\/v2\/posts\/155869","targetHints":{"allow":["GET"]}}],"collection":[{"href":"https:\/\/www.europesays.com\/es\/wp-json\/wp\/v2\/posts"}],"about":[{"href":"https:\/\/www.europesays.com\/es\/wp-json\/wp\/v2\/types\/post"}],"author":[{"embeddable":true,"href":"https:\/\/www.europesays.com\/es\/wp-json\/wp\/v2\/users\/2"}],"replies":[{"embeddable":true,"href":"https:\/\/www.europesays.com\/es\/wp-json\/wp\/v2\/comments?post=155869"}],"version-history":[{"count":0,"href":"https:\/\/www.europesays.com\/es\/wp-json\/wp\/v2\/posts\/155869\/revisions"}],"wp:featuredmedia":[{"embeddable":true,"href":"https:\/\/www.europesays.com\/es\/wp-json\/wp\/v2\/media\/155870"}],"wp:attachment":[{"href":"https:\/\/www.europesays.com\/es\/wp-json\/wp\/v2\/media?parent=155869"}],"wp:term":[{"taxonomy":"category","embeddable":true,"href":"https:\/\/www.europesays.com\/es\/wp-json\/wp\/v2\/categories?post=155869"},{"taxonomy":"post_tag","embeddable":true,"href":"https:\/\/www.europesays.com\/es\/wp-json\/wp\/v2\/tags?post=155869"}],"curies":[{"name":"wp","href":"https:\/\/api.w.org\/{rel}","templated":true}]}}