{"id":155871,"date":"2025-10-04T02:58:14","date_gmt":"2025-10-04T02:58:14","guid":{"rendered":"https:\/\/www.europesays.com\/es\/155871\/"},"modified":"2025-10-04T02:58:14","modified_gmt":"2025-10-04T02:58:14","slug":"llego-un-punto-en-que-no-podia-mas-me-hacian-cortar-una-prueba-para-ir-a-publicidad","status":"publish","type":"post","link":"https:\/\/www.europesays.com\/es\/155871\/","title":{"rendered":"Lleg\u00f3 un punto en que no pod\u00eda m\u00e1s, me hac\u00edan cortar una prueba para ir a publicidad"},"content":{"rendered":"<p class=\"ft-text\"><strong>Jordi Gonz\u00e1lez es uno de los presentadores de televisi\u00f3n m\u00e1s destacados de Espa\u00f1a<\/strong>. El periodista ha presentado programas de entretenimiento y debate, como &#8216;Gran Hermano&#8217;, &#8216;Moros y Cristianos&#8217; o &#8216;Vitamina N&#8217;, entre otros muchos. Ahora, el presentador de televisi\u00f3n est\u00e1 al mando de &#8216;Col\u00b7lapse&#8217;, siendo el sustituto de Ricard Ustrell.<\/p>\n<p class=\"ft-text\">El barcelon\u00e9s regres\u00f3 a la televisi\u00f3n despu\u00e9s de superar una enfermedad grave, una neumon\u00eda bilateral agravada por una crisis renal, que lo mantuvo apartado del foco medi\u00e1tico durante un tiempo. Curiosidades de la vida,<strong> fue precisamente en &#8216;Col\u00b7lapse&#8217; donde <\/strong><a class=\"ft-link ft-link--decoration\" href=\"https:\/\/www.sport.es\/es\/noticias\/actualidad\/jordi-gonzalez-desvela-estuvo-punto-118372883\" rel=\"nofollow noopener\" target=\"_blank\">c<\/a><a class=\"ft-link ft-link--decoration\" href=\"https:\/\/www.sport.es\/es\/noticias\/actualidad\/jordi-gonzalez-desvela-estuvo-punto-118372883\" rel=\"nofollow noopener\" target=\"_blank\">ont\u00f3 todo lo que hab\u00eda pasado<\/a>.<\/p>\n<p class=\"ft-text\">El presentador de televisi\u00f3n arranc\u00f3 ayer su nueva etapa en la Televisi\u00f3n de Catalu\u00f1a (TV3). Con el objetivo de promocionar su estreno en &#8216;Col\u00b7lapse&#8217;, acudi\u00f3 a los micr\u00f3fonos de RAC1, <strong>donde dej\u00f3 una reflexi\u00f3n sobre su pasado en Mediaset<\/strong>.<\/p>\n<p class=\"ft-text\">El de Barcelona asegur\u00f3 que \u00abcon el tiempo, las empresas redujeron los presupuestos, las productoras tienen menos dinero, aquellos directores de categor\u00eda ya no est\u00e1n, <strong>empiezan a contratar personas con menos experiencia<\/strong>\u00ab.<\/p>\n<p class=\"ft-text\">\u00ab<strong>Llega un d\u00eda en que tienes becarios o gente que lleva solo seis meses en la televisi\u00f3n dirigi\u00e9ndote<\/strong>\u00ab, coment\u00f3. Una situaci\u00f3n que no ocurr\u00eda cuando \u00e9l empez\u00f3 en la televisi\u00f3n.<\/p>\n<p class=\"ft-text\">No obstante, es consciente de que hay que dar paso a los j\u00f3venes, pero revel\u00f3 que es importante contar con trabajadores veteranos, <strong>ya que los j\u00f3venes no tienen esa capacidad de improvisar<\/strong>.<\/p>\n<p class=\"ft-text\">\u00ab<strong>Lleg\u00f3 un punto en que no pod\u00eda m\u00e1s, me hac\u00edan cortar una prueba para ir a publicidad<\/strong>. Dejas a la gente sin saber qu\u00e9 pasar\u00e1\u00bb, coment\u00f3 sobre una de sus \u00faltimas emisiones como presentador de &#8216;Supervivientes&#8217;.<\/p>\n<p>Buenos datos de audiencia<\/p>\n<p class=\"ft-text\">En su estreno, <strong>Jordi Gonz\u00e1lez logr\u00f3 un 15,4 % de cuota de pantalla y una media de 183.000 espectadores<\/strong>. Unos datos que confirman que el cambio de presentador no ha sido perjudicial. Habr\u00e1 que estar atentos a las pr\u00f3ximas emisiones.<\/p>\n","protected":false},"excerpt":{"rendered":"Jordi Gonz\u00e1lez es uno de los presentadores de televisi\u00f3n m\u00e1s destacados de Espa\u00f1a. El periodista ha presentado programas&hellip;\n","protected":false},"author":2,"featured_media":155872,"comment_status":"","ping_status":"","sticky":false,"template":"","format":"standard","meta":{"footnotes":""},"categories":[171],"tags":[146,147,25,24,46699,2313,5976,12833,17359,23,3947,214],"class_list":{"0":"post-155871","1":"post","2":"type-post","3":"status-publish","4":"format-standard","5":"has-post-thumbnail","7":"category-tv","8":"tag-entertainment","9":"tag-entretenimiento","10":"tag-es","11":"tag-espana","12":"tag-expresentador","13":"tag-fuera-de-juego","14":"tag-gonzalez","15":"tag-jordi","16":"tag-llego","17":"tag-spain","18":"tag-supervivientes","19":"tag-tv"},"share_on_mastodon":{"url":"","error":""},"_links":{"self":[{"href":"https:\/\/www.europesays.com\/es\/wp-json\/wp\/v2\/posts\/155871","targetHints":{"allow":["GET"]}}],"collection":[{"href":"https:\/\/www.europesays.com\/es\/wp-json\/wp\/v2\/posts"}],"about":[{"href":"https:\/\/www.europesays.com\/es\/wp-json\/wp\/v2\/types\/post"}],"author":[{"embeddable":true,"href":"https:\/\/www.europesays.com\/es\/wp-json\/wp\/v2\/users\/2"}],"replies":[{"embeddable":true,"href":"https:\/\/www.europesays.com\/es\/wp-json\/wp\/v2\/comments?post=155871"}],"version-history":[{"count":0,"href":"https:\/\/www.europesays.com\/es\/wp-json\/wp\/v2\/posts\/155871\/revisions"}],"wp:featuredmedia":[{"embeddable":true,"href":"https:\/\/www.europesays.com\/es\/wp-json\/wp\/v2\/media\/155872"}],"wp:attachment":[{"href":"https:\/\/www.europesays.com\/es\/wp-json\/wp\/v2\/media?parent=155871"}],"wp:term":[{"taxonomy":"category","embeddable":true,"href":"https:\/\/www.europesays.com\/es\/wp-json\/wp\/v2\/categories?post=155871"},{"taxonomy":"post_tag","embeddable":true,"href":"https:\/\/www.europesays.com\/es\/wp-json\/wp\/v2\/tags?post=155871"}],"curies":[{"name":"wp","href":"https:\/\/api.w.org\/{rel}","templated":true}]}}