{"id":155873,"date":"2025-10-04T02:59:21","date_gmt":"2025-10-04T02:59:21","guid":{"rendered":"https:\/\/www.europesays.com\/es\/155873\/"},"modified":"2025-10-04T02:59:21","modified_gmt":"2025-10-04T02:59:21","slug":"miredvista-co-moderna-revista-digital-2","status":"publish","type":"post","link":"https:\/\/www.europesays.com\/es\/155873\/","title":{"rendered":"MiRedVista.co | Moderna revista digital."},"content":{"rendered":"<p class=\"has-medium-font-size\"><strong>Con su estilo fresco y emotivas letras de sus canciones, este grupo bogotano confirm\u00f3 su posici\u00f3n como referente indiscutible del pop latino en los Premios Juventud  2025 celebrado el jueves en Panam\u00e1, llev\u00e1ndose tres galardones.<\/strong><\/p>\n<p>Fue en 2011 cuando\u00a0 apenas sal\u00eda a relucir el nombre Morat, una banda integrada por cuatro colombianos. Solo tres a\u00f1os despu\u00e9s se dieron a conocer en algunos pa\u00edses latinoamericanos con el tema \u2018Mi nuevo vicio\u2019. Los m\u00fasicos fueron invitados a Europa para que grabaran m\u00e1s m\u00fasica, en el que el instrumento que m\u00e1s acapar\u00f3 la atenci\u00f3n fue \u00a0el banjo.<\/p>\n<p>Originalmente la banda se llamaba\u00a0\u2018Malta\u2019, como eran conocidos y as\u00ed se presentaban en peque\u00f1os bares y restaurantes, donde tambi\u00e9n repart\u00edan sus discos. Al momento de firmar con la disquera\u00a0Universal, por cuestiones legales, Malta cambi\u00f3 su nombre a Morat.<\/p>\n<p><img loading=\"lazy\" decoding=\"async\" width=\"608\" height=\"293\" data-id=\"61133\" src=\"https:\/\/www.europesays.com\/es\/wp-content\/uploads\/2025\/10\/morat1-1.jpg\" alt=\"\" class=\"wp-image-61133 lazyload\"  data- style=\"--smush-placeholder-width: 608px; --smush-placeholder-aspect-ratio: 608\/293;\"\/><\/p>\n<p><a href=\"https:\/\/www.instagram.com\/reel\/DPDFKkSACSQ\" rel=\"nofollow noopener\" target=\"_blank\">https:\/\/www.instagram.com\/reel\/DPDFKkSACSQ<\/a><\/p>\n<p>As\u00ed, Morat simplemente es un nombre com\u00fan con el que llaman a la hacienda donde la banda se presentaba en sus inicios. La hacienda\u00a0La Morat\u00a0est\u00e1 ubicada en Bogot\u00e1 (Colombia) y le pertenece a Alejandro Posada baterista original del grupo que al poco tiempo se sali\u00f3, luego del lanzamiento del primer \u00e1lbum en 2016.<\/p>\n<p>En reemplazo de Posada hizo parte\u00a0 Mart\u00edn Vargas, hermano de Mart\u00edn Vargas, uno de los fundadores de la banda que compositor y bajista<strong>. <\/strong>El otro integrante es Juan Pablo Villamil, quien toca la guitarra y el banjo. El otro es Juan Pablo Isaza, vocalista principal, ejecuta la guitarra, el piano y ukelele.<\/p>\n<p>Las influencias de Morat incluyen Coldplay, Bacilos, Mac Miller, el poeta y cantante espa\u00f1ol Joaqu\u00edn Sabina, Dave Matthews Band, la banda de rock colombiana Ekhymosis y los Beatles. Es decir, el sonido de este grupo de artistas bogotanos es una mezcla de folk-pop.<\/p>\n<p>\u00a0Con su singular estilo, en \u00a02017 lanzan el single \u2018Amor con hielo\u2019. En mayo de ese a\u00f1o debutan en Argentina, y en noviembre lanzan 0Besos en guerra\u2019, canci\u00f3n en la que colabora Juanes.<\/p>\n<p>En marzo de 2020, Morat estrena \u2018No termino\u2019 \u00a0y en mayo lanzan junto a Sebasti\u00e1n Yatra\u00a0 la canci\u00f3n \u2018Bajo la mesa\u2019.<\/p>\n<p>Con su repertorio, que cada vez es m\u00e1s amplio, Morat sigue recorriendo el mundo, llenando estadios con sus conciertos y recibiendo reconocimientos. Todo un fen\u00f3meno.<\/p>\n<p>\t\t\t\t\t\t<script async src=\"\/\/www.instagram.com\/embed.js\"><\/script><\/p>\n","protected":false},"excerpt":{"rendered":"Con su estilo fresco y emotivas letras de sus canciones, este grupo bogotano confirm\u00f3 su posici\u00f3n como referente&hellip;\n","protected":false},"author":2,"featured_media":155874,"comment_status":"","ping_status":"","sticky":false,"template":"","format":"standard","meta":{"footnotes":""},"categories":[170],"tags":[12502,209,146,147,25,24,184,185,10,166,12504,12503,23,120],"class_list":{"0":"post-155873","1":"post","2":"type-post","3":"status-publish","4":"format-standard","5":"has-post-thumbnail","7":"category-musica","8":"tag-barranquilla","9":"tag-cultura","10":"tag-entertainment","11":"tag-entretenimiento","12":"tag-es","13":"tag-espana","14":"tag-music","15":"tag-musica","16":"tag-noticias","17":"tag-salud","18":"tag-shakira","19":"tag-sofia-vergara","20":"tag-spain","21":"tag-tecnologia"},"share_on_mastodon":{"url":"","error":""},"_links":{"self":[{"href":"https:\/\/www.europesays.com\/es\/wp-json\/wp\/v2\/posts\/155873","targetHints":{"allow":["GET"]}}],"collection":[{"href":"https:\/\/www.europesays.com\/es\/wp-json\/wp\/v2\/posts"}],"about":[{"href":"https:\/\/www.europesays.com\/es\/wp-json\/wp\/v2\/types\/post"}],"author":[{"embeddable":true,"href":"https:\/\/www.europesays.com\/es\/wp-json\/wp\/v2\/users\/2"}],"replies":[{"embeddable":true,"href":"https:\/\/www.europesays.com\/es\/wp-json\/wp\/v2\/comments?post=155873"}],"version-history":[{"count":0,"href":"https:\/\/www.europesays.com\/es\/wp-json\/wp\/v2\/posts\/155873\/revisions"}],"wp:featuredmedia":[{"embeddable":true,"href":"https:\/\/www.europesays.com\/es\/wp-json\/wp\/v2\/media\/155874"}],"wp:attachment":[{"href":"https:\/\/www.europesays.com\/es\/wp-json\/wp\/v2\/media?parent=155873"}],"wp:term":[{"taxonomy":"category","embeddable":true,"href":"https:\/\/www.europesays.com\/es\/wp-json\/wp\/v2\/categories?post=155873"},{"taxonomy":"post_tag","embeddable":true,"href":"https:\/\/www.europesays.com\/es\/wp-json\/wp\/v2\/tags?post=155873"}],"curies":[{"name":"wp","href":"https:\/\/api.w.org\/{rel}","templated":true}]}}