{"id":155875,"date":"2025-10-04T03:01:22","date_gmt":"2025-10-04T03:01:22","guid":{"rendered":"https:\/\/www.europesays.com\/es\/155875\/"},"modified":"2025-10-04T03:01:22","modified_gmt":"2025-10-04T03:01:22","slug":"primera-sesion-de-practica-del-gran-premio-de-singapur-2025-de-formula-1","status":"publish","type":"post","link":"https:\/\/www.europesays.com\/es\/155875\/","title":{"rendered":"Primera sesi\u00f3n de pr\u00e1ctica del Gran Premio de Singapur 2025 de F\u00f3rmula 1"},"content":{"rendered":"<p><img decoding=\"async\" style=\"display: block; margin-left: auto; margin-right: auto;\" src=\"https:\/\/www.europesays.com\/es\/wp-content\/uploads\/2025\/10\/20251004100c4d968515451cb88b084ac7d1aa2c_20251004d145d655583a42588b77958c59c8be72.jpg\" data-material-id=\"25100401051056\" data-name=\"20251004d145d655583a42588b77958c59c8be72.jpg\"\/><\/p>\n<p style=\"text-align: center;\">SINGAPUR, 3 octubre, 2025 (Xinhua) &#8212; El piloto australiano de la escuder\u00eda McLaren, Oscar Piastri, compite durante la primera sesi\u00f3n de pr\u00e1ctica del Gran Premio de Singapur 2025 de F\u00f3rmula 1, en Singapur, el 3 de octubre de 2025. (Xinhua\/Then Chih Wey)<\/p>\n<p style=\"text-align: center;\"><img decoding=\"async\" src=\"https:\/\/www.europesays.com\/es\/wp-content\/uploads\/2025\/10\/20251004100c4d968515451cb88b084ac7d1aa2c_2025100452669bc58d02477f887cc04305de409c.jpg\" data-material-id=\"25100411671631\" data-name=\"2025100452669bc58d02477f887cc04305de409c.jpg\"\/><\/p>\n<p style=\"text-align: center;\">SINGAPUR, 3 octubre, 2025 (Xinhua) &#8212; El piloto neerland\u00e9s de la escuder\u00eda Red Bull, Max Verstappen (frente), compite durante la primera sesi\u00f3n de pr\u00e1ctica del Gran Premio de Singapur 2025 de F\u00f3rmula 1, en Singapur, el 3 de octubre de 2025. (Xinhua\/Then Chih Wey)<\/p>\n<p style=\"text-align: center;\"><img decoding=\"async\" src=\"https:\/\/www.europesays.com\/es\/wp-content\/uploads\/2025\/10\/20251004100c4d968515451cb88b084ac7d1aa2c_20251004065e89b1ffbe49fc8ad8ae6858dfb9c1.jpg\" data-material-id=\"25100413657422\" data-name=\"20251004065e89b1ffbe49fc8ad8ae6858dfb9c1.jpg\"\/><\/p>\n<p style=\"text-align: center;\">SINGAPUR, 3 octubre, 2025 (Xinhua) &#8212; El piloto brit\u00e1nico de la escuder\u00eda Ferrari, Lewis Hamilton, compite durante la primera sesi\u00f3n de pr\u00e1ctica del Gran Premio de Singapur 2025 de F\u00f3rmula 1, en Singapur, el 3 de octubre de 2025. (Xinhua\/Then Chih Wey)<\/p>\n<p style=\"text-align: center;\"><img decoding=\"async\" src=\"https:\/\/www.europesays.com\/es\/wp-content\/uploads\/2025\/10\/20251004100c4d968515451cb88b084ac7d1aa2c_202510046cf7c89eea244a3aa7e8d4ea87ee9b93.jpg\" data-material-id=\"25100413659572\" data-name=\"202510046cf7c89eea244a3aa7e8d4ea87ee9b93.jpg\"\/><\/p>\n<p style=\"text-align: center;\">SINGAPUR, 3 octubre, 2025 (Xinhua) &#8212; El piloto espa\u00f1ol de la escuder\u00eda Aston Martin, Fernando Alonso, compite durante la primera sesi\u00f3n de pr\u00e1ctica del Gran Premio de Singapur 2025 de F\u00f3rmula 1, en Singapur, el 3 de octubre de 2025. (Xinhua\/Then Chih Wey)<\/p>\n<p style=\"text-align: center;\"><img decoding=\"async\" src=\"https:\/\/www.europesays.com\/es\/wp-content\/uploads\/2025\/10\/20251004100c4d968515451cb88b084ac7d1aa2c_20251004c1fdad01125045c195510738be25ea38.jpg\" data-material-id=\"25100400118882\" data-name=\"20251004c1fdad01125045c195510738be25ea38.jpg\"\/><\/p>\n<p style=\"text-align: center;\">SINGAPUR, 3 octubre, 2025 (Xinhua) &#8212; El piloto brit\u00e1nico de la escuder\u00eda McLaren, Lando Norris, compite durante la primera sesi\u00f3n de pr\u00e1ctica del Gran Premio de Singapur 2025 de F\u00f3rmula 1, en Singapur, el 3 de octubre de 2025. (Xinhua\/Then Chih Wey)<\/p>\n<p style=\"text-align: center;\"><img decoding=\"async\" src=\"https:\/\/www.europesays.com\/es\/wp-content\/uploads\/2025\/10\/20251004100c4d968515451cb88b084ac7d1aa2c_20251004aa832f2d8b80488f859d7b774f0d16e4.jpg\" data-material-id=\"25100412661184\" data-name=\"20251004aa832f2d8b80488f859d7b774f0d16e4.jpg\"\/><\/p>\n<p style=\"text-align: center;\">SINGAPUR, 3 octubre, 2025 (Xinhua) &#8212; El piloto monegasco de la escuder\u00eda Ferrari, Charles Leclerc, compite durante la primera sesi\u00f3n de pr\u00e1ctica del Gran Premio de Singapur 2025 de F\u00f3rmula 1, en Singapur, el 3 de octubre de 2025. (Xinhua\/Then Chih Wey)<\/p>\n<p style=\"text-align: center;\"><img decoding=\"async\" src=\"https:\/\/www.europesays.com\/es\/wp-content\/uploads\/2025\/10\/20251004100c4d968515451cb88b084ac7d1aa2c_20251004e1abf160b1de49b9b4ea603f1dee95af.jpg\" data-material-id=\"25100410906612\" data-name=\"20251004e1abf160b1de49b9b4ea603f1dee95af.jpg\"\/><\/p>\n<p style=\"text-align: center;\">SINGAPUR, 3 octubre, 2025 (Xinhua) &#8212; El piloto neozeland\u00e9s de la escuder\u00eda Racing Bull, Liam Lawson, compite durante la primera sesi\u00f3n de pr\u00e1ctica del Gran Premio de Singapur 2025 de F\u00f3rmula 1, en Singapur, el 3 de octubre de 2025. (Xinhua\/Then Chih Wey)<\/p>\n","protected":false},"excerpt":{"rendered":"SINGAPUR, 3 octubre, 2025 (Xinhua) &#8212; El piloto australiano de la escuder\u00eda McLaren, Oscar Piastri, compite durante la&hellip;\n","protected":false},"author":2,"featured_media":155876,"comment_status":"","ping_status":"","sticky":false,"template":"","format":"standard","meta":{"footnotes":""},"categories":[93],"tags":[168,25,24,7745,23,167],"class_list":{"0":"post-155875","1":"post","2":"type-post","3":"status-publish","4":"format-standard","5":"has-post-thumbnail","7":"category-deportes","8":"tag-deportes","9":"tag-es","10":"tag-espana","11":"tag-se","12":"tag-spain","13":"tag-sports"},"share_on_mastodon":{"url":"","error":""},"_links":{"self":[{"href":"https:\/\/www.europesays.com\/es\/wp-json\/wp\/v2\/posts\/155875","targetHints":{"allow":["GET"]}}],"collection":[{"href":"https:\/\/www.europesays.com\/es\/wp-json\/wp\/v2\/posts"}],"about":[{"href":"https:\/\/www.europesays.com\/es\/wp-json\/wp\/v2\/types\/post"}],"author":[{"embeddable":true,"href":"https:\/\/www.europesays.com\/es\/wp-json\/wp\/v2\/users\/2"}],"replies":[{"embeddable":true,"href":"https:\/\/www.europesays.com\/es\/wp-json\/wp\/v2\/comments?post=155875"}],"version-history":[{"count":0,"href":"https:\/\/www.europesays.com\/es\/wp-json\/wp\/v2\/posts\/155875\/revisions"}],"wp:featuredmedia":[{"embeddable":true,"href":"https:\/\/www.europesays.com\/es\/wp-json\/wp\/v2\/media\/155876"}],"wp:attachment":[{"href":"https:\/\/www.europesays.com\/es\/wp-json\/wp\/v2\/media?parent=155875"}],"wp:term":[{"taxonomy":"category","embeddable":true,"href":"https:\/\/www.europesays.com\/es\/wp-json\/wp\/v2\/categories?post=155875"},{"taxonomy":"post_tag","embeddable":true,"href":"https:\/\/www.europesays.com\/es\/wp-json\/wp\/v2\/tags?post=155875"}],"curies":[{"name":"wp","href":"https:\/\/api.w.org\/{rel}","templated":true}]}}