{"id":15588,"date":"2025-07-31T05:30:09","date_gmt":"2025-07-31T05:30:09","guid":{"rendered":"https:\/\/www.europesays.com\/es\/15588\/"},"modified":"2025-07-31T05:30:09","modified_gmt":"2025-07-31T05:30:09","slug":"camps-se-alza-contra-mazon-y-desafia-a-feijoo-noticias-de-la-comunidad-valenciana","status":"publish","type":"post","link":"https:\/\/www.europesays.com\/es\/15588\/","title":{"rendered":"Camps se alza contra Maz\u00f3n y desaf\u00eda a Feij\u00f3o | Noticias de la Comunidad Valenciana"},"content":{"rendered":"<p class=\"\">El expresidente de la Generalitat Valenciana <a href=\"https:\/\/elpais.com\/noticias\/francisco-camps\/\" target=\"_self\" rel=\"nofollow noopener\" title=\"https:\/\/elpais.com\/noticias\/francisco-camps\/\">Francisco Camps<\/a> se siente fuerte. Desde que hace un lustro se embarcara en un plan soterrado para reconquistar la direcci\u00f3n del PP valenciano \u2015plan que aflor\u00f3 oficialmente hace dos a\u00f1os\u2015, este pol\u00edtico, que abandon\u00f3 abruptamente el Ejecutivo auton\u00f3mico en 2011 por la sombra de la corrupci\u00f3n, se ha transfigurado en un fantasma para Carlos Maz\u00f3n. El president actual afronta esa irrupci\u00f3n tocado por la gesti\u00f3n de la dana que el pasado octubre dej\u00f3 228 muertos y un reguero de destrucci\u00f3n en la provincia de Valencia. <\/p>\n<p class=\"\">Tras un periplo en los juzgados de 15 a\u00f1os \u2014inaugurado con el denominado <a href=\"https:\/\/elpais.com\/politica\/2011\/07\/13\/actualidad\/1310545479_473627.html\" target=\"_self\" rel=\"nofollow noopener\" title=\"https:\/\/elpais.com\/politica\/2011\/07\/13\/actualidad\/1310545479_473627.html\">caso de los trajes<\/a>, que indag\u00f3 si la trama G\u00fcrtel soborn\u00f3 al que fuera president entre 2003 y 2011 a cambio de adjudicaciones millonarias de la Generalitat\u2014, Camps resurge despu\u00e9s de encadenar una decena de absoluciones judiciales en causas en las que, en cambio, decenas de sus colaboradores s\u00ed que fueron condenados. <\/p>\n<p class=\"\">Este mi\u00e9rcoles present\u00f3 su candidatura en Alicante, arropado por la exalcaldesa de la ciudad, Sonia Castedo, y haciendo o\u00eddos sordos a las advertencias de la direcci\u00f3n del PP de que no es el momento de abrir el mel\u00f3n sucesorio. En su presentaci\u00f3n, insisti\u00f3 en que, con \u00e9l, el partido ganaba por mayor\u00edas absolutas.<\/p>\n<p class=\"\">Para el entorno de este abogado de 62 a\u00f1os con tres hijos y nutrido del combustible espiritual de los jesuitas, los 80 actos de desagravio que ha organizado en dos a\u00f1os en la comunidad aut\u00f3noma han devenido en una demostraci\u00f3n de m\u00fasculo. Cuentan que m\u00e1s de 3.000 militantes han desfilado por estas reuniones con tintes de epifan\u00eda religiosa en las que las tracas falleras se solapan con el euf\u00f3rico himno de resistencia de Gloria Gaynor I will survive. <a href=\"https:\/\/elpais.com\/espana\/comunidad-valenciana\/2025-07-09\/camps-reta-a-mazon-y-se-postula-para-dirigir-el-pp-valenciano-no-os-parece-lealtad-haber-estado-callado-15-anos.html\" target=\"_self\" rel=\"nofollow noopener\" title=\"https:\/\/elpais.com\/espana\/comunidad-valenciana\/2025-07-09\/camps-reta-a-mazon-y-se-postula-para-dirigir-el-pp-valenciano-no-os-parece-lealtad-haber-estado-callado-15-anos.html\">Algunas de estas citas han tenido precio<\/a>: 35 euros, que permiten disfrutar de un c\u00f3ctel y evocan la pirotecnia de los grandes eventos en su etapa en la presidencia de la Generalitat que fueron su tumba pol\u00edtica. <\/p>\n<p class=\"\">Desde que reinici\u00f3 su carrera, el aspirante no ha contactado con responsables de la direcci\u00f3n nacional y auton\u00f3mica del partido, seg\u00fan fuentes pr\u00f3ximas al expresidente. Tras restablecer el hilo con su otrora ac\u00e9rrimo enemigo Eduardo Zaplana, expresidente de la Generalitat (1995-2022) y exministro de Trabajo (2002-2004), condenado <a href=\"https:\/\/elpais.com\/espana\/comunidad-valenciana\/2024-10-15\/eduardo-zaplana-condenado-a-10-anos-de-carcel-por-el-cobro-de-mordidas-tras-la-concesion-de-las-itv.html\" target=\"_self\" rel=\"nofollow noopener\" title=\"https:\/\/elpais.com\/espana\/comunidad-valenciana\/2024-10-15\/eduardo-zaplana-condenado-a-10-anos-de-carcel-por-el-cobro-de-mordidas-tras-la-concesion-de-las-itv.html\">a 10 a\u00f1os de prisi\u00f3n por corrupci\u00f3n en el caso Erial<\/a>, el candidato ha admitido a su guardia pretoriana que no tiene el respaldo de G\u00e9nova. Pero resta importancia a sonoras desautorizaciones, como la reciente del <a href=\"https:\/\/elpais.com\/espana\/comunidad-valenciana\/2025-07-10\/tellado-le-cierra-la-puerta-a-camps-estos-debates-nos-alejan-de-la-ciudadania.html\" target=\"_self\" rel=\"nofollow noopener\" title=\"https:\/\/elpais.com\/espana\/comunidad-valenciana\/2025-07-10\/tellado-le-cierra-la-puerta-a-camps-estos-debates-nos-alejan-de-la-ciudadania.html\">secretario general de los populares, Miguel Tellado.<\/a> <\/p>\n<p class=\"\">En su traves\u00eda, Camps tampoco se ha visto con Maz\u00f3n, a quien nombr\u00f3 en 2003 director de Comercio y Consumo de la Generalitat, ni ha recibido el espaldarazo de expresidentes como Jos\u00e9 Mar\u00eda Aznar o Mariano Rajoy. Nadie de peso se ha mojado a su favor, pero tampoco consta que le han pedido en privado que tire la toalla. <\/p>\n<p>Ofertas de otros partidos<\/p>\n<p class=\"\">Antes de mostrar sus cartas y de desvelar su candidatura, el aspirante combin\u00f3 los beneficios de la oficina del expresident \u2014que le proporciona ch\u00f3fer y una secretaria\u2014 con su trabajo como letrado especializado en Derecho P\u00fablico y Mercantil en el bufete de Pablo Delgado, el abogado que ejerci\u00f3 su defensa en las \u00faltimas causas de las que fue absuelto. <\/p>\n<p class=\"\">Camps tambi\u00e9n imparte clases como profesor asociado de Derecho Constitucional en la Universidad Cat\u00f3lica de Valencia, donde se oferta Medicina desde 2007 tras una pol\u00e9mica autorizaci\u00f3n aprobada por el Consell que \u00e9l pilot\u00f3 cuando controlaba los resortes del poder. <\/p>\n<p class=\"\">Antes de anunciar su candidatura al PP regional, donde milita desde 1982, el conservador fue tanteado por Vox. Tambi\u00e9n tuvo relaci\u00f3n con la extinta Uni\u00f3n Valenciana \u2014una formaci\u00f3n que exprimi\u00f3 el victimismo y el supuesto trato de favor del Gobierno con Catalu\u00f1a frente a la Comunidad Valenciana\u2014 para pilotar en 2019 y 2023 las candidaturas al Ayuntamiento de Valencia, seg\u00fan las mismas fuentes. <\/p>\n<p class=\"\">El punto de ebullici\u00f3n de este movimiento que tantos recelos despierta en G\u00e9nova lleg\u00f3 el pasado febrero. Fue entonces cuando resonaba con fuerza una maniobra de la direcci\u00f3n nacional popular para catapultar a la primera edil de Valencia, Mar\u00eda Jos\u00e9 Catal\u00e1, a la Generalitat y forzar as\u00ed la salida de un Maz\u00f3n en la UVI pol\u00edtica tras la dana, un president al que la jueza de Catarroja (Valencia) que investiga penalmente la tragedia, Nuria Ruiz Tobarra, ofrecer\u00eda semanas despu\u00e9s declarar voluntariamente como imputado, aunque el jefe del Consell declin\u00f3. La operaci\u00f3n de sustituci\u00f3n no lleg\u00f3 a buen puerto por las presiones de Vox, socio del PP en el Ayuntamiento de Valencia; por la resistencia de Maz\u00f3n, al que le lleg\u00f3 el runr\u00fan de los manejos para moverle la silla; y por la negativa de los presidentes provinciales del PP valenciano, seg\u00fan las mismas fuentes. <\/p>\n<p class=\"\">Pese a que a los \u00faltimos actos del campismo han atra\u00eddo a centenares de simpatizantes y militantes, el entorno del aspirante destaca que los apoyos se disparar\u00edan si no fuera por el pavor de muchos a aparecer en una marchita foto que les abocar\u00eda a la ca\u00edda en desgracia en el PP de Maz\u00f3n. En el entorno del expresidente manejan una encuesta de NC Report que otorga a Camps un 37% en intenci\u00f3n directa de voto como candidato a la Generalitat frente a Catal\u00e1 (36,1%). <\/p>\n<p>G\u00e9nesis de un hundimiento <\/p>\n<p class=\"\">Para entender la resurrecci\u00f3n de Camps hay que descender a la g\u00e9nesis de su hundimiento. Acorralado por el espectro de la corrupci\u00f3n, el hoy candidato abandonar\u00e1 en 2011 in extremis el g\u00f3tico palacio de Manises, sede del Ejecutivo valenciano, para atravesar un periplo de tribunales que lo atormentar\u00e1 durante m\u00e1s de una d\u00e9cada. Saldr\u00e1 ileso de esta traves\u00eda, pero dejar\u00e1 en el camino un reguero de altos cargos condenados a prisi\u00f3n. <\/p>\n<p class=\"\">En 2011 se sienta por primera vez en el banquillo junto al que fuera su secretario general en el PP regional, Ricardo Costa. Estaban acusados de soborno por <a href=\"https:\/\/elpais.com\/politica\/2011\/07\/13\/actualidad\/1310545479_473627.html\" target=\"_self\" rel=\"nofollow noopener\" title=\"https:\/\/elpais.com\/politica\/2011\/07\/13\/actualidad\/1310545479_473627.html\">recibir regalos de la trama corrupta G\u00fcrtel<\/a>. Camps llega a llamar a \u00c1lvaro P\u00e9rez, El Bigotes, prominente miembro de esta red, \u201camiguito del alma\u201d. Un jurado popular absuelve al expresidente y a Costa por cinco votos a cuatro. <\/p>\n<p class=\"\">Poco m\u00e1s de un a\u00f1o despu\u00e9s, la Audiencia Nacional asesta otro sobresalto en el entorno del popular. El tribunal condena a 18 personas por <a href=\"https:\/\/elpais.com\/politica\/2018\/06\/11\/actualidad\/1528711997_830492.html\" rel=\"nofollow noopener\" target=\"_blank\">financiaci\u00f3n irregular de las campa\u00f1as<\/a> municipales y auton\u00f3micas de 2007 (que gan\u00f3 Camps), y las generales de 2008. Costa, que es sentenciado a cuatro a\u00f1os de c\u00e1rcel, confiesa en el juicio que recibi\u00f3 un sobre con dinero negro por encargo del expresidente. Tambi\u00e9n son sentenciados Cristina Ib\u00e1\u00f1ez, exgerente del PP (tres a\u00f1os y cuatro meses), Yolanda Garc\u00eda, extesorera (cuatro meses), y David Serra, ex secretario general del grupo parlamentario. El fallo expone que el PP de Camps, con el \u201cprop\u00f3sito de obtener mayor despliegue\u201d en las campa\u00f1as, \u201ccontrat\u00f3 servicios\u201d de la red corrupta. <\/p>\n<p class=\"\">La visita a Valencia en 2006 del papa Benedicto XVI se convierte en otro mal trago para este candidato que dice leer solo prensa conservadora. La Audiencia sentencia a 19 personas por la adjudicaci\u00f3n ilegal al empresario Francisco Correa, cerebro de G\u00fcrtel, del contrato de suministro de pantallas, sonido y megafon\u00eda para recibir al antiguo pont\u00edfice. Pedro Garc\u00eda, que fue director de la extinta Radio Televisi\u00f3n Valenciana (RTVV), es condenado a seis a\u00f1os y nueve meses de c\u00e1rcel. Y el tambi\u00e9n acusado Juan Cotino, vicepresidente con Camps, <a href=\"https:\/\/elpais.com\/espana\/2020-04-13\/muere-por-coronavirus-juan-cotino-exdirector-de-la-policia-nacional-y-antiguo-dirigente-del-pp.html\" rel=\"nofollow noopener\" target=\"_blank\">muere durante la vista por coronavirus<\/a>.<\/p>\n<p>Cuerda de presos <\/p>\n<p class=\"\">En los cen\u00e1culos socialistas valencianos circula la maledicencia de que Camps resucita del ostracismo arropado por una cuerda de presos. Y es que, en su primer gran acto de demostraci\u00f3n de m\u00fasculo, celebrado el pasado mayo en Valencia en el ic\u00f3nico edificio Veles e Vents, el flamante candidato apareci\u00f3 flanqueado por el expresidente de la Diputaci\u00f3n de Castell\u00f3n Carlos Fabra, que fue condenado a cuatro a\u00f1os de prisi\u00f3n por delitos fiscales; el expresidente de la Diputaci\u00f3n de Valencia Alfonso Rus, sentenciado a cinco a\u00f1os por malversaci\u00f3n, prevaricaci\u00f3n y falsedad documental; <a href=\"https:\/\/elpais.com\/politica\/2012\/02\/23\/actualidad\/1329991062_456085.html\" target=\"_self\" rel=\"nofollow noopener\" title=\"https:\/\/elpais.com\/politica\/2012\/02\/23\/actualidad\/1329991062_456085.html\">Josep Mar\u00eda Felip<\/a>, que fue director general de Cooperaci\u00f3n de Camps condenado en el denominado caso Cooperaci\u00f3n, que indag\u00f3 el desv\u00edo de ayudas destinadas por la Generalitat a pa\u00edses en v\u00edas de desarrollo. El exalcalde de la Vall d\u2019Alba (Castell\u00f3n, 3.103 habitantes), Francisco Mart\u00ednez, condenado a ocho meses de c\u00e1rcel por negociaci\u00f3n prohibida para funcionarios, tambi\u00e9n se dej\u00f3 caer en la puesta de largo del expresidente. <\/p>\n<p class=\"\">En su \u00faltima exhibici\u00f3n de fuerza, celebrada este julio <a href=\"https:\/\/elpais.com\/espana\/comunidad-valenciana\/2025-07-09\/camps-reta-a-mazon-y-se-postula-para-dirigir-el-pp-valenciano-no-os-parece-lealtad-haber-estado-callado-15-anos.html\" target=\"_self\" rel=\"nofollow noopener\" title=\"https:\/\/elpais.com\/espana\/comunidad-valenciana\/2025-07-09\/camps-reta-a-mazon-y-se-postula-para-dirigir-el-pp-valenciano-no-os-parece-lealtad-haber-estado-callado-15-anos.html\">en un restaurante<\/a> de Valencia que ha acogido las noches electorales del PP de los d\u00edas de vino y rosas, apenas hab\u00eda rastro de altos cargos condenados por corrupci\u00f3n. Cuando se pregunta por las ausencias de estos expresidiarios, el c\u00edrculo de Paco, como llama su entorno al candidato, guarda silencio. <\/p>\n","protected":false},"excerpt":{"rendered":"El expresidente de la Generalitat Valenciana Francisco Camps se siente fuerte. Desde que hace un lustro se embarcara&hellip;\n","protected":false},"author":2,"featured_media":15589,"comment_status":"","ping_status":"","sticky":false,"template":"","format":"standard","meta":{"footnotes":""},"categories":[8],"tags":[17,18,242,767,10316,25,24,13,14,10315,10319,238,11,10318,19,20,10317,9,10,15,16,23,12,493,21,22],"class_list":{"0":"post-15588","1":"post","2":"type-post","3":"status-publish","4":"format-standard","5":"has-post-thumbnail","7":"category-espana","8":"tag-breaking-news","9":"tag-breakingnews","10":"tag-comunidad-valenciana","11":"tag-corrupcion","12":"tag-eduardo-zaplana","13":"tag-es","14":"tag-espana","15":"tag-featured-news","16":"tag-featurednews","17":"tag-francisco-camps","18":"tag-francisco-correa","19":"tag-generalitat-valenciana","20":"tag-headlines","21":"tag-jose-maria-aznar","22":"tag-latest-news","23":"tag-latestnews","24":"tag-mariano-rajoy","25":"tag-news","26":"tag-noticias","27":"tag-noticias-destacadas","28":"tag-noticiasdestacadas","29":"tag-spain","30":"tag-titulares","31":"tag-tribunales","32":"tag-ultimas-noticias","33":"tag-ultimasnoticias"},"share_on_mastodon":{"url":"","error":""},"_links":{"self":[{"href":"https:\/\/www.europesays.com\/es\/wp-json\/wp\/v2\/posts\/15588","targetHints":{"allow":["GET"]}}],"collection":[{"href":"https:\/\/www.europesays.com\/es\/wp-json\/wp\/v2\/posts"}],"about":[{"href":"https:\/\/www.europesays.com\/es\/wp-json\/wp\/v2\/types\/post"}],"author":[{"embeddable":true,"href":"https:\/\/www.europesays.com\/es\/wp-json\/wp\/v2\/users\/2"}],"replies":[{"embeddable":true,"href":"https:\/\/www.europesays.com\/es\/wp-json\/wp\/v2\/comments?post=15588"}],"version-history":[{"count":0,"href":"https:\/\/www.europesays.com\/es\/wp-json\/wp\/v2\/posts\/15588\/revisions"}],"wp:featuredmedia":[{"embeddable":true,"href":"https:\/\/www.europesays.com\/es\/wp-json\/wp\/v2\/media\/15589"}],"wp:attachment":[{"href":"https:\/\/www.europesays.com\/es\/wp-json\/wp\/v2\/media?parent=15588"}],"wp:term":[{"taxonomy":"category","embeddable":true,"href":"https:\/\/www.europesays.com\/es\/wp-json\/wp\/v2\/categories?post=15588"},{"taxonomy":"post_tag","embeddable":true,"href":"https:\/\/www.europesays.com\/es\/wp-json\/wp\/v2\/tags?post=15588"}],"curies":[{"name":"wp","href":"https:\/\/api.w.org\/{rel}","templated":true}]}}