{"id":155882,"date":"2025-10-04T03:08:11","date_gmt":"2025-10-04T03:08:11","guid":{"rendered":"https:\/\/www.europesays.com\/es\/155882\/"},"modified":"2025-10-04T03:08:11","modified_gmt":"2025-10-04T03:08:11","slug":"la-rfef-confirma-la-baja-de-lamine-con-mensaje-al-barca","status":"publish","type":"post","link":"https:\/\/www.europesays.com\/es\/155882\/","title":{"rendered":"La RFEF confirma la baja de Lamine con &#8216;mensaje&#8217; al Bar\u00e7a"},"content":{"rendered":"<p data-gtm-element-container=\"modulo-texto-link\" class=\"paragraph\">La Real Federaci\u00f3n Espa\u00f1ola de F\u00fatbol (<strong>RFEF<\/strong>) confirm\u00f3 este viernes por la noche la baja de<strong> Lamine Yamal<\/strong> en la lista de convocados por <strong>Luis de la Fuente<\/strong> para los pr\u00f3ximos encuentros de clasificaci\u00f3n al Mundial de 2026 frente a Georgia en Elche y Bulgaria en Valladolid.<\/p>\n<p data-gtm-element-container=\"modulo-texto-link\" class=\"paragraph\">Seg\u00fan inform\u00f3 el organismo federativo, tras la petici\u00f3n de informaci\u00f3n m\u00e9dica realizada por los servicios m\u00e9dicos de la selecci\u00f3n el jueves, el <strong>FC Barcelona<\/strong> remiti\u00f3 un parte en el que se detallaban unas molestias en la zona del pubis que afectan al delantero blaugrana una vez dada la lista.\u00a0<\/p>\n<blockquote class=\"twitter-tweet\" data-lang=\"es\"><p>\n<a href=\"https:\/\/twitter.com\/SEFutbol\/status\/1974176688696344645\" rel=\"nofollow noopener\" target=\"_blank\">\n<\/p><\/blockquote>\n<p data-gtm-element-container=\"modulo-texto-link\" class=\"paragraph\">Ante esta situaci\u00f3n, y con el objetivo de favorecer una recuperaci\u00f3n sin riesgos, se ha decidido proceder a su desconvocatoria.<\/p>\n<p data-gtm-element-container=\"modulo-texto-link\" class=\"paragraph\">El comunicado de la <strong>RFEF <\/strong>subraya que la decisi\u00f3n se ha tomado siguiendo el protocolo habitual con todos los internacionales, priorizando siempre la salud de los jugadores.<\/p>\n<p>    Lee tambi\u00e9n<\/p>\n<p data-gtm-element-container=\"modulo-texto-link\" class=\"paragraph\">La concentraci\u00f3n del equipo espa\u00f1ol dar\u00e1 comienzo el lunes 6 de octubre a las 20:00 horas en la Ciudad del F\u00fatbol de Las Rozas, donde los internacionales empezar\u00e1n a preparar la doble cita de clasificaci\u00f3n para el Mundial del pr\u00f3ximo verano.<\/p>\n<p><script async src=\"https:\/\/platform.twitter.com\/widgets.js\" charset=\"utf-8\"><\/script><\/p>\n","protected":false},"excerpt":{"rendered":"La Real Federaci\u00f3n Espa\u00f1ola de F\u00fatbol (RFEF) confirm\u00f3 este viernes por la noche la baja de Lamine Yamal&hellip;\n","protected":false},"author":2,"featured_media":155883,"comment_status":"","ping_status":"","sticky":false,"template":"","format":"standard","meta":{"footnotes":""},"categories":[5],"tags":[17,18,25,24,13,14,11,19,20,9,10,15,16,23,12,21,22],"class_list":{"0":"post-155882","1":"post","2":"type-post","3":"status-publish","4":"format-standard","5":"has-post-thumbnail","7":"category-titulares","8":"tag-breaking-news","9":"tag-breakingnews","10":"tag-es","11":"tag-espana","12":"tag-featured-news","13":"tag-featurednews","14":"tag-headlines","15":"tag-latest-news","16":"tag-latestnews","17":"tag-news","18":"tag-noticias","19":"tag-noticias-destacadas","20":"tag-noticiasdestacadas","21":"tag-spain","22":"tag-titulares","23":"tag-ultimas-noticias","24":"tag-ultimasnoticias"},"share_on_mastodon":{"url":"","error":""},"_links":{"self":[{"href":"https:\/\/www.europesays.com\/es\/wp-json\/wp\/v2\/posts\/155882","targetHints":{"allow":["GET"]}}],"collection":[{"href":"https:\/\/www.europesays.com\/es\/wp-json\/wp\/v2\/posts"}],"about":[{"href":"https:\/\/www.europesays.com\/es\/wp-json\/wp\/v2\/types\/post"}],"author":[{"embeddable":true,"href":"https:\/\/www.europesays.com\/es\/wp-json\/wp\/v2\/users\/2"}],"replies":[{"embeddable":true,"href":"https:\/\/www.europesays.com\/es\/wp-json\/wp\/v2\/comments?post=155882"}],"version-history":[{"count":0,"href":"https:\/\/www.europesays.com\/es\/wp-json\/wp\/v2\/posts\/155882\/revisions"}],"wp:featuredmedia":[{"embeddable":true,"href":"https:\/\/www.europesays.com\/es\/wp-json\/wp\/v2\/media\/155883"}],"wp:attachment":[{"href":"https:\/\/www.europesays.com\/es\/wp-json\/wp\/v2\/media?parent=155882"}],"wp:term":[{"taxonomy":"category","embeddable":true,"href":"https:\/\/www.europesays.com\/es\/wp-json\/wp\/v2\/categories?post=155882"},{"taxonomy":"post_tag","embeddable":true,"href":"https:\/\/www.europesays.com\/es\/wp-json\/wp\/v2\/tags?post=155882"}],"curies":[{"name":"wp","href":"https:\/\/api.w.org\/{rel}","templated":true}]}}