{"id":155886,"date":"2025-10-04T03:10:11","date_gmt":"2025-10-04T03:10:11","guid":{"rendered":"https:\/\/www.europesays.com\/es\/155886\/"},"modified":"2025-10-04T03:10:11","modified_gmt":"2025-10-04T03:10:11","slug":"quien-torea-hoy-4-de-octubre-en-las-fiestas-del-pilar-2025-en-zaragoza-este-es-el-cartel-completo","status":"publish","type":"post","link":"https:\/\/www.europesays.com\/es\/155886\/","title":{"rendered":"\u00bfQui\u00e9n torea hoy, 4 de octubre, en las Fiestas del Pilar 2025 en Zaragoza? Este es el cartel completo"},"content":{"rendered":"\n<ul class=\"bodyList bodyList--unordered\">\n<li class=\"bodyList__item\"><strong><a href=\"https:\/\/www.elconfidencial.com\/espana\/aragon\/2025-10-02\/fiesta-taurina-pilar-2025-zaragoza-cartel-1qrt-1tna_4220114\/\" target=\"_self\" rel=\"nofollow noopener\">Programa completo de toros por las Fiestas del Pilar 2025<\/a>: cartel de cada d\u00eda, horario de las corridas y toreros<\/strong><\/li>\n<li class=\"bodyList__item\"><strong><a href=\"https:\/\/profile.google.com\/cp\/CgsvZy8xMjI2ZzRoMA\" target=\"_blank\" rel=\"nofollow noopener\">Sigue a El Confidencial en Google Discover para enterarte de todas las noticias<\/a><\/strong><\/li>\n<\/ul>\n<p> La <strong><a href=\"https:\/\/plazadetorosdezaragoza.es\/el-pilar\/\" target=\"_blank\" rel=\"nofollow noopener\">Feria del Pilar 2025<\/a> <\/strong>arranca este s\u00e1bado en la <strong>plaza de toros de La Misericordia<\/strong> con un cartel que combina juventud, ambici\u00f3n y la tradici\u00f3n de un hierro aragon\u00e9s. La cita taurina <strong>abre el ciclo festivo<\/strong> con una <strong>novillada con picadores<\/strong> que despierta expectaci\u00f3n entre los aficionados. La <strong>tarde inaugural <\/strong>marcar\u00e1 el tono de un abono en el que <strong>Zaragoza <\/strong>volver\u00e1 a situarse como uno de los grandes escenarios taurinos del mes de octubre. <\/p>\n<p> <strong>El festejo est\u00e1 programado para las 17:30 horas <\/strong>y reunir\u00e1 a tres nombres que llegan en distintos momentos de su carrera: <strong>El Mene<\/strong>, <strong>Tom\u00e1s Bastos<\/strong> y <strong>Pedro Luis<\/strong>. Se enfrentar\u00e1n a reses de la ganader\u00eda <strong><a href=\"https:\/\/asociacionlidia.es\/toros-de-brazuelas\/\" target=\"_blank\" rel=\"nofollow noopener\">Brazuelas<\/a><\/strong>, un hierro fundado en 2013 por <strong>Jes\u00fas P\u00e9rez Carbonero<\/strong> con procedencia de El Ventorrillo, La Palmosilla y Lola del Yerro, todas ellas de l\u00ednea Domecq. <\/p>\n<blockquote class=\"instagram-media\" data-instgrm-captioned=\"\" data-instgrm-permalink=\"https:\/\/www.instagram.com\/p\/DM8SsHtRR_Q\/?utm_source=ig_embed&amp;utm_campaign=loading\" data-instgrm-version=\"14\" style=\" background:#FFF; border:0; border-radius:3px; box-shadow:0 0 1px 0 rgba(0,0,0,0.5),0 1px 10px 0 rgba(0,0,0,0.15); margin: 1px; max-width:540px; min-width:326px; padding:0; width:99.375%; width:-webkit-calc(100% - 2px); width:calc(100% - 2px);\"\/><p>\n           El cartel inaugural de la Feria del Pilar           <\/p>\n<p> <strong><a href=\"https:\/\/www.instagram.com\/el_mene_\/?hl=es\" target=\"_blank\" rel=\"nofollow noopener\">El Mene<\/a><\/strong>, novillero aragon\u00e9s de apenas<strong> 20 a\u00f1os<\/strong>, ser\u00e1 el gran atractivo local de la jornada. Su trayectoria, marcada por la <strong>verticalidad <\/strong>y un concepto cl\u00e1sico del toreo, ya le ha llevado a abrirse paso en <strong>plazas de relevancia como Las Ventas<\/strong>. Para la afici\u00f3n zaragozana, su presencia supone un aliciente especial en esta primera tarde. <\/p>\n<p> Junto a \u00e9l actuar\u00e1 <strong><a href=\"https:\/\/www.instagram.com\/tomasbastos.oficial\/?hl=es\" target=\"_blank\" rel=\"nofollow noopener\">Tom\u00e1s Bastos<\/a><\/strong>, portugu\u00e9s formado en la Escuela Taurina de Badajoz y ganador del prestigioso<strong> Alfarero de Oro 2025<\/strong> en Villaseca de la Sagra. Bastos, que<strong> debut\u00f3 con picadores en 2024 en Olivenza<\/strong>, ha llamado la atenci\u00f3n de la cr\u00edtica por su t\u00e9cnica depurada y por una proyecci\u00f3n que lo sit\u00faa como uno de los <strong>novilleros a seguir en la temporada<\/strong>. La afici\u00f3n podr\u00e1 comprobar de primera mano el estilo que lo ha convertido en una de las promesas m\u00e1s firmes del escalaf\u00f3n. <\/p>\n<blockquote class=\"instagram-media\" data-instgrm-captioned=\"\" data-instgrm-permalink=\"https:\/\/www.instagram.com\/p\/DM8JWW8CFC-\/?utm_source=ig_embed&amp;utm_campaign=loading\" data-instgrm-version=\"14\" style=\" background:#FFF; border:0; border-radius:3px; box-shadow:0 0 1px 0 rgba(0,0,0,0.5),0 1px 10px 0 rgba(0,0,0,0.15); margin: 1px; max-width:540px; min-width:326px; padding:0; width:99.375%; width:-webkit-calc(100% - 2px); width:calc(100% - 2px);\"\/><p>\n           Un novillero peruano completa el cartel           <\/p>\n<p> El tercer puesto del cartel lo ocupa <strong><a href=\"https:\/\/www.las-ventas.com\/torero\/767\" target=\"_blank\" rel=\"nofollow noopener\">Pedro Luis<\/a><\/strong>, joven peruano que ha comenzado a forjar una trayectoria s\u00f3lida en Espa\u00f1a y Francia. Su debut con picadores en Acho en 2023 fue seguido de <strong>actuaciones destacadas en Villaseca, Bayona y Parentis-en-Born<\/strong>, donde dej\u00f3 constancia de su capacidad lidiadora y su corte internacional. <\/p>\n<p> Las<strong> entradas <\/strong>para la novillada inaugural de la Feria del Pilar 2025 ya est\u00e1n <a href=\"https:\/\/bacantix.com\/Entradas\/WebForms\/Forms\/Evento.aspx?id=plzaragoza&amp;Recinto=020523&amp;Sala=001&amp;Espectaculo=0002&amp;TituloEspectaculo=FESTEJOS%20MAYORES%20EL%20PILAR%202025&amp;ActivePage=1\" target=\"_blank\" rel=\"nofollow noopener\">disponibles en la plataforma oficial Bacantix<\/a>, con precios que oscilan <strong>entre 9 y 45 euros<\/strong>. Ninguna de las corridas programadas en el coso zaragozano ser\u00e1 retransmitida por televisi\u00f3n o plataformas, por lo que <strong>la \u00fanica manera de vivirlas ser\u00e1 en directo <\/strong>en La Misericordia. <\/p>\n<p>              <img decoding=\"async\" class=\"inTextNews__img\" alt=\"Foto: morante-on-tour-x\" src=\"https:\/\/www.europesays.com\/es\/wp-content\/uploads\/2025\/10\/f.elconfidencial.com\/original\/f3f\/811\/7e9\/f3f8117e9a3db428774eb84bc505e6b9.jpg\"  \/>     <\/p>\n<p>TE PUEDE INTERESAR<\/p>\n<p>      <a class=\"inTextNews__title\" href=\"https:\/\/www.elconfidencial.com\/cultura\/2025-09-22\/morante-on-tour-x_4181591\/\" onclick=\"window.ECCO.emit(&#039;amplitude&#039;, { dataEventName: &#039;click_related_article_module&#039;, data: { related_article_url: &#039;https:\/\/www.elconfidencial.com\/cultura\/2025-09-22\/morante-on-tour-x_4181591\/&#039;, related_article_author: &#039;Rub\u00e9n Am\u00f3n&#039;, related_article_section: &#039;cultura&#039; } })\" rel=\"nofollow noopener\" target=\"_blank\"> Morante on tour (y X): el mito explicado a un publicista de Hollywood <\/a>   <\/p>\n<p>    Rub\u00e9n Am\u00f3n   <\/p>\n<p>           Un ciclo marcado por figuras y novedades           <\/p>\n<p> La Feria del Pilar 2025<strong> se prolongar\u00e1 hasta el 13 de octubre<\/strong> con un total de diez festejos que incluyen corridas de toros, rejones y novilladas. El ciclo contar\u00e1 con la <strong>vuelta de <a href=\"https:\/\/www.elconfidencial.com\/cultura\/2025-09-07\/morante-on-tour-ix_4181585\/\" target=\"_self\" rel=\"nofollow noopener\">Morante de la Puebla<\/a><\/strong> tras tres a\u00f1os de ausencia, as\u00ed como con la presencia de<strong> figuras internacionales como Jos\u00e9 Mar\u00eda Manzanares<\/strong>, Alejandro Talavante o Sebasti\u00e1n Castella, si su evoluci\u00f3n m\u00e9dica lo permite. A ellos se suman j\u00f3venes valores como el zaragozano Cristiano Torres, que tomar\u00e1 la alternativa durante el abono. <\/p>\n<p> La jornada inaugural de hoy, con <strong>novillos de Brazuelas<\/strong> para El Mene, Tom\u00e1s Bastos y Pedro Luis, abrir\u00e1 as\u00ed el tel\u00f3n a una feria que aspira a consolidar a <strong><a href=\"https:\/\/www.elconfidencial.com\/tags\/lugares\/zaragoza-3331\/\" target=\"_self\" rel=\"nofollow noopener\">Zaragoza <\/a><\/strong>como epicentro taurino en octubre y como cita ineludible en el calendario nacional. <\/p>\n<p>         <script async src=\"\/\/www.instagram.com\/embed.js\"><\/script><\/p>\n","protected":false},"excerpt":{"rendered":"Programa completo de toros por las Fiestas del Pilar 2025: cartel de cada d\u00eda, horario de las corridas&hellip;\n","protected":false},"author":2,"featured_media":155887,"comment_status":"","ping_status":"","sticky":false,"template":"","format":"standard","meta":{"footnotes":""},"categories":[277],"tags":[373,168,25,24,23,167,374],"class_list":{"0":"post-155886","1":"post","2":"type-post","3":"status-publish","4":"format-standard","5":"has-post-thumbnail","7":"category-toreo","8":"tag-bullfighting","9":"tag-deportes","10":"tag-es","11":"tag-espana","12":"tag-spain","13":"tag-sports","14":"tag-toreo"},"share_on_mastodon":{"url":"","error":""},"_links":{"self":[{"href":"https:\/\/www.europesays.com\/es\/wp-json\/wp\/v2\/posts\/155886","targetHints":{"allow":["GET"]}}],"collection":[{"href":"https:\/\/www.europesays.com\/es\/wp-json\/wp\/v2\/posts"}],"about":[{"href":"https:\/\/www.europesays.com\/es\/wp-json\/wp\/v2\/types\/post"}],"author":[{"embeddable":true,"href":"https:\/\/www.europesays.com\/es\/wp-json\/wp\/v2\/users\/2"}],"replies":[{"embeddable":true,"href":"https:\/\/www.europesays.com\/es\/wp-json\/wp\/v2\/comments?post=155886"}],"version-history":[{"count":0,"href":"https:\/\/www.europesays.com\/es\/wp-json\/wp\/v2\/posts\/155886\/revisions"}],"wp:featuredmedia":[{"embeddable":true,"href":"https:\/\/www.europesays.com\/es\/wp-json\/wp\/v2\/media\/155887"}],"wp:attachment":[{"href":"https:\/\/www.europesays.com\/es\/wp-json\/wp\/v2\/media?parent=155886"}],"wp:term":[{"taxonomy":"category","embeddable":true,"href":"https:\/\/www.europesays.com\/es\/wp-json\/wp\/v2\/categories?post=155886"},{"taxonomy":"post_tag","embeddable":true,"href":"https:\/\/www.europesays.com\/es\/wp-json\/wp\/v2\/tags?post=155886"}],"curies":[{"name":"wp","href":"https:\/\/api.w.org\/{rel}","templated":true}]}}