{"id":155888,"date":"2025-10-04T03:15:09","date_gmt":"2025-10-04T03:15:09","guid":{"rendered":"https:\/\/www.europesays.com\/es\/155888\/"},"modified":"2025-10-04T03:15:09","modified_gmt":"2025-10-04T03:15:09","slug":"a-13-anos-del-retiro-de-michael-schumacher-el-siete-veces-campeon-que-domino-la-formula-1-y-marco-una-era-radio-mitre","status":"publish","type":"post","link":"https:\/\/www.europesays.com\/es\/155888\/","title":{"rendered":"A 13 a\u00f1os del retiro de Michael Schumacher, el siete veces campe\u00f3n que domin\u00f3 la F\u00f3rmula 1 y marc\u00f3 una era \u2013 Radio Mitre"},"content":{"rendered":"<p><img decoding=\"async\" fetchpriority=\"high\" data-chromatic=\"ignore\" alt=\"A 13 a\u00f1os del retiro de Michael Schumacher, el siete veces campe\u00f3n que domin\u00f3 la F\u00f3rmula 1 y marc\u00f3 una era\" class=\"c-image\" loading=\"eager\" src=\"https:\/\/www.europesays.com\/es\/wp-content\/uploads\/2025\/10\/YSWLQMJR5FE3JHICLRLO4JC3ZI.jpg\"  width=\"800\" height=\"400\"\/>A 13 a\u00f1os del retiro de Michael Schumacher, el siete veces campe\u00f3n que domin\u00f3 la F\u00f3rmula 1 y marc\u00f3 una era <\/p>\n<p class=\"c-paragraph\"><b>Michael Schumacher<\/b>, <b>el piloto y gran figura de<\/b><a href=\"https:\/\/radiomitre.cienradios.com\/deportes\/un-historico-de-la-formula-1-destrozo-al-hijo-de-michael-schumacher-no-se-que-podria-aportar-para-ser-util\/\" target=\"_self\" rel=\"nofollow noopener\" title=\"https:\/\/radiomitre.cienradios.com\/deportes\/un-historico-de-la-formula-1-destrozo-al-hijo-de-michael-schumacher-no-se-que-podria-aportar-para-ser-util\/\"><b> la F\u00f3rmula 1<\/b><\/a>, sufri\u00f3 un accidente de esqu\u00ed en diciembre de 2013 que cambi\u00f3 para siempre el rumbo de su vida.<\/p>\n<p class=\"c-paragraph\">Esa jornada le dej\u00f3 lesiones cerebrales que obligaron a los especialistas a someterlo a<b> intervenciones de emergencia y a inducirle un coma para controlar la inflamaci\u00f3n<\/b>.<\/p>\n<p class=\"c-paragraph\">Si bien su familia ha preferido mantenerse en silencio, la evoluci\u00f3n del expiloto sigue resultando de gran inter\u00e9s para el p\u00fablico y para el mundo del deporte, que lo recuerda como <b>uno de los m\u00e1ximos campeones de todos los tiempos<\/b>.<\/p>\n<p>Un accidente que marc\u00f3 un antes y un despu\u00e9s<\/p>\n<p class=\"c-paragraph\">El percance ocurri\u00f3 en la estaci\u00f3n de esqu\u00ed de M\u00e9ribel, en Francia, cuando<b> Michael Schumacher se golpe\u00f3 contra una roca<\/b>. Pese a llevar casco, el impacto fue tan severo que requiri\u00f3 su traslado inmediato a un centro de salud cercano.<\/p>\n<p class=\"c-paragraph\">La gravedad de las lesiones determin\u00f3 que fuera derivado a un hospital donde<b> se le practicaron cirug\u00edas para intentar estabilizarlo<\/b>.<\/p>\n<p class=\"c-paragraph\">Con el paso de los meses, su equipo m\u00e9dico comenz\u00f3 gradualmente a sacarlo del coma, y m\u00e1s adelante fue enviado a<b> una cl\u00ednica suiza para proseguir con la rehabilitaci\u00f3n<\/b>.<\/p>\n<p><img decoding=\"async\" fetchpriority=\"high\" data-chromatic=\"ignore\" alt=\"A 13 a\u00f1os del retiro de Michael Schumacher, el siete veces campe\u00f3n que domin\u00f3 la F\u00f3rmula 1 y marc\u00f3 una era\" class=\"c-image\" loading=\"eager\" src=\"https:\/\/www.europesays.com\/es\/wp-content\/uploads\/2025\/10\/JXR4OMNXFZCVXG3PSLSUMLRHSM.jpg\"  width=\"800\" height=\"400\"\/>A 13 a\u00f1os del retiro de Michael Schumacher, el siete veces campe\u00f3n que domin\u00f3 la F\u00f3rmula 1 y marc\u00f3 una era <\/p>\n<p class=\"c-paragraph\">Durante esa etapa, su familia, encabezada por<b> su esposa Corinna, opt\u00f3 por protegerlo de la exposici\u00f3n medi\u00e1tica<\/b>. <\/p>\n<p class=\"c-paragraph\">Hubo pocas <a href=\"https:\/\/radiomitre.cienradios.com\/deportes\/no-vamos-a-saber-nada-mas-de-el-la-noticia-mas-delicada-sobre-la-salud-de-michael-schumacher-que-dejo-en-shock-al-mundo\/\" target=\"_self\" rel=\"nofollow noopener\" title=\"https:\/\/radiomitre.cienradios.com\/deportes\/no-vamos-a-saber-nada-mas-de-el-la-noticia-mas-delicada-sobre-la-salud-de-michael-schumacher-que-dejo-en-shock-al-mundo\/\">actualizaciones oficiales<\/a> sobre su condici\u00f3n, <b>lo que gener\u00f3 numerosas especulaciones entre fan\u00e1ticos y la prensa internacional<\/b>. <\/p>\n<p class=\"c-paragraph\">A pesar de los tratamientos m\u00e1s avanzados, incluyendo la posibilidad de terapias con c\u00e9lulas madre mencionadas por profesionales en 2022, <b>se desconoce el impacto concreto de esos procedimientos en su estado actual<\/b>.<\/p>\n<p>La vida familiar y un emotivo reencuentro<\/p>\n<p class=\"c-paragraph\">La vida de los <b>Michael Schumacher<\/b> dio un giro, pero ellos mantienen un c\u00edrculo cerrado en torno al expiloto.<\/p>\n<p class=\"c-paragraph\">Su hijo Mick sigui\u00f3 el camino del automovilismo,<b> rindiendo homenaje a un padre que supo marcar un antes y un despu\u00e9s en la F\u00f3rmula 1<\/b>.<\/p>\n<p class=\"c-paragraph\">Por otra parte, en octubre de 2024, la familia vivi\u00f3 un momento conmovedor cuando \u00e9l se present\u00f3, de manera cuidada, en la boda de su hija Gina-Maria. <\/p>\n<p class=\"c-paragraph\">Esa reaparici\u00f3n, aunque breve y en condiciones discretas, puso de relieve la resiliencia del campe\u00f3n y <b>sirvi\u00f3 para recordar su inquebrantable v\u00ednculo con los suyos<\/b>.<\/p>\n<p class=\"c-paragraph\">Hoy, <b>Michael Schumacher <\/b>contin\u00faa su lucha lejos de las c\u00e1maras, mientras los seguidores se aferran a la esperanza de que su progreso sea favorable. <\/p>\n<p class=\"c-paragraph\">El piloto se ha convertido en <b>un s\u00edmbolo de perseverancia<\/b>, y su caso ejemplifica la complejidad de las lesiones cerebrales derivadas de un accidente de esqu\u00ed. <\/p>\n<p class=\"c-paragraph\">Aunque el futuro siga siendo incierto, su figura permanece en<b> la memoria colectiva como una leyenda indiscutida de la F\u00f3rmula 1<\/b>.<\/p>\n","protected":false},"excerpt":{"rendered":"A 13 a\u00f1os del retiro de Michael Schumacher, el siete veces campe\u00f3n que domin\u00f3 la F\u00f3rmula 1 y&hellip;\n","protected":false},"author":2,"featured_media":155889,"comment_status":"","ping_status":"","sticky":false,"template":"","format":"standard","meta":{"footnotes":""},"categories":[270],"tags":[168,25,24,306,271,272,14598,23,167],"class_list":{"0":"post-155888","1":"post","2":"type-post","3":"status-publish","4":"format-standard","5":"has-post-thumbnail","7":"category-formula-1","8":"tag-deportes","9":"tag-es","10":"tag-espana","11":"tag-f1","12":"tag-formula-1","13":"tag-formula1","14":"tag-michael-schumacher","15":"tag-spain","16":"tag-sports"},"share_on_mastodon":{"url":"","error":""},"_links":{"self":[{"href":"https:\/\/www.europesays.com\/es\/wp-json\/wp\/v2\/posts\/155888","targetHints":{"allow":["GET"]}}],"collection":[{"href":"https:\/\/www.europesays.com\/es\/wp-json\/wp\/v2\/posts"}],"about":[{"href":"https:\/\/www.europesays.com\/es\/wp-json\/wp\/v2\/types\/post"}],"author":[{"embeddable":true,"href":"https:\/\/www.europesays.com\/es\/wp-json\/wp\/v2\/users\/2"}],"replies":[{"embeddable":true,"href":"https:\/\/www.europesays.com\/es\/wp-json\/wp\/v2\/comments?post=155888"}],"version-history":[{"count":0,"href":"https:\/\/www.europesays.com\/es\/wp-json\/wp\/v2\/posts\/155888\/revisions"}],"wp:featuredmedia":[{"embeddable":true,"href":"https:\/\/www.europesays.com\/es\/wp-json\/wp\/v2\/media\/155889"}],"wp:attachment":[{"href":"https:\/\/www.europesays.com\/es\/wp-json\/wp\/v2\/media?parent=155888"}],"wp:term":[{"taxonomy":"category","embeddable":true,"href":"https:\/\/www.europesays.com\/es\/wp-json\/wp\/v2\/categories?post=155888"},{"taxonomy":"post_tag","embeddable":true,"href":"https:\/\/www.europesays.com\/es\/wp-json\/wp\/v2\/tags?post=155888"}],"curies":[{"name":"wp","href":"https:\/\/api.w.org\/{rel}","templated":true}]}}