{"id":155892,"date":"2025-10-04T03:20:13","date_gmt":"2025-10-04T03:20:13","guid":{"rendered":"https:\/\/www.europesays.com\/es\/155892\/"},"modified":"2025-10-04T03:20:13","modified_gmt":"2025-10-04T03:20:13","slug":"el-libro-de-falleras-mayores-de-valencia-se-pone-al-dia","status":"publish","type":"post","link":"https:\/\/www.europesays.com\/es\/155892\/","title":{"rendered":"El libro de Falleras Mayores de Val\u00e8ncia se pone al d\u00eda"},"content":{"rendered":"<p class=\"ft-text\">El Ayuntamiento ha presentado el ap\u00e9ndice del libro \u00abFalleras Mayores de Val\u00e8ncia\u00bb, que se escribi\u00f3 hace diez a\u00f1os. En ella se hace un repaso en forma de entrevistas a todas aquellas que ocuparon el cargo adulto, tanto con entrevistas personales como recuperando testimonios de aquellas que ya han fallecido.<\/p>\n<p class=\"ft-text\">La publicaci\u00f3n re\u00fane im\u00e1genes de los propios \u00e1lbumes de fotos de cada una. Ahora, Julio Tormo ha entrevistado a las de la \u00faltima d\u00e9cada para, como si de la enciclopedia taurina del Cossio se tratara, escribir su segundo gran ap\u00e9ndice con aquellas que han ocupado el cargo desde 2015 a 2025, de la misma forma que el anterior fue de 2006 a 2014.<\/p>\n<p class=\"ft-text\">En este periodo, con los testimonios cercanos en la memoria, Julio Tormo relata los acontecimientos recientes m\u00e1s importantes que han ocurrido durante la d\u00e9cada, como los cambios de color en el gobierno municipal, la declaraci\u00f3n de las Fallas como Patrimonio de la Humanidad -con las dos Cridas de Raquel Alario- los gestos o discursos feministas de Roc\u00edo Gil y Marina Civera, la suspensi\u00f3n por la pandemia (Consuelo Llobell tiene dos cap\u00edtulos separados, uno para 2020 y otro para 2021), la suspensi\u00f3n por el incendio de Campanar, la suspensi\u00f3n por la dana o la visita de Carmen Mart\u00edn y Nerea L\u00f3pez al papa Francisco en el Extra de Fallas de Levante-EMV.<\/p>\n<p class=\"ft-text\">El voluminoso libro no entra, como toda la colecci\u00f3n, en casi ning\u00fan detalle escabroso o de claroscuros. En esta ocasi\u00f3n, son una excepci\u00f3n: la dos veces fallera mayor Consuelo Llobell, que no escatima cr\u00edticas a la forma de comunicarle la suspensi\u00f3n de 2020, de no poder ver desde un balc\u00f3n la crem\u00e0 de la Meditadora, la no reconstrucci\u00f3n de la misma en 2021, la ubicaci\u00f3n de la Virgen en la Ofrenda o, en definitiva, la no buena relaci\u00f3n con el entonces concejal Carlos Galiana, mientras que s\u00ed que elogia a Pere Fuset.<\/p>\n<p class=\"ft-text\">Mar\u00eda Jos\u00e9 Catal\u00e1 ha presentado la edici\u00f3n del ap\u00e9ndice, que puede adquirirse en el quiosco municipal de la Plaza del Ayuntamiento y ha recordado que \u201cser fallera mayor de Val\u00e8ncia es un compromiso de por vida con la ciudad y una entrega altruista para siempre. Por eso, esta ciudad siempre ha estado y estar\u00e1 en deuda con ellas\u00bb. El mismo argumento con el que justific\u00f3 la rotulaci\u00f3n de una plaza a nombre de las Falleras Mayores de Val\u00e8ncia. Se incluyen en esta caso, adem\u00e1s, varios anexos, como los actos conjuntos realizados por las falleras mayores de Val\u00e8ncia en los \u00faltimos a\u00f1os y discursos de mantenedores.<\/p>\n","protected":false},"excerpt":{"rendered":"El Ayuntamiento ha presentado el ap\u00e9ndice del libro \u00abFalleras Mayores de Val\u00e8ncia\u00bb, que se escribi\u00f3 hace diez a\u00f1os.&hellip;\n","protected":false},"author":2,"featured_media":155893,"comment_status":"","ping_status":"","sticky":false,"template":"","format":"standard","meta":{"footnotes":""},"categories":[172],"tags":[1250,224,46700,146,147,2958,25,24,40743,41437,1496,225,446,1150,23,235],"class_list":{"0":"post-155892","1":"post","2":"type-post","3":"status-publish","4":"format-standard","5":"has-post-thumbnail","7":"category-libros","8":"tag-ayuntamiento","9":"tag-books","10":"tag-consuelo-llobell","11":"tag-entertainment","12":"tag-entretenimiento","13":"tag-entrevistas","14":"tag-es","15":"tag-espana","16":"tag-fallas-de-valencia","17":"tag-falleras","18":"tag-libro","19":"tag-libros","20":"tag-mayores","21":"tag-pone","22":"tag-spain","23":"tag-valencia"},"share_on_mastodon":{"url":"","error":""},"_links":{"self":[{"href":"https:\/\/www.europesays.com\/es\/wp-json\/wp\/v2\/posts\/155892","targetHints":{"allow":["GET"]}}],"collection":[{"href":"https:\/\/www.europesays.com\/es\/wp-json\/wp\/v2\/posts"}],"about":[{"href":"https:\/\/www.europesays.com\/es\/wp-json\/wp\/v2\/types\/post"}],"author":[{"embeddable":true,"href":"https:\/\/www.europesays.com\/es\/wp-json\/wp\/v2\/users\/2"}],"replies":[{"embeddable":true,"href":"https:\/\/www.europesays.com\/es\/wp-json\/wp\/v2\/comments?post=155892"}],"version-history":[{"count":0,"href":"https:\/\/www.europesays.com\/es\/wp-json\/wp\/v2\/posts\/155892\/revisions"}],"wp:featuredmedia":[{"embeddable":true,"href":"https:\/\/www.europesays.com\/es\/wp-json\/wp\/v2\/media\/155893"}],"wp:attachment":[{"href":"https:\/\/www.europesays.com\/es\/wp-json\/wp\/v2\/media?parent=155892"}],"wp:term":[{"taxonomy":"category","embeddable":true,"href":"https:\/\/www.europesays.com\/es\/wp-json\/wp\/v2\/categories?post=155892"},{"taxonomy":"post_tag","embeddable":true,"href":"https:\/\/www.europesays.com\/es\/wp-json\/wp\/v2\/tags?post=155892"}],"curies":[{"name":"wp","href":"https:\/\/api.w.org\/{rel}","templated":true}]}}