{"id":15590,"date":"2025-07-31T05:31:08","date_gmt":"2025-07-31T05:31:08","guid":{"rendered":"https:\/\/www.europesays.com\/es\/15590\/"},"modified":"2025-07-31T05:31:08","modified_gmt":"2025-07-31T05:31:08","slug":"fiscalidad-y-contabilidad-la-especializacion-de-exito-en-la-gestion-financiera","status":"publish","type":"post","link":"https:\/\/www.europesays.com\/es\/15590\/","title":{"rendered":"Fiscalidad y Contabilidad: la especializaci\u00f3n de \u00e9xito en la gesti\u00f3n financiera"},"content":{"rendered":"<p>            Redacci\u00f3n<\/p>\n<p>Las\u00a0empresas y entidades financieras requieren profesionales con formaci\u00f3n avanzada en el an\u00e1lisis financiero, la contabilidad, los instrumentos financieros y la fiscalidad de las empresas. Una gran cantidad de oportunidades laborales est\u00e1n relacionadas con la contabilidad, las finanzas y el conocimiento de los impuestos. Por ello, el M\u00e1ster en Fiscalidad y Contabilidad de la URJC va dirigido tanto a alumnos reci\u00e9n graduados como a profesionales que quieran ampliar y profundizar en las materias relacionadas con la fiscalidad y contabilidad de las empresas. El perfil b\u00e1sico de alumnos de grado que pueden optar al M\u00e1ster es el de ADE, de la misma forma est\u00e1 abierto a titulaciones de Ciencias Sociales como Pol\u00edticas o Derecho, al igual que otros titulados de grados de ciencias que pretendan complementar su formaci\u00f3n en el campo de las finanzas.\u00a0<\/p>\n<p><strong>Adaptado a las nuevas tendencias empresariales<\/strong>\u00a0<\/p>\n<p>Las peque\u00f1as y medianas empresas han tenido que afrontar una renovaci\u00f3n de contenidos a ra\u00edz del cambio contable, en especial en todos los aspectos referidos a los modelos de valoraci\u00f3n de instrumentos financieros. Las grandes empresas tienen l\u00edneas espec\u00edficas de organizaci\u00f3n interna para la gesti\u00f3n fiscal, departamentos de an\u00e1lisis econ\u00f3mico y financiero y contabilidad en la que se requieren puestos con formaci\u00f3n espec\u00edfica como la suministrada en el M\u00e1ster de Fiscalidad y Contabilidad.\u00a0<\/p>\n<p>En este M\u00e1ster de la URJC se ha reunido a un grupo de profesores y expertos con dilatada experiencia docente y de gesti\u00f3n de impuestos o el an\u00e1lisis financiero. En \u00e9l se estudian y practican los principales impuestos en Espa\u00f1a: IRPF, Impuesto de Sociedades e IVA, Impuestos sobre el Patrimonio y Sucesiones y Donaciones, entre otros. La otra mitad del M\u00e1ster est\u00e1 centrada en la normativa contable y el an\u00e1lisis financiero, esto es, el estudio de los instrumentos financieros, an\u00e1lisis de los estados financieros, contabilidad financiera, contabilidad fiscal, contabilidad de sociedades y software contable.\u00a0<\/p>\n<p>Entre las m\u00faltiples competencias que presenta el M\u00e1ster, los estudiantes adquieren una formaci\u00f3n profunda en materia de contabilidad, an\u00e1lisis de la situaci\u00f3n financiera empresarial, gesti\u00f3n y liquidaci\u00f3n de impuestos y valoraci\u00f3n del fondo de comercio de una empresa.\u00a0<\/p>\n<p><strong>Pr\u00e1cticas orientadas a la inserci\u00f3n laboral<\/strong>\u00a0<\/p>\n<p>Un aspecto importante del M\u00e1ster es la formaci\u00f3n pr\u00e1ctica, que incluye una asignatura de software de contabilidad y talleres pr\u00e1cticos en todas las asignaturas. Los impuestos ocupan asignaturas completas y se analizan con ejercicios aplicados a los modelos oficiales de la agencia Tributaria (AEAT).\u00a0 Las asignaturas financieras est\u00e1n preparadas desde un punto completamente pr\u00e1ctico, a trav\u00e9s de ejercicios que sirven para un buen desempe\u00f1o laboral en los departamentos financieros de las empresas.\u00a0<\/p>\n<p>Los indicadores de calidad han obtenido muy buena valoraci\u00f3n, obteniendo la reacreditaci\u00f3n del M\u00e1ster sin ning\u00fan tipo de modificaci\u00f3n. Otro punto fuerte del M\u00e1ster son las pr\u00e1cticas en empresas. El M\u00e1ster tiene una tasa de inserci\u00f3n laboral cercana al 100%. Muchos de los egresados consiguen empleo indefinido en gestor\u00edas, departamentos contables o fiscales de PYMES y grandes empresas.\u00a0<\/p>\n","protected":false},"excerpt":{"rendered":"Redacci\u00f3n Las\u00a0empresas y entidades financieras requieren profesionales con formaci\u00f3n avanzada en el an\u00e1lisis financiero, la contabilidad, los instrumentos&hellip;\n","protected":false},"author":2,"featured_media":15591,"comment_status":"","ping_status":"","sticky":false,"template":"","format":"standard","meta":{"footnotes":""},"categories":[5],"tags":[17,18,10324,25,24,13,14,10323,11,19,20,10320,9,10,15,16,10325,23,12,21,22,10322,10321],"class_list":{"0":"post-15590","1":"post","2":"type-post","3":"status-publish","4":"format-standard","5":"has-post-thumbnail","7":"category-titulares","8":"tag-breaking-news","9":"tag-breakingnews","10":"tag-contabilidad","11":"tag-es","12":"tag-espana","13":"tag-featured-news","14":"tag-featurednews","15":"tag-fiscalidad","16":"tag-headlines","17":"tag-latest-news","18":"tag-latestnews","19":"tag-master","20":"tag-news","21":"tag-noticias","22":"tag-noticias-destacadas","23":"tag-noticiasdestacadas","24":"tag-practicas","25":"tag-spain","26":"tag-titulares","27":"tag-ultimas-noticias","28":"tag-ultimasnoticias","29":"tag-universidad-rey-juan-carlos","30":"tag-urjc"},"share_on_mastodon":{"url":"","error":""},"_links":{"self":[{"href":"https:\/\/www.europesays.com\/es\/wp-json\/wp\/v2\/posts\/15590","targetHints":{"allow":["GET"]}}],"collection":[{"href":"https:\/\/www.europesays.com\/es\/wp-json\/wp\/v2\/posts"}],"about":[{"href":"https:\/\/www.europesays.com\/es\/wp-json\/wp\/v2\/types\/post"}],"author":[{"embeddable":true,"href":"https:\/\/www.europesays.com\/es\/wp-json\/wp\/v2\/users\/2"}],"replies":[{"embeddable":true,"href":"https:\/\/www.europesays.com\/es\/wp-json\/wp\/v2\/comments?post=15590"}],"version-history":[{"count":0,"href":"https:\/\/www.europesays.com\/es\/wp-json\/wp\/v2\/posts\/15590\/revisions"}],"wp:featuredmedia":[{"embeddable":true,"href":"https:\/\/www.europesays.com\/es\/wp-json\/wp\/v2\/media\/15591"}],"wp:attachment":[{"href":"https:\/\/www.europesays.com\/es\/wp-json\/wp\/v2\/media?parent=15590"}],"wp:term":[{"taxonomy":"category","embeddable":true,"href":"https:\/\/www.europesays.com\/es\/wp-json\/wp\/v2\/categories?post=15590"},{"taxonomy":"post_tag","embeddable":true,"href":"https:\/\/www.europesays.com\/es\/wp-json\/wp\/v2\/tags?post=15590"}],"curies":[{"name":"wp","href":"https:\/\/api.w.org\/{rel}","templated":true}]}}