{"id":155904,"date":"2025-10-04T03:30:16","date_gmt":"2025-10-04T03:30:16","guid":{"rendered":"https:\/\/www.europesays.com\/es\/155904\/"},"modified":"2025-10-04T03:30:16","modified_gmt":"2025-10-04T03:30:16","slug":"la-exposicion-de-los-coloraos-la-ruta-olivobook-y-los-actos-centrales-de-la-vendimia-llenan-de-actividad-el-inicio-de-octubre-en-daimiel","status":"publish","type":"post","link":"https:\/\/www.europesays.com\/es\/155904\/","title":{"rendered":"La exposici\u00f3n de los Coloraos, la ruta Olivobook y los actos centrales de la Vendimia llenan de actividad el inicio de octubre en Daimiel"},"content":{"rendered":"<p><strong>La agenda del primer fin de semana de octubre en Daimiel estar\u00e1 marcada por la inauguraci\u00f3n de la exposici\u00f3n de los Coloraos, la reanudaci\u00f3n de la Fiesta de la Vendimia y la celebraci\u00f3n de la ruta Olivobook, que reunir\u00e1n tradici\u00f3n, patrimonio y deporte en distintas citas repartidas entre el viernes y el domingo.<\/strong><\/p>\n<p><strong>Daimiel Noticias. &#8211;<\/strong> Octubre empieza con cierto dinamismo en Daimiel gracias a una intensa oferta de actividades con punto de partida este mismo viernes por la tarde cuando \u2018Los Coloraos\u2019 inauguran en el Casino de la Armon\u00eda a las 19:30 horas una exposici\u00f3n tem\u00e1tica denominada \u2018Memorias Color\u00e1s\u2019 donde queda recopilada gran parte de la historia y el patrimonio material de la cofrad\u00eda coincidiendo con su 450\u00ba aniversario.\u00a0<\/p>\n<p>La muestra permanecer\u00e1 abierta al p\u00fablico hasta el 11 de octubre en horario de tarde de 18:00 horas a 21:00 horas. Los d\u00edas 3, 4 y 11 de octubre tambi\u00e9n abrir\u00e1 en horario de ma\u00f1ana de 11:00 a 14:00 horas.\u00a0<\/p>\n<p>Un poco m\u00e1s tarde, a las 21:00 horas en otro emplazamiento diferente, el Teatro Ayala, se desenvolver\u00e1 la parte m\u00e1s institucional de la Fiesta de la Vendimia con el preg\u00f3n y entrega de galardones al pisador de honor, Teo Mart\u00ednez, la mantenedora, Mar\u00eda de las Cruces Garc\u00eda-Mu\u00f1oz, y los vendimiadores de honor.<\/p>\n<p><strong>S\u00e1bado, 4 de octubre<\/strong><\/p>\n<p>La ma\u00f1ana del s\u00e1bado el esp\u00edritu del Dakar se estrenar\u00e1 en Daimiel con la ruta Olivobook. Un total de 125 pilotos recorrer\u00e1n este s\u00e1bado 4 de octubre m\u00e1s de 200 kil\u00f3metros de caminos de tierra de toda la provincia en una prueba donde pondr\u00e1n a prueba su habilidad con la navegaci\u00f3n. La salida (08:30 horas) y la llegada (13:00-17:00 horas) ser\u00e1 en el Pabell\u00f3n Ferial. El impulsor y organizador del evento es Carlos S\u00e1nchez, del Daimiel Raid Team, el equipo local que ya ha participado en dos ocasiones en la Desert Panda Trophy Edition.<\/p>\n<p>Y por la tarde-noche contin\u00faa la Fiesta de la Vendimia a las 20:00 horas con la ofrenda a Jes\u00fas Nazareno en la Plaza de la Paz. Desde ah\u00ed partir\u00e1 a las 20:30 horas la tradicional Cabalgata de la Uva. A las 21:30 horas, la Plaza de Espa\u00f1a acoger\u00e1 la \u2018Pis\u00e1\u2019 de la Uva con la participaci\u00f3n del pisador y los vendimiadores de honor. Tras este acto se celebrar\u00e1 una muestra de bailes regionales y el mosto obtenido ser\u00e1 ofrecido a la Virgen de las Cruces en el mural situado en el exterior de la iglesia de Las M\u00ednimas.\u00a0<\/p>\n<p><strong>Domingo, 5 de octubre<\/strong><\/p>\n<p>Los actos del fin de semana concluir\u00e1n con la clausura de la Fiesta de la Vendimia a las 11:30 horas en el Parterre coincidiendo con la iniciativa \u2018Daimiel al Gusto\u2019, que se prolongar\u00e1 hasta las 17:00 horas. Las asociaciones de FEDADA ofrecer\u00e1n la degustaci\u00f3n de siete pinchos t\u00edpicos de la gastronom\u00eda manchega y un postre, elaborados con producto local.\u00a0El precio ser\u00e1 de 13 euros.\u00a0<\/p>\n<p><strong>Restricciones de acceso y aparcamiento<\/strong><\/p>\n<p>La celebraci\u00f3n de los actos centrales de la Fiesta de la Vendimia condicionar\u00e1 el tr\u00e1fico, el aparcamiento de veh\u00edculos y la salida y llegada de los autobuses a Daimiel.<\/p>\n<p>As\u00ed, este s\u00e1bado por la tarde, entre las 18:30 y las 21:30 horas, los viajeros que tengan que coger un bus tendr\u00e1n que dirigirse a la rotonda de la Avenida de los Rosales con calle Escoplillo, el mismo punto que se habilita con las restricciones de Semana Santa.\u00a0<\/p>\n<p>Desde esa misma hora del s\u00e1bado y hasta la finalizaci\u00f3n de la Cabalgata de la Uva estar\u00e1 prohibido estacionar durante su recorrido: Plaza de la Paz, Jes\u00fas, Plaza de Santa Mar\u00eda, Obispo Quesada, Fontecha, M\u00e1rtires y en la zona de la calle M\u00ednimas m\u00e1s cercana al mural dedicado a la Virgen de las Cruces, como informa Polic\u00eda Local.\u00a0<\/p>\n<p>El domingo, con motivo de la celebraci\u00f3n de \u2018Daimiel al gusto\u2019 en el Parterre\u2019, tambi\u00e9n estar\u00e1 prohibido el acceso a las calles Gregorio Molinero y Obispo Quesada.\u00a0\u00a0<\/p>\n","protected":false},"excerpt":{"rendered":"La agenda del primer fin de semana de octubre en Daimiel estar\u00e1 marcada por la inauguraci\u00f3n de la&hellip;\n","protected":false},"author":2,"featured_media":155905,"comment_status":"","ping_status":"","sticky":false,"template":"","format":"standard","meta":{"footnotes":""},"categories":[8],"tags":[46704,17,18,46706,3010,25,24,13,14,46705,11,19,20,9,10,15,16,23,12,21,22],"class_list":{"0":"post-155904","1":"post","2":"type-post","3":"status-publish","4":"format-standard","5":"has-post-thumbnail","7":"category-espana","8":"tag-agenda-fin-de-semana","9":"tag-breaking-news","10":"tag-breakingnews","11":"tag-coloraos","12":"tag-daimiel","13":"tag-es","14":"tag-espana","15":"tag-featured-news","16":"tag-featurednews","17":"tag-fiesta-de-la-vendimia","18":"tag-headlines","19":"tag-latest-news","20":"tag-latestnews","21":"tag-news","22":"tag-noticias","23":"tag-noticias-destacadas","24":"tag-noticiasdestacadas","25":"tag-spain","26":"tag-titulares","27":"tag-ultimas-noticias","28":"tag-ultimasnoticias"},"share_on_mastodon":{"url":"","error":""},"_links":{"self":[{"href":"https:\/\/www.europesays.com\/es\/wp-json\/wp\/v2\/posts\/155904","targetHints":{"allow":["GET"]}}],"collection":[{"href":"https:\/\/www.europesays.com\/es\/wp-json\/wp\/v2\/posts"}],"about":[{"href":"https:\/\/www.europesays.com\/es\/wp-json\/wp\/v2\/types\/post"}],"author":[{"embeddable":true,"href":"https:\/\/www.europesays.com\/es\/wp-json\/wp\/v2\/users\/2"}],"replies":[{"embeddable":true,"href":"https:\/\/www.europesays.com\/es\/wp-json\/wp\/v2\/comments?post=155904"}],"version-history":[{"count":0,"href":"https:\/\/www.europesays.com\/es\/wp-json\/wp\/v2\/posts\/155904\/revisions"}],"wp:featuredmedia":[{"embeddable":true,"href":"https:\/\/www.europesays.com\/es\/wp-json\/wp\/v2\/media\/155905"}],"wp:attachment":[{"href":"https:\/\/www.europesays.com\/es\/wp-json\/wp\/v2\/media?parent=155904"}],"wp:term":[{"taxonomy":"category","embeddable":true,"href":"https:\/\/www.europesays.com\/es\/wp-json\/wp\/v2\/categories?post=155904"},{"taxonomy":"post_tag","embeddable":true,"href":"https:\/\/www.europesays.com\/es\/wp-json\/wp\/v2\/tags?post=155904"}],"curies":[{"name":"wp","href":"https:\/\/api.w.org\/{rel}","templated":true}]}}