{"id":155909,"date":"2025-10-04T03:33:21","date_gmt":"2025-10-04T03:33:21","guid":{"rendered":"https:\/\/www.europesays.com\/es\/155909\/"},"modified":"2025-10-04T03:33:21","modified_gmt":"2025-10-04T03:33:21","slug":"dip-sandra-arreola-sobre-tauromaquia-monitorexpresso-com","status":"publish","type":"post","link":"https:\/\/www.europesays.com\/es\/155909\/","title":{"rendered":"Dip. Sandra Arreola sobre tauromaquia \u2013 MonitorExpresso.com"},"content":{"rendered":"<p>Morelia Mich.- La diputada local Sandra Arreola, del Partido Verde Ecologista de M\u00e9xico (PVEM), se pronunci\u00f3 con firmeza a favor de la reciente prohibici\u00f3n de espect\u00e1culos que implican maltrato animal, entre ellos las corridas de toros, postura que ha generado debate en el estado y en el pa\u00eds.<\/p>\n<p>Sandra, quien se autodefine como una legisladora congruente y con convicci\u00f3n animalista, explic\u00f3 que su trayectoria pol\u00edtica en el PVEM responde a una convicci\u00f3n personal, que es la defensa del medio ambiente y de los animales:<br \/>\u201cLa cultura y las tradiciones tienen que evolucionar. No nos podemos quedar con ese pretexto, es evidente que hay crueldad\u201d, mencion\u00f3 la diputada, recordando que en otros tiempos tambi\u00e9n existieron espect\u00e1culos violentos que hoy ser\u00edan inadmisibles.<\/p>\n<p>La diputada record\u00f3 que desde diciembre de 2024, la federaci\u00f3n estableci\u00f3 una prohibici\u00f3n general al maltrato animal, y en Michoac\u00e1n este tema se reforz\u00f3 en abril pasado con la aprobaci\u00f3n de una iniciativa presentada por la diputada Giulianna Bugarini, con quien comparte participaci\u00f3n en la comisi\u00f3n de Desarrollo Sustentable y Medio Ambiente. Dicha iniciativa proh\u00edbe espect\u00e1culos donde exista violencia contra animales.<\/p>\n<p>Ante los cuestionamientos del gremio taurino sobre el impacto econ\u00f3mico, Sandra Arreola afirm\u00f3 que las propias ganader\u00edas y matadores han diversificado sus actividades al reconocer desde hace tiempo la falta de rentabilidad del espect\u00e1culo:<br \/>\u201cLa crianza de toros de lidia es solo una rama de las ganader\u00edas, muchas veces propiedad de los mismos toreros\u201d. Adem\u00e1s, subray\u00f3 que actualmente las plazas de toros se utilizan m\u00e1s para conciertos y eventos musicales que para corridas.<\/p>\n<p>La legisladora descart\u00f3 que este tema, se trate de un asunto pol\u00edtico, como lo argumentan algunos toreros, y respald\u00f3 su opini\u00f3n en datos de opini\u00f3n p\u00fablica, negando el que sea pol\u00edtico, argumentando que 70% de mexicanos no est\u00e1 de acuerdo con las corridas, mencionando tambi\u00e9n que M\u00e9xico era un pa\u00eds taurino, pero las nuevas generaciones ya no muestran inter\u00e9s en dicho espect\u00e1culo.<\/p>\n<p>No obstante, reconoci\u00f3 que su postura le ha costado ser blanco de cr\u00edticas y agresiones, tanto en redes sociales como en espacios p\u00fablicos. A pesar de ello, asegur\u00f3 que mantiene una disposici\u00f3n abierta al di\u00e1logo con el gremio taurino, siempre con respeto, pero sin abandonar su congruencia con la defensa de los animales.<\/p>\n","protected":false},"excerpt":{"rendered":"Morelia Mich.- La diputada local Sandra Arreola, del Partido Verde Ecologista de M\u00e9xico (PVEM), se pronunci\u00f3 con firmeza&hellip;\n","protected":false},"author":2,"featured_media":155910,"comment_status":"","ping_status":"","sticky":false,"template":"","format":"standard","meta":{"footnotes":""},"categories":[277],"tags":[373,168,25,24,23,167,374],"class_list":{"0":"post-155909","1":"post","2":"type-post","3":"status-publish","4":"format-standard","5":"has-post-thumbnail","7":"category-toreo","8":"tag-bullfighting","9":"tag-deportes","10":"tag-es","11":"tag-espana","12":"tag-spain","13":"tag-sports","14":"tag-toreo"},"share_on_mastodon":{"url":"","error":""},"_links":{"self":[{"href":"https:\/\/www.europesays.com\/es\/wp-json\/wp\/v2\/posts\/155909","targetHints":{"allow":["GET"]}}],"collection":[{"href":"https:\/\/www.europesays.com\/es\/wp-json\/wp\/v2\/posts"}],"about":[{"href":"https:\/\/www.europesays.com\/es\/wp-json\/wp\/v2\/types\/post"}],"author":[{"embeddable":true,"href":"https:\/\/www.europesays.com\/es\/wp-json\/wp\/v2\/users\/2"}],"replies":[{"embeddable":true,"href":"https:\/\/www.europesays.com\/es\/wp-json\/wp\/v2\/comments?post=155909"}],"version-history":[{"count":0,"href":"https:\/\/www.europesays.com\/es\/wp-json\/wp\/v2\/posts\/155909\/revisions"}],"wp:featuredmedia":[{"embeddable":true,"href":"https:\/\/www.europesays.com\/es\/wp-json\/wp\/v2\/media\/155910"}],"wp:attachment":[{"href":"https:\/\/www.europesays.com\/es\/wp-json\/wp\/v2\/media?parent=155909"}],"wp:term":[{"taxonomy":"category","embeddable":true,"href":"https:\/\/www.europesays.com\/es\/wp-json\/wp\/v2\/categories?post=155909"},{"taxonomy":"post_tag","embeddable":true,"href":"https:\/\/www.europesays.com\/es\/wp-json\/wp\/v2\/tags?post=155909"}],"curies":[{"name":"wp","href":"https:\/\/api.w.org\/{rel}","templated":true}]}}