{"id":155911,"date":"2025-10-04T03:38:09","date_gmt":"2025-10-04T03:38:09","guid":{"rendered":"https:\/\/www.europesays.com\/es\/155911\/"},"modified":"2025-10-04T03:38:09","modified_gmt":"2025-10-04T03:38:09","slug":"horner-y-su-busqueda-de-regresar-a-la-formula-1","status":"publish","type":"post","link":"https:\/\/www.europesays.com\/es\/155911\/","title":{"rendered":"Horner y su b\u00fasqueda de regresar a la F\u00f3rmula 1"},"content":{"rendered":"<p>\t\t\t\t\tLo que necesitas saber:<\/p>\n<p>Horner lleg\u00f3 a un acuerdo con Red Bull para poder integrarse a cualquier equipo a partir de 2026<\/p>\n<p><strong>Christian Horner <\/strong>tiene toda la intenci\u00f3n de <strong>volver a la F\u00f3rmula 1 en 2026<\/strong>, y por eso anda ech\u00e1ndole llamadas a todos los due\u00f1os de equipos. As\u00ed lo revel\u00f3 Andy Cowell, jefe de Aston Martin.<\/p>\n<p>Recordemos que <strong>Horner alcanz\u00f3 un acuerdo con Red Bull para poder regresar a la F1 en 2026 con cualquier otro equipo <\/strong>(<a href=\"https:\/\/www.sopitas.com\/desde-el-paddock\/christian-honer-liquidacion-red-bull-futuro\/\" target=\"_blank\" rel=\"noreferrer noopener nofollow\">con una liquidaci\u00f3n millonaria de por medio<\/a>). Y s\u00ed, por ah\u00ed ya andan sonando nombres como Aston Martin y Haas.<\/p>\n<p><img loading=\"lazy\" decoding=\"async\" width=\"1024\" height=\"683\" src=\"https:\/\/www.europesays.com\/es\/wp-content\/uploads\/2025\/10\/RB21-sera-evolucion-RB20-Red-Bull-horner.jpg\" alt=\"RB21 sera evolucion RB20 Red Bull\" class=\"wp-image-1757562\"\/>Christian Horner con el RB20 \/ Getty<\/p>\n<p>Horner est\u00e1 llamando a los due\u00f1os de equipos para volver a la F\u00f3rmula 1<\/p>\n<p>Es por ello que, en el marco del <a href=\"https:\/\/www.sopitas.com\/desde-el-paddock\/gran-premio-singapur-formula-1-ver-en-vivo\/\" target=\"_blank\" rel=\"noreferrer noopener nofollow\">GP de Singapur<\/a>, se cuestion\u00f3 a representantes de esos equipos sobre si <strong>Horner <\/strong>se ha acercado a ellos para pedirles chamba.<\/p>\n<p><strong>\u201cS\u00ed, se ha acercado a nosotros. Hubo una charla exploratoria con \u00e9l, pero no ha ido m\u00e1s all\u00e1\u201d<\/strong>, respondi\u00f3 Ayao Komatsu,\u00a0director de <strong>Haas<\/strong>. <\/p>\n<p><img loading=\"lazy\" decoding=\"async\" width=\"1024\" height=\"683\" src=\"https:\/\/www.europesays.com\/es\/wp-content\/uploads\/2025\/10\/peter-crolla-haas-f1.jpg\" alt=\"Peter Crolla junto a Ayao Komatsu\" class=\"wp-image-1784254\"\/>Peter Crolla junto a Ayao Komatsu \/ Getty<\/p>\n<p><strong>Andy Cowell <\/strong>primero evit\u00f3 confirmar o negar inter\u00e9s por <strong>Horner,<\/strong> pero ahora s\u00ed fue m\u00e1s claro y dijo que <strong>\u201cno hay planes para la participaci\u00f3n de Christian en el equipo, ni en un rol operativo, ni en una funci\u00f3n de inversi\u00f3n en el futuro\u201d. <\/strong><\/p>\n<p>Seg\u00fan retoma <a href=\"https:\/\/www.skysports.com\/f1\/news\/12433\/13443349\/christian-horner-aston-martin-have-no-plans-to-bring-former-red-bull-team-principal-on-board-says-andy-cowell\" target=\"_blank\" rel=\"noreferrer noopener nofollow\">Sky Sports<\/a>, tambi\u00e9n mencion\u00f3 que Lawrence Stroll le hizo saber que <strong>Horner<\/strong> ha estado haciendo muchas llamadas para ver si hay alg\u00fan chance de<strong> volver a la F\u00f3rmula 1<\/strong>. \u201cParece que <strong>Christian est\u00e1 llamando a casi todos los due\u00f1os de equipos en este momento<\/strong>\u201c, fueron sus palabras.<\/p>\n<p><img loading=\"lazy\" decoding=\"async\" width=\"900\" height=\"641\" src=\"https:\/\/www.europesays.com\/es\/wp-content\/uploads\/2025\/10\/christian-horner-red-bull-f1.jpg\" alt=\"Christian Horner, director de Red Bull\" class=\"wp-image-1682581\"\/>Christian Horner, director de Red Bull \u2013 Foto: Reuters<\/p>\n<p>Pero Horner no busca trabajo, sino invertir su dinero<\/p>\n<p>Ahora bien, lo anterior puede sonar a que <strong>Horner anda desesperado por conseguir chamba en la F1,<\/strong> pero no es precisamente as\u00ed.<\/p>\n<p>Fuentes consultadas por el citado medio apuntan a que <strong>Horner no busca ser jefe de equipo ni un puesto operacional,<\/strong> sino que <strong>est\u00e1 preguntando a los due\u00f1os de las escuder\u00edas sobre la posibilidad de ser accionista del equipo<\/strong>.<\/p>\n<p>Reportan que no solo se ha reunido con due\u00f1os de equipos, tambi\u00e9n con representantes de grupos empresariales y bancos globales; vaya, que su intenci\u00f3n es estar en un escritorio como copropietario y ya no solo en las pistas, por decirlo de alguna manera.<\/p>\n<p>\u00bfT\u00fa qu\u00e9 piensas? <strong>\u00bfVolver\u00e1 Horner a la F\u00f3rmula 1 pronto?<\/strong> Nom\u00e1s imag\u00ednate que se convierta en accionista de Cadillac ahora que Checo se uni\u00f3 al equipo. \u00a1Pfffff!<\/p>\n<p><img loading=\"lazy\" decoding=\"async\" width=\"1024\" height=\"531\" src=\"https:\/\/www.europesays.com\/es\/wp-content\/uploads\/2025\/10\/horner-equipo-ideal-red-bull-checo-perez-1024x531.jpg\" alt=\"Horner excluye a Checo P\u00e9rez de su equipo ideal en sus a\u00f1os con Red Bull\" class=\"wp-image-1827457\"  \/>Foto: Getty<\/p>\n<p>\t\tTodo lo que no sab\u00edas que necesitas saber lo encuentras en Sopitas.com<\/p>\n","protected":false},"excerpt":{"rendered":"Lo que necesitas saber: Horner lleg\u00f3 a un acuerdo con Red Bull para poder integrarse a cualquier equipo&hellip;\n","protected":false},"author":2,"featured_media":155912,"comment_status":"","ping_status":"","sticky":false,"template":"","format":"standard","meta":{"footnotes":""},"categories":[270],"tags":[4671,168,5333,25,24,306,271,272,23,167],"class_list":{"0":"post-155911","1":"post","2":"type-post","3":"status-publish","4":"format-standard","5":"has-post-thumbnail","7":"category-formula-1","8":"tag-christian-horner","9":"tag-deportes","10":"tag-desde-el-paddock","11":"tag-es","12":"tag-espana","13":"tag-f1","14":"tag-formula-1","15":"tag-formula1","16":"tag-spain","17":"tag-sports"},"share_on_mastodon":{"url":"","error":""},"_links":{"self":[{"href":"https:\/\/www.europesays.com\/es\/wp-json\/wp\/v2\/posts\/155911","targetHints":{"allow":["GET"]}}],"collection":[{"href":"https:\/\/www.europesays.com\/es\/wp-json\/wp\/v2\/posts"}],"about":[{"href":"https:\/\/www.europesays.com\/es\/wp-json\/wp\/v2\/types\/post"}],"author":[{"embeddable":true,"href":"https:\/\/www.europesays.com\/es\/wp-json\/wp\/v2\/users\/2"}],"replies":[{"embeddable":true,"href":"https:\/\/www.europesays.com\/es\/wp-json\/wp\/v2\/comments?post=155911"}],"version-history":[{"count":0,"href":"https:\/\/www.europesays.com\/es\/wp-json\/wp\/v2\/posts\/155911\/revisions"}],"wp:featuredmedia":[{"embeddable":true,"href":"https:\/\/www.europesays.com\/es\/wp-json\/wp\/v2\/media\/155912"}],"wp:attachment":[{"href":"https:\/\/www.europesays.com\/es\/wp-json\/wp\/v2\/media?parent=155911"}],"wp:term":[{"taxonomy":"category","embeddable":true,"href":"https:\/\/www.europesays.com\/es\/wp-json\/wp\/v2\/categories?post=155911"},{"taxonomy":"post_tag","embeddable":true,"href":"https:\/\/www.europesays.com\/es\/wp-json\/wp\/v2\/tags?post=155911"}],"curies":[{"name":"wp","href":"https:\/\/api.w.org\/{rel}","templated":true}]}}