{"id":155916,"date":"2025-10-04T03:47:10","date_gmt":"2025-10-04T03:47:10","guid":{"rendered":"https:\/\/www.europesays.com\/es\/155916\/"},"modified":"2025-10-04T03:47:10","modified_gmt":"2025-10-04T03:47:10","slug":"asi-queda-la-clasificacion-de-la-euroliga","status":"publish","type":"post","link":"https:\/\/www.europesays.com\/es\/155916\/","title":{"rendered":"as\u00ed queda la clasificaci\u00f3n de la Euroliga"},"content":{"rendered":"<p data-gtm-element-container=\"modulo-texto-link\" class=\"paragraph\">Triunf\u00f3 el <strong>Bar\u00e7a<\/strong> en Atenas. El equipo que dirige Pe\u00f1arroya complet\u00f3 un s\u00f3lido encuentro <a href=\"https:\/\/www.mundodeportivo.com\/baloncesto\/euroliga\/20251003\/1002544389\/96-103-nuevo-barca-lanza-oaka-mensaje-dudan.html\" target=\"_blank\" rel=\"nofollow noopener\">ante el <strong>Panathinaikos <\/strong>de Ataman (96-103) y sum\u00f3 la primera victoria en <strong>Euroliga<\/strong><\/a> en una fren\u00e9tica segunda jornada de competici\u00f3n. Los azulgrana cierran la primera semana con un triunfo y una derrota.<\/p>\n<p>        Lee tambi\u00e9n<\/p>\n<p>    Eloy Rodellar<\/p>\n<p>             <img loading=\"lazy\" decoding=\"async\" data-full-src=\"https:\/\/www.mundodeportivo.com\/uploads\/2025\/10\/03\/68e041a1b72a2.jpeg\" alt=\"Jasikevicius durante el partido de Euroliga ante el Zalgiris\" width=\"334\" height=\"164\" src=\"https:\/\/www.europesays.com\/es\/wp-content\/uploads\/2025\/10\/68e041a1b72a2.jpeg\" class=\"lazy\"\/><\/p>\n<p data-gtm-element-container=\"modulo-texto-link\" class=\"paragraph\">El primer viernes de Euroliga lo estren\u00f3 el <strong>Zalgiris<\/strong>, dando la campanada ante el <strong>Fenerbahce <\/strong>de Jasikevicius (84-81). Un soberbio Baldwin IV, con 36 puntos, no pudo hacer nada ante los 20 de Williams-Goss y los 18 de Francisco.\u00a0<\/p>\n<p data-gtm-element-container=\"modulo-texto-link\" class=\"paragraph\">El triunfo del <strong>ASVEL <\/strong>ante un desubicado <strong>Baskonia <\/strong>dej\u00f3 la primera victoria para el equipo franc\u00e9s, que perdi\u00f3 en la primera jornada ante un <strong>Valencia Basket<\/strong> que acumula dos triunfos. Los de Pedro Mart\u00ednez vencieron al <strong>Virtus Bolonia<\/strong> en otra exhibici\u00f3n de De Larrea y se colocan en segunda posici\u00f3n.\u00a0<\/p>\n<p>                         Ampliar<\/p>\n<p>                <img loading=\"lazy\" decoding=\"async\" data-full-src=\"https:\/\/www.mundodeportivo.com\/uploads\/2025\/10\/03\/68e04683a0aae.jpeg\" alt=\"As\u00ed queda la clasificaci\u00f3n de la Euroliga tras la segunda jornada\" width=\"449\" height=\"518\" src=\"https:\/\/www.europesays.com\/es\/wp-content\/uploads\/2025\/10\/68e04683a0aae.jpeg\" class=\"lazy\"\/><\/p>\n<p class=\"caption-title \">As\u00ed queda la clasificaci\u00f3n de la Euroliga tras la segunda jornada<\/p>\n<p>                    Captura<\/p>\n<p data-gtm-element-container=\"modulo-texto-link\" class=\"paragraph\">El <strong>Hapoel Tel Aviv<\/strong> sum\u00f3 su segunda victoria de la temporada al derrotar al <strong>Anadolu Efes<\/strong> a domicilio y se coloca en lo m\u00e1s alto de la clasificaci\u00f3n, mientras que el <strong>M\u00f3naco <\/strong>estren\u00f3 su registro de triunfos al superar al <strong>Dub\u00e1i Basketball<\/strong>. Mirotic, con 19 puntos, fue el mejor del partido.<\/p>\n<p>        Lee tambi\u00e9n<\/p>\n<p>    Eloy Rodellar<\/p>\n<p>             <img loading=\"lazy\" decoding=\"async\" data-full-src=\"https:\/\/www.mundodeportivo.com\/uploads\/2025\/10\/03\/68dfe56f65312.jpeg\" alt=\"Jabari Parker y Leandro Bolmaro protagonizaron una jugada pol\u00e9mica en la segunda jornada de Euroliga\" width=\"334\" height=\"164\" src=\"https:\/\/www.europesays.com\/es\/wp-content\/uploads\/2025\/10\/68dfe56f65312.r_d.908-503.jpeg\" class=\"lazy\"\/><\/p>\n<p data-gtm-element-container=\"modulo-texto-link\" class=\"paragraph\">La segunda jornada dej\u00f3 tambi\u00e9n el jueves el triunfo del <strong>Real Madrid<\/strong> ante el Olympiacos, el del <strong>Bayern <\/strong>ante el Estrella Roja y el del <strong>Partizan<\/strong> ante el Armani Milan.\u00a0<\/p>\n","protected":false},"excerpt":{"rendered":"Triunf\u00f3 el Bar\u00e7a en Atenas. El equipo que dirige Pe\u00f1arroya complet\u00f3 un s\u00f3lido encuentro ante el Panathinaikos de&hellip;\n","protected":false},"author":2,"featured_media":155917,"comment_status":"","ping_status":"","sticky":false,"template":"","format":"standard","meta":{"footnotes":""},"categories":[93],"tags":[168,25,24,23,167],"class_list":{"0":"post-155916","1":"post","2":"type-post","3":"status-publish","4":"format-standard","5":"has-post-thumbnail","7":"category-deportes","8":"tag-deportes","9":"tag-es","10":"tag-espana","11":"tag-spain","12":"tag-sports"},"share_on_mastodon":{"url":"","error":""},"_links":{"self":[{"href":"https:\/\/www.europesays.com\/es\/wp-json\/wp\/v2\/posts\/155916","targetHints":{"allow":["GET"]}}],"collection":[{"href":"https:\/\/www.europesays.com\/es\/wp-json\/wp\/v2\/posts"}],"about":[{"href":"https:\/\/www.europesays.com\/es\/wp-json\/wp\/v2\/types\/post"}],"author":[{"embeddable":true,"href":"https:\/\/www.europesays.com\/es\/wp-json\/wp\/v2\/users\/2"}],"replies":[{"embeddable":true,"href":"https:\/\/www.europesays.com\/es\/wp-json\/wp\/v2\/comments?post=155916"}],"version-history":[{"count":0,"href":"https:\/\/www.europesays.com\/es\/wp-json\/wp\/v2\/posts\/155916\/revisions"}],"wp:featuredmedia":[{"embeddable":true,"href":"https:\/\/www.europesays.com\/es\/wp-json\/wp\/v2\/media\/155917"}],"wp:attachment":[{"href":"https:\/\/www.europesays.com\/es\/wp-json\/wp\/v2\/media?parent=155916"}],"wp:term":[{"taxonomy":"category","embeddable":true,"href":"https:\/\/www.europesays.com\/es\/wp-json\/wp\/v2\/categories?post=155916"},{"taxonomy":"post_tag","embeddable":true,"href":"https:\/\/www.europesays.com\/es\/wp-json\/wp\/v2\/tags?post=155916"}],"curies":[{"name":"wp","href":"https:\/\/api.w.org\/{rel}","templated":true}]}}