{"id":155919,"date":"2025-10-04T03:49:29","date_gmt":"2025-10-04T03:49:29","guid":{"rendered":"https:\/\/www.europesays.com\/es\/155919\/"},"modified":"2025-10-04T03:49:29","modified_gmt":"2025-10-04T03:49:29","slug":"la-salud-de-kate-middleton-y-de-carlos-iii-mencion-a-harry-como-afronto-lo-peor-y-los-cambios-que-hara-como-rey","status":"publish","type":"post","link":"https:\/\/www.europesays.com\/es\/155919\/","title":{"rendered":"la salud de Kate Middleton y de Carlos III, menci\u00f3n a Harry, c\u00f3mo afront\u00f3 lo peor y los cambios que har\u00e1 como rey"},"content":{"rendered":"<p>Si bien no es extra\u00f1o que los miembros de la familia real brit\u00e1nica concedan entrevistas, no suelen ser tan sinceras como la que ha dado el pr\u00edncipe Guillermo al programa The Reluctant Traveller de Apple TV+. Evidentemente m\u00e1s abiertas fueron <a href=\"https:\/\/www.huffingtonpost.es\/entry\/lady-di-25-anos-despues-de-su-muerte-una-estrella-que-no-se-apaga_es_63089896e4b088f7423350f5.html\" rel=\"nofollow noopener\" target=\"_blank\">aquella de Lady Di para Panorama<\/a> y la de Harry y Meghan a Oprah Winfrey, pero esto es algo que no tiene nada que ver. <b>El pr\u00edncipe de Gales ha querido abrirse sobre muchos temas, pero sin llegar a tanto<\/b>.<\/p>\n<p>El encargado de la entrevista fue Eugene Levy, legendario actor con un amplio curr\u00edculum a sus espaldas, pero que quiz\u00e1 muchos recuerdan por su papel en la saga American Pie. <b>El pr\u00edncipe Guillermo vio las pel\u00edculas en su momento con sus amigos y era fan<\/b>, tal y como confes\u00f3 al int\u00e9rprete que dio vida al padre del protagonista.<\/p>\n<p>Todo empez\u00f3 en el Castillo de Windsor, donde <b>el heredero cit\u00f3 a Levy y le hizo esperar porque ha confesado que suele llegar tarde<\/b>. Guillermo lleg\u00f3 con el patinete el\u00e9ctrico que utiliza para acercarse a la residencia real para tratar de ser puntual: \u00abSiempre llego tarde, as\u00ed que pens\u00e9 que esta era la manera de cumplir con mis reuniones. <b>Mi padre pasa mucho tiempo aqu\u00ed, pero en realidad no vivimos en el castillo<\/b>, nosotros <a href=\"https:\/\/www.huffingtonpost.es\/life\/influencers-celebrities\/los-verdaderos-motivos-principe-guillermo-kate-middleton-mudan-forest-lodge-y-espacio.html\" rel=\"nofollow noopener\" target=\"_blank\">vivimos a las afueras<\/a>. Pero venimos y usamos Windsor para trabajar y para reuniones. De todas formas, sigo llegando tarde con frecuencia\u00bb, expres\u00f3 al encontrarse con Levy.<\/p>\n<p>Antes de ir a tomar algo al pub The Two Brewers, el pr\u00edncipe de Gales mostr\u00f3 al actor diversos lugares de Windsor Castle,<a href=\"https:\/\/www.huffingtonpost.es\/virales\/el-principe-guillermo-recuerda-isabel-ii-felipewindsor.html\" rel=\"nofollow noopener\" target=\"_blank\"> <b>recordando a sus fallecidos abuelos, Isabel II y el duque de Edimburgo<\/b><\/a>: \u00abLes echo mucho de menos. \u201cTuve una buena relaci\u00f3n con ellos. Mis abuelos eran de otra generaci\u00f3n. Creo que cuando \u00e9ramos j\u00f3venes, era m\u00e1s dif\u00edcil tener un v\u00ednculo tan cercano porque todo era bastante formal, pero a medida que fue pasando el tiempo, la relaci\u00f3n se fue haciendo cada vez m\u00e1s cercana y <b>creo que nuestro mejor momento fue cuando ten\u00edan m\u00e1s de ochenta a\u00f1os y se hab\u00edan relajado un poco<\/b>\u00ab.<\/p>\n<p>A\u00f1adi\u00f3 que Windsor para \u00e9l siempre ser\u00e1 su abuela, a la que le encantaba estar all\u00ed, y que su abuelo \u00ab<b>era incre\u00edblemente divertido, a veces sin pretenderlo<\/b>. Pero nos re\u00edamos mucho y ten\u00eda un gran sentido del humor, al igual que mi abuela\u00bb.<\/p>\n<p><img decoding=\"async\" loading=\"lazy\" src=\"https:\/\/img2.huffingtonpost.es\/files\/image_720\/uploads\/2022\/12\/11\/639601a6e8d72.jpeg\" width=\"720\" height=\"0\"  data-full-src=\"https:\/\/www.europesays.com\/es\/wp-content\/uploads\/2025\/10\/639601a6e8d72.jpeg\" \/><\/p>\n<p>            \u00a0<\/p>\n<p>        Isabel II y Felipe de Edimburgo en el Museo National de la Armada, en Londres, el 16 de marzo de 2017.Hannah Mckay \/ Reuters<\/p>\n<p>Pero no fue lo \u00fanico que comparti\u00f3 de su familia. Pese a lo duro que ha sido y que sigue siendo para \u00e9l, no obvi\u00f3 las preguntas sobre la salud de Kate Middleton y de Carlos III, ambos enfermos de c\u00e1ncer, pero en distintos puntos. Ella est\u00e1 en remisi\u00f3n, mientras que su padre todav\u00eda sigue en tratamiento: \u00ab<b>Dir\u00eda que 2024 fue el a\u00f1o m\u00e1s dif\u00edcil de mi vida intentando encontrar un equilibrio entre la protecci\u00f3n de los ni\u00f1os y Catherine<\/b>. Mi padre tambi\u00e9n necesita un poco de protecci\u00f3n, pero \u00e9l ya tiene edad suficiente para hacerlo \u00e9l mismo. Pero es importante que mi familia se sienta protegida y tenga el espacio para procesar muchas de las cosas que sucedieron el a\u00f1o pasado, y fue dif\u00edcil intentarlo y seguir con el trabajo\u00bb, manifest\u00f3 el heredero.<\/p>\n<p>\u00abPero todos tenemos desaf\u00edos y es importante seguir adelante. As\u00ed que disfruto de mi trabajo, pero a veces hay aspectos, como <b>los medios de comunicaci\u00f3n, la especulaci\u00f3n, el escrutinio, que lo hacen un poco m\u00e1s dif\u00edcil que si tuviera otro trabajo<\/b>. Simplemente se trata de asegurarme de que todo esto no pueda conmigo ni se entrometa en momentos en los que solo necesito un poco de espacio y un poco de paz y tranquilidad\u00bb, declar\u00f3 el pr\u00edncipe de Gales, que sin duda no habr\u00e1 podido olvidar todo lo que sucedi\u00f3 en los primeros meses de 2024, cuando <b>su mujer y su padre fueron diagnosticados de c\u00e1ncer casi al mismo tiempo<\/b> y la desaparici\u00f3n p\u00fablica de la princesa de Gales dio p\u00e1bulo a una serie de alocadas teor\u00edas, algunas de ellas tan dolorosas como que <a href=\"https:\/\/www.huffingtonpost.es\/life\/influencers-celebrities\/papel-rose-hanbury-supuesta-amante-principe-guillermo-coronacion-carlos-iii.html\" rel=\"nofollow noopener\" target=\"_blank\">Guillermo ten\u00eda como amante a Rose Hanbury<\/a>. Todo aquello pas\u00f3, pero lo pasaron realmente mal.<\/p>\n<p><img decoding=\"async\" loading=\"lazy\" src=\"https:\/\/img2.huffingtonpost.es\/files\/image_720\/uploads\/2025\/09\/16\/kate-middleton-hace-la-reverencia-a-carlos-iii-en-el-funeral-de-la-duquesa-de-kent-en-la-catedral-de-westminster.jpeg\" width=\"720\" height=\"0\"  data-full-src=\"https:\/\/www.europesays.com\/es\/wp-content\/uploads\/2025\/10\/kate-middleton-hace-la-reverencia-a-carlos-iii-en-el-funeral-de-la-duquesa-de-kent-en-la-catedral-de.jpeg\" \/><\/p>\n<p>            \u00a0<\/p>\n<p>        Kate Middleton hace la reverencia a Carlos III en el funeral de la duquesa de Kent en la catedral de Westminster.Samir Hussein\/WireImage<\/p>\n<p>Pero por supuesto salieron m\u00e1s fuertes y se siente orgulloso de su padre y de su esposa por c\u00f3mo han manejado su enfermedad, y tambi\u00e9n de c\u00f3mo sus hijos han afrontado el golpe que ha sufrido su familia: \u00abSabes que la vida tambi\u00e9n nos pone a prueba y sin duda a veces puede ser un desaf\u00edo. Poder superarlo es lo que nos hace quienes somos. <b>Estoy muy orgulloso de mi esposa y mi padre por c\u00f3mo han manejado todo el a\u00f1o pasado<\/b>. Mis hijos tambi\u00e9n lo han hecho de maravilla\u00bb.<\/p>\n<p>Sobre c\u00f3mo est\u00e1n su padre y su mujer, afortunadamente ha podido dar buenas nuevas: \u201cS\u00ed, todo va bien. Todo avanza como debe ser, lo cual es una buena noticia\u201d. Adem\u00e1s, dej\u00f3 claro que <b><a href=\"https:\/\/www.huffingtonpost.es\/life\/influencers-celebrities\/kate-middleton-anuncia-cancer-esta-en-remision-sigue-centrada-recuperacion.html\" rel=\"nofollow noopener\" target=\"_blank\">Kate Middleton est\u00e1 en remisi\u00f3n<\/a><\/b>, como ella misma anunci\u00f3. Por lo tanto, las cosas van bien.<\/p>\n<p>Coment\u00f3 a su vez que sus hijos hab\u00edan estado aprendiendo y adapt\u00e1ndose constantemente a la situaci\u00f3n, es decir, a la enfermedad de su madre, y que durante este tiempo se han apoyado y han hablado m\u00e1s: \u00abIntentamos asegurarnos de brindarles la seguridad y protecci\u00f3n que necesitan. <b>Somos una familia muy abierta<\/b>, as\u00ed que hablamos de las cosas que nos molestan y nos preocupan, pero nunca se sabe con certeza las consecuencias que puede tener. Por eso, <b>es fundamental apoyarnos mutuamente y asegurarles a los ni\u00f1os que todo est\u00e1 bien<\/b>\u00ab.<\/p>\n<p><img decoding=\"async\" loading=\"lazy\" src=\"https:\/\/img2.huffingtonpost.es\/files\/image_720\/uploads\/2025\/09\/04\/el-principe-guillermo-y-kate-middleton-y-sus-hijos-george-charlotte-y-louis-en-el-balcon-de-buckingham-palace.jpeg\" width=\"720\" height=\"0\"  data-full-src=\"https:\/\/www.europesays.com\/es\/wp-content\/uploads\/2025\/10\/el-principe-guillermo-y-kate-middleton-y-sus-hijos-george-charlotte-y-louis-en-el-balcon-de-buckingh.jpeg\" \/><\/p>\n<p>            \u00a0<\/p>\n<p>        El pr\u00edncipe Guillermo y Kate Middleton y sus hijos George, Charlotte y Louis en el balc\u00f3n de Buckingham Palace.Karwai Tang<\/p>\n<p>La salud es lo m\u00e1s importante, algo de lo que se ha dado cuenta el pr\u00edncipe Guillermo despu\u00e9s de lo que ha pasado: \u00ab<b>Hemos tenido mucha suerte porque no hemos tenido muchas enfermedades en la familia durante mucho tiempo<\/b>. Mis abuelos vivieron hasta los noventa y tantos, as\u00ed que eran la viva imagen del fitness, el estoicismo y la resiliencia, por as\u00ed decirlo. As\u00ed que hemos tenido mucha suerte como familia. Pero creo que cuando de repente te das cuenta de que la alfombra, metaf\u00f3ricamente, se te quita de debajo de los pies en cualquier momento, quiz\u00e1s pienses: &#8216;No nos pasar\u00e1 a nosotros, estaremos bien&#8217;, porque creo que todos tenemos una perspectiva positiva.<b> Hay que ser positivo. Pero cuando te pasa, s\u00ed, te lleva a situaciones bastante desagradables<\/b>\u00ab.<\/p>\n<p>La familia, lo m\u00e1s importante para el pr\u00edncipe Guillermo<\/p>\n<p>\u00bfLe pesa la corona? Lo cierto es que no tanto como la familia: \u00ab<b>Las cosas relacionadas con la familia me agobian bastante<\/b>. Pero en cuanto al trabajo y cosas as\u00ed, no me siento demasiado abrumado. Cuando se trata de la familia y cosas as\u00ed, ah\u00ed es donde empiezo a sentirme un poco abrumado, como creo que le pasar\u00eda a la mayor\u00eda, porque es m\u00e1s personal, se trata m\u00e1s de sentir, se trata m\u00e1s de romper el ritmo\u00bb.<\/p>\n<p>Y personal y duro fue tambi\u00e9n el divorcio de sus padres, <b>Carlos y Lady Di, protagonistas de una triste y desgraciada historia de desamor<\/b>. Se separaron en 1992 y se divorciaron en 1996, un d\u00eda antes de la muerte de la princesa Diana. \u00abTienes que tener esa calidez, esa sensaci\u00f3n de seguridad, protecci\u00f3n y amor. Todo eso tiene que estar ah\u00ed y sin duda fue parte de mi infancia. Mis padres se divorciaron a los 8 a\u00f1os, as\u00ed que dur\u00f3 poco. Pero <b>uno aprende de ello y trata de no cometer los mismos errores que sus padres<\/b>. Creo que todos lo intentamos y solo quiero hacer lo mejor para mis hijos, pero s\u00e9 que <b>el drama y el estr\u00e9s que sufres de peque\u00f1o te afecta mucho cuando eres mayor<\/b>\u00ab.<\/p>\n<p><img decoding=\"async\" loading=\"lazy\" src=\"https:\/\/img2.huffingtonpost.es\/files\/image_720\/uploads\/2025\/10\/03\/carlos-y-lady-di-en-una-visita-a-canada-en-1991.jpeg\" width=\"720\" height=\"0\"  data-full-src=\"https:\/\/www.europesays.com\/es\/wp-content\/uploads\/2025\/10\/carlos-y-lady-di-en-una-visita-a-canada-en-1991.jpeg\" \/><\/p>\n<p>            \u00a0<\/p>\n<p>        Carlos y Lady Di en una visita a Canad\u00e1 en 1991.Tim Graham Photo Library via Get<\/p>\n<p>Es consciente adem\u00e1s de que sus padres sufrieron por la prensa, y \u00e9l no est\u00e1 dispuesto a permitir que a su familia le pase lo mismo: \u00abAl crecer vi que con mis padres los medios de comunicaci\u00f3n eran insaciables, mucho m\u00e1s insaciables que ahora. Quer\u00edan cada detalle que pudieran absorber, se enteraban de todo y estaban en todas partes. Y si dejas que eso se cuele, <b>el da\u00f1o que puede causar a tu vida familiar es algo que jur\u00e9 que nunca le suceder\u00eda a mi familia<\/b>\u00ab.<\/p>\n<p>\u00abPor eso, mantengo una postura muy firme sobre d\u00f3nde creo que est\u00e1 ese l\u00edmite, y luchar\u00e9 contra quienes lo sobrepasen. Pero igualmente <b>entiendo que en mi rol hay inter\u00e9s y hay que trabajar con los medios<\/b>. Por lo tanto, tambi\u00e9n hay que tener una actitud madura al respecto. <b>Se trata de saber d\u00f3nde est\u00e1 el l\u00edmite<\/b> y qu\u00e9 est\u00e1s dispuesto a tolerar\u00bb.<\/p>\n<p>Sus hijos George, Charlotte y Louis lo son todo para \u00e9l. Su trabajo es fundamental, por supuesto, y aunque deja claro que no tiene exactamente un horario de 09:00 a 17:00 horas, intenta ajustarse al horario escolar y<b> llevar y recoger a los ni\u00f1os en Lambrook School, donde estudian<\/b>.<\/p>\n<p><img decoding=\"async\" loading=\"lazy\" src=\"https:\/\/img2.huffingtonpost.es\/files\/image_720\/uploads\/2022\/12\/10\/6393d738f068c.jpeg\" width=\"720\" height=\"0\"  data-full-src=\"https:\/\/www.europesays.com\/es\/wp-content\/uploads\/2025\/10\/6393d738f068c.jpeg\" \/><\/p>\n<p>            \u00a0<\/p>\n<p>        Jorge, Charlotte y Louis, hijos de los pr\u00edncipes de GalesPOOL via REUTERS<\/p>\n<p>\u00abLograr un buen equilibrio entre el trabajo y la vida familiar es fundamental. Porque <b>para m\u00ed, lo m\u00e1s importante en mi vida es la familia, y todo gira en torno al futuro<\/b>. Si no les damos a los ni\u00f1os un hogar feliz, sano y estable ahora, creo que les estamos preparando para una etapa dif\u00edcil y un fracaso. Por lo tanto,<b> se trata de asegurarnos de que podamos cuidar de nuestras familias y de nuestros hijos de la mejor manera para su futuro<\/b>\u00ab, unas palabras muy en l\u00ednea con el trabajo de la princesa Kate en el proyecto Early Years de la Royal Foundation.<\/p>\n<p>Y aunque con la familia real, son una familia normal que se sientan juntos a cenar y hablan mucho. Adem\u00e1s,<b> nada de tel\u00e9fonos m\u00f3viles<\/b>, son muy estrictos con eso,  y s\u00ed muchos juegos y deporte: \u00abA Louis le encanta el trampol\u00edn, as\u00ed que est\u00e1 obsesionado con \u00e9l, y de hecho Charlotte tambi\u00e9n lo hace mucho. Por lo que s\u00e9, terminan saltando en el trampol\u00edn, golpe\u00e1ndose, la mayor parte del tiempo. Al parecer, es un arte. Charlotte tambi\u00e9n practica netball (un deporte de cancha) y ballet, as\u00ed que<b> mantenerlos ocupados con deportes y actividades al aire libre es muy importante<\/b>. Est\u00e1n intentando aprender a tocar instrumentos musicales. No estoy seguro de cu\u00e1nto \u00e9xito estamos teniendo. <b>A George le encantan el f\u00fatbol y el hockey<\/b>\u00ab. Por cierto, el pr\u00edncipe George es mejor en historia que su padre.<\/p>\n<p>Un futuro rey que quiere cambios<\/p>\n<p>Eugene Levy pregunt\u00f3 a Guillermo sobre la posibilidad de que su hijo George sea rey, a lo que contest\u00f3 que \u00abes una pregunta interesante y de gran importancia. Porque hay muchas cosas en qu\u00e9 pensar. Pero, obviamente, <b>quiero crear un mundo en el que mi hijo se sienta orgulloso de lo que hacemos<\/b>, un mundo y un trabajo que realmente impacten positivamente la vida de las personas\u00bb.<\/p>\n<p><img decoding=\"async\" loading=\"lazy\" src=\"https:\/\/img2.huffingtonpost.es\/files\/image_720\/uploads\/2023\/01\/11\/63bef8f3d6e5a.jpeg\" width=\"720\" height=\"0\"  data-full-src=\"https:\/\/www.europesays.com\/es\/wp-content\/uploads\/2025\/10\/63bef8f3d6e5a.jpeg\" \/><\/p>\n<p>            \u00a0<\/p>\n<p>        Los pr\u00edncipes Guillermo y Harry en una fotograf\u00eda tomada en el funeral de Isabel II\u00a0Martin Meissner via Associated Press<\/p>\n<p>Fue entonces cuando realiz\u00f3 su \u00fanica menci\u00f3n al <a href=\"https:\/\/www.huffingtonpost.es\/life\/influencers-celebrities\/los-dos-poderosos-enemigos-principe-harry-perdonan-facilmente-carlos-iii.html\" rel=\"nofollow noopener\" target=\"_blank\">pr\u00edncipe Harry, con el que no se habla<\/a>, pero que es su hermano y se criaron juntos: \u00ab<b>Espero que no volvamos a algunas de las pr\u00e1cticas del pasado, en las que Harry y yo tuvimos que crecer<\/b>, y har\u00e9 todo lo que pueda para asegurarme de que no retrocedamos en esa situaci\u00f3n\u00bb.<\/p>\n<p>Porque quiere cambios, y los har\u00e1 cuando reine, algo que por otro lado, aunque sabe que llegar\u00e1 el momento en el que ser\u00e1 coronado como Guillermo V, no es una cosa en la \u00abque piense al despertarse por la ma\u00f1ana. Para m\u00ed ser aut\u00e9ntico, ser yo mismo y ser genuino es lo que me impulsa.<b> Creo que puedo decir con seguridad que el cambio est\u00e1 en mi agenda. Un cambio para bien. Y lo acepto y lo disfruto<\/b>. No lo temo. Eso es lo que me entusiasma, la idea de poder generar un cambio. No un cambio radical, sino cambios que creo que deben ocurrir\u00bb, apunt\u00f3.<\/p>\n<p>\u00abCreo que si no tienes cuidado, la historia puede ser un verdadero peso y un ancla a tu alrededor, y puedes sentirte asfixiado y demasiado restringido por ella. <b>Es importante vivir el aqu\u00ed y el ahora<\/b>. Hay momentos en que, al analizar la tradici\u00f3n, nos preguntamos si sigue siendo v\u00e1lido o correcto hoy d\u00eda. <b>Creo que es fundamental que la tradici\u00f3n perdure<\/b>, y la tradici\u00f3n juega un papel fundamental en todo esto, <b>pero me gusta cuestionar las cosas<\/b>\u00ab. M\u00e1s sincero no ha podido ser.<\/p>\n","protected":false},"excerpt":{"rendered":"Si bien no es extra\u00f1o que los miembros de la familia real brit\u00e1nica concedan entrevistas, no suelen ser&hellip;\n","protected":false},"author":2,"featured_media":155920,"comment_status":"","ping_status":"","sticky":false,"template":"","format":"standard","meta":{"footnotes":""},"categories":[91],"tags":[13483,40382,146,147,25,24,18700,22446,35412,1027,28655,23],"class_list":{"0":"post-155919","1":"post","2":"type-post","3":"status-publish","4":"format-standard","5":"has-post-thumbnail","7":"category-entretenimiento","8":"tag-carlos-iii","9":"tag-casa-real-britanica","10":"tag-entertainment","11":"tag-entretenimiento","12":"tag-es","13":"tag-espana","14":"tag-kate-middleton","15":"tag-principe-guillermo","16":"tag-principe-harry","17":"tag-realeza","18":"tag-royals","19":"tag-spain"},"share_on_mastodon":{"url":"","error":""},"_links":{"self":[{"href":"https:\/\/www.europesays.com\/es\/wp-json\/wp\/v2\/posts\/155919","targetHints":{"allow":["GET"]}}],"collection":[{"href":"https:\/\/www.europesays.com\/es\/wp-json\/wp\/v2\/posts"}],"about":[{"href":"https:\/\/www.europesays.com\/es\/wp-json\/wp\/v2\/types\/post"}],"author":[{"embeddable":true,"href":"https:\/\/www.europesays.com\/es\/wp-json\/wp\/v2\/users\/2"}],"replies":[{"embeddable":true,"href":"https:\/\/www.europesays.com\/es\/wp-json\/wp\/v2\/comments?post=155919"}],"version-history":[{"count":0,"href":"https:\/\/www.europesays.com\/es\/wp-json\/wp\/v2\/posts\/155919\/revisions"}],"wp:featuredmedia":[{"embeddable":true,"href":"https:\/\/www.europesays.com\/es\/wp-json\/wp\/v2\/media\/155920"}],"wp:attachment":[{"href":"https:\/\/www.europesays.com\/es\/wp-json\/wp\/v2\/media?parent=155919"}],"wp:term":[{"taxonomy":"category","embeddable":true,"href":"https:\/\/www.europesays.com\/es\/wp-json\/wp\/v2\/categories?post=155919"},{"taxonomy":"post_tag","embeddable":true,"href":"https:\/\/www.europesays.com\/es\/wp-json\/wp\/v2\/tags?post=155919"}],"curies":[{"name":"wp","href":"https:\/\/api.w.org\/{rel}","templated":true}]}}