{"id":155923,"date":"2025-10-04T03:53:09","date_gmt":"2025-10-04T03:53:09","guid":{"rendered":"https:\/\/www.europesays.com\/es\/155923\/"},"modified":"2025-10-04T03:53:09","modified_gmt":"2025-10-04T03:53:09","slug":"la-guerra-de-gaza-despierta-la-protesta-ciudadana-en-barcelona-tras-el-letargo-del-postproces-noticias-de-cataluna","status":"publish","type":"post","link":"https:\/\/www.europesays.com\/es\/155923\/","title":{"rendered":"La guerra de Gaza despierta la protesta ciudadana en Barcelona tras el letargo del \u2018postproc\u00e9s\u2019 | Noticias de Catalu\u00f1a"},"content":{"rendered":"<p class=\"\">Entre los varios sobrenombres que tiene Barcelona, hay uno que da cuenta <a href=\"https:\/\/elpais.com\/ideas\/2025-09-20\/para-que-sirven-los-disturbios-y-las-protestas-politicas.html\" target=\"_self\" rel=\"nofollow noopener\" title=\"https:\/\/elpais.com\/ideas\/2025-09-20\/para-que-sirven-los-disturbios-y-las-protestas-politicas.html\">del car\u00e1cter reivindicativo de la ciudad <\/a>que aparece peri\u00f3dicamente con fuerza: Barcelona rosa de foc, el mote que recibi\u00f3 la ciudad durante la Semana Tr\u00e1gica de 1909. Un siglo despu\u00e9s, la capital catalana ha dado muestras de su capacidad para combinar el progreso econ\u00f3mico y su imagen de destino tur\u00edstico con estallidos de ira social que pueden paralizar partes de la ciudad y situar a Barcelona como el epicentro europeo de protestas y agitaci\u00f3n. En 2003 la ciudad acogi\u00f3 una de las mayores protestas contra la guerra de Irak; en 2008 fue el turno de las manifestaciones universitarias contra el plan Bolonia; y le siguieron las huelgas generales de 2012 y las protestas contra los recortes o contra el desalojo del edificio okupado Can Vies, por citar algunas. Este esp\u00edritu reivindicativo cristaliz\u00f3 sobre todo en las protestas vinculadas al proceso independentista, con graves disturbios en las de 2019. Desde entonces, y con la normalizaci\u00f3n de la situaci\u00f3n pol\u00edtica en Catalu\u00f1a, el esp\u00edritu reivindicativo hab\u00eda quedado un tanto aletargado. Pero <a href=\"https:\/\/elpais.com\/espana\/2025-10-02\/barcelona-y-madrid-salen-a-la-calle-en-apoyo-a-la-flotilla-y-contra-netanyahu.html\" target=\"_self\" rel=\"nofollow noopener\" title=\"https:\/\/elpais.com\/espana\/2025-10-02\/barcelona-y-madrid-salen-a-la-calle-en-apoyo-a-la-flotilla-y-contra-netanyahu.html\">la indignaci\u00f3n por la guerra en Gaza <\/a>ha vuelto a encender la chispa. Este viernes, miles de personas volvieron a salir a la calle para protestar contra el genocidio despu\u00e9s de que el jueves ya estallase la indignaci\u00f3n en la calle por la interceptaci\u00f3n de la flotilla Global Summud. <\/p>\n<p class=\"\">Las manifestaciones de este jueves y viernes, que a \u00faltima hora terminaron con momentos de tensi\u00f3n con los Mossos d\u2019Esquadra, son la reactivaci\u00f3n de una larga lista de movilizaciones en los \u00faltimos a\u00f1os. Sin duda, las m\u00e1s multitudinarias se celebraron en el a\u00f1o 2019, despu\u00e9s de la sentencia contra los l\u00edderes del proc\u00e9s. Miles de personas participaron en una semana de manifestaciones, y tambi\u00e9n de altercados, en el centro de la ciudad. E incluso protagonizaron una marcha, promovida por la plataforma Tsunami Democr\u00e0tic, <a href=\"https:\/\/elpais.com\/ccaa\/2019\/10\/14\/catalunya\/1571042788_418131.html\" target=\"_self\" rel=\"nofollow noopener\" title=\"https:\/\/elpais.com\/ccaa\/2019\/10\/14\/catalunya\/1571042788_418131.html\">para paralizar el aeropuerto de El Prat<\/a>. Desde entonces, la movilizaci\u00f3n social ha ido a la baja en Catalu\u00f1a. La \u00faltima causa que logr\u00f3 sacar a gente a la calle fue el encarcelamiento en 2021 del rapero Pablo Hassel.<\/p>\n<p class=\"\">En estos \u00faltimos cuatro a\u00f1os apenas ha habido protestas rese\u00f1ables, pero la guerra de Gaza ha logrado sacar del letargo a los manifestantes. La interceptaci\u00f3n por parte del ej\u00e9rcito de Israel de la Global Summud Flotilla que llevaba ayuda a Gaza cataliz\u00f3 el jueves el rechazo a los ataques de Israel contra la poblaci\u00f3n palestina, que una comisi\u00f3n independiente nombrada por la ONU califica de genocidio. La flotilla parti\u00f3 de Barcelona hace un mes, y entre sus integrantes, que fueron detenidos en aguas internacionales, <a href=\"https:\/\/elpais.com\/internacional\/2025-10-02\/de-ada-colau-a-marineros-anonimos-quienes-son-los-espanoles-de-la-global-sumud-flotilla.html\" target=\"_self\" rel=\"nofollow noopener\" title=\"https:\/\/elpais.com\/internacional\/2025-10-02\/de-ada-colau-a-marineros-anonimos-quienes-son-los-espanoles-de-la-global-sumud-flotilla.html\">hay varias personalidades del mundo pol\u00edtico y activista catal\u00e1n<\/a>, entre ellos la exalcaldesa de Barcelona, Ada Colau, el concejal de Esquerra Republicana Jordi Coronas, la diputada de la CUP en el Parlament Pilar Castillejo o el veterano sindicalista de la CGT Saturnino Mercader, entre otros. <\/p>\n<p class=\"\">La detenci\u00f3n de estos activistas prendi\u00f3 la mecha y llev\u00f3 el jueves a 15.000 manifestantes en Barcelona a concentrarse en la plaza de la Carbonera, cerca del puerto de Barcelona, donde decidieron montar una acampada al menos hasta el s\u00e1bado. El ambiente de la protesta era muy transversal y recordaba a las movilizaciones de los indignados durante la crisis financiera o a la manifestaci\u00f3n contra la guerra de Irak: principalmente j\u00f3venes y estudiantes, pero tambi\u00e9n mayores, con muy pocos rostros tapados y eminentemente pac\u00edficas, aunque se vivieron momentos de tensi\u00f3n con los Mossos d\u2019Esquadra que imped\u00edan el acceso a la Ronda Litoral. Tambi\u00e9n hubo protestas importantes en otras poblaciones catalanas, como Girona, Tarragona o localidades del Pirineo, y <a href=\"https:\/\/elpais.com\/educacion\/2025-10-02\/miles-de-estudiantes-hacen-huelga-en-espana-contra-el-genocidio-en-palestina-en-mi-instituto-el-seguimiento-es-masivo.html\" target=\"_self\" rel=\"nofollow noopener\" title=\"https:\/\/elpais.com\/educacion\/2025-10-02\/miles-de-estudiantes-hacen-huelga-en-espana-contra-el-genocidio-en-palestina-en-mi-instituto-el-seguimiento-es-masivo.html\">los sindicatos estudiantiles llamaron a una huelga para jueves y viernes<\/a>.<\/p>\n<p class=\"\">Las protestas han continuado este viernes y seguir\u00e1n este s\u00e1bado, con la gran manifestaci\u00f3n convocada en Jardinets de Gr\u00e0cia a las 12.00 horas, que se prev\u00e9 masiva. La nueva oleada de indignaci\u00f3n tambi\u00e9n ha vuelto a poner en un brete, como ya ocurri\u00f3 durante el proc\u00e9s, a los grandes sindicatos. Recelosos de <a href=\"https:\/\/elpais.com\/espana\/catalunya\/2025-09-13\/la-participacion-en-las-huelgas-convocadas-en-cataluna-cae-del-71-al-126-en-diez-anos.html\" target=\"_self\" rel=\"nofollow noopener\" title=\"https:\/\/elpais.com\/espana\/catalunya\/2025-09-13\/la-participacion-en-las-huelgas-convocadas-en-cataluna-cae-del-71-al-126-en-diez-anos.html\">usar el derecho a la huelga en protestas que no tienen que ver con el mundo del trabajo<\/a>, CC OO y UGT han convocado paros de dos horas para el d\u00eda 15 de octubre contra la guerra de Gaza, mientras que sindicatos m\u00e1s peque\u00f1os como la CGT y la IAC han convocado un paro general de 24 horas.<\/p>\n<p class=\"\">Este viernes por la ma\u00f1ana, estudiantes universitarios y de secundaria volvieron a protestar por segundo d\u00eda consecutivo en Barcelona con pancartas que repet\u00edan algunos de los lemas m\u00e1s coreados: \u201cNo es una guerra, es un genocidio\u201d o \u201cEn Gaza todos morimos\u201d. Alumnos de la Universitat de Barcelona relataron que grupos independientes hab\u00edan pasado la noche en la facultad central, en la sede del Raval y en el campus de la Diagonal para \u201cfortalecer la movilizaci\u00f3n\u201d. La marcha parti\u00f3 de la plaza Universitat y avanz\u00f3 hasta la plaza Carbonera, donde la organizaci\u00f3n de la Global Flotilla hab\u00eda instalado un campamento la noche anterior.<\/p>\n<p class=\"\">A la convocatoria se sumaron tambi\u00e9n monitores de colegios, docentes y familiares. \u201cExigimos apoyo a los activistas de la flotilla y al pueblo palestino\u201d, se\u00f1al\u00f3 Laura Gene, secretaria general de ense\u00f1anza de CGT, al inicio de la protesta. Cristina M., estudiante italiana de intercambio, acudi\u00f3 con dos amigas extranjeras. Las tres coincidieron en que la flotilla hab\u00eda generado un impulso especial de indignaci\u00f3n: \u201cLa flotilla lleva al mundo entero dentro. Es triste, pero si se trata de personas cercanas, de nuestra misma nacionalidad, es m\u00e1s f\u00e1cil empatizar\u201d. A lo largo de la marcha, que se prolong\u00f3 durante tres horas, se sumaron tambi\u00e9n vecinos y trabajadores de la zona. \u201cEstoy jubilada, pero estoy aqu\u00ed porque lo que est\u00e1 pasando es muy bestia, una barbaridad\u201d, dijo Pilar Mont\u00e8. <\/p>\n<p class=\"\">Por la tarde ha habido otra manifestaci\u00f3n, que ha empezado a las 18.30 horas y ha vuelto a colapsar el centro de Barcelona. La marcha ha partido de la plaza de Urquinaona, ha ido por la Via Laietana y ha terminado en la plaza de la Carbonera. El ambiente familiar \u2014\u201cHe tra\u00eddo a mi hija de siete a\u00f1os porque Gaza es la crisis de nuestro tiempo\u201d, ha explicado Emma P.\u2014 ha terminado con momentos de tensi\u00f3n y enfrentamientos con los Mossos d\u2019Esquadra, que dispersaron a los manifestantes con gas.<\/p>\n<p class=\"\">La vuelta al oto\u00f1o caliente al que nos ten\u00eda acostumbrados Barcelona no es solo atribuible a la capital catalana. Tambi\u00e9n Madrid, Sevilla y otras ciudades ha habido grandes movilizaciones desde el jueves, que contin\u00faan las protestas que ya hubo durante la participaci\u00f3n del equipo Israel-Premier Tech en la Vuelta ciclista. Este s\u00e1bado hay convocada una gran marcha a las 18.00 horas en la capital. <\/p>\n","protected":false},"excerpt":{"rendered":"Entre los varios sobrenombres que tiene Barcelona, hay uno que da cuenta del car\u00e1cter reivindicativo de la ciudad&hellip;\n","protected":false},"author":2,"featured_media":155924,"comment_status":"","ping_status":"","sticky":false,"template":"","format":"standard","meta":{"footnotes":""},"categories":[8],"tags":[210,17,18,1980,68,25,24,13,14,11,19,20,16735,9,10,15,16,76,45564,23,12,21,22],"class_list":{"0":"post-155923","1":"post","2":"type-post","3":"status-publish","4":"format-standard","5":"has-post-thumbnail","7":"category-espana","8":"tag-barcelona","9":"tag-breaking-news","10":"tag-breakingnews","11":"tag-cataluna","12":"tag-conflicto-arabe-israeli","13":"tag-es","14":"tag-espana","15":"tag-featured-news","16":"tag-featurednews","17":"tag-headlines","18":"tag-latest-news","19":"tag-latestnews","20":"tag-manifestaciones","21":"tag-news","22":"tag-noticias","23":"tag-noticias-destacadas","24":"tag-noticiasdestacadas","25":"tag-palestina","26":"tag-protestas-estudiantiles","27":"tag-spain","28":"tag-titulares","29":"tag-ultimas-noticias","30":"tag-ultimasnoticias"},"share_on_mastodon":{"url":"","error":""},"_links":{"self":[{"href":"https:\/\/www.europesays.com\/es\/wp-json\/wp\/v2\/posts\/155923","targetHints":{"allow":["GET"]}}],"collection":[{"href":"https:\/\/www.europesays.com\/es\/wp-json\/wp\/v2\/posts"}],"about":[{"href":"https:\/\/www.europesays.com\/es\/wp-json\/wp\/v2\/types\/post"}],"author":[{"embeddable":true,"href":"https:\/\/www.europesays.com\/es\/wp-json\/wp\/v2\/users\/2"}],"replies":[{"embeddable":true,"href":"https:\/\/www.europesays.com\/es\/wp-json\/wp\/v2\/comments?post=155923"}],"version-history":[{"count":0,"href":"https:\/\/www.europesays.com\/es\/wp-json\/wp\/v2\/posts\/155923\/revisions"}],"wp:featuredmedia":[{"embeddable":true,"href":"https:\/\/www.europesays.com\/es\/wp-json\/wp\/v2\/media\/155924"}],"wp:attachment":[{"href":"https:\/\/www.europesays.com\/es\/wp-json\/wp\/v2\/media?parent=155923"}],"wp:term":[{"taxonomy":"category","embeddable":true,"href":"https:\/\/www.europesays.com\/es\/wp-json\/wp\/v2\/categories?post=155923"},{"taxonomy":"post_tag","embeddable":true,"href":"https:\/\/www.europesays.com\/es\/wp-json\/wp\/v2\/tags?post=155923"}],"curies":[{"name":"wp","href":"https:\/\/api.w.org\/{rel}","templated":true}]}}