{"id":155931,"date":"2025-10-04T04:06:27","date_gmt":"2025-10-04T04:06:27","guid":{"rendered":"https:\/\/www.europesays.com\/es\/155931\/"},"modified":"2025-10-04T04:06:27","modified_gmt":"2025-10-04T04:06:27","slug":"valencia-destina-50-000-euros-a-la-renovacion-de-libros-de-texto-en-colegios-municipales","status":"publish","type":"post","link":"https:\/\/www.europesays.com\/es\/155931\/","title":{"rendered":"Val\u00e8ncia destina 50.000 euros a la renovaci\u00f3n de libros de texto en colegios municipales"},"content":{"rendered":"<p>VAL\u00c8NCIA (EP).\u00a0El Ayuntamiento de Val\u00e8ncia destina una partida de 50.000 euros para la reposici\u00f3n de libros de texto en los centros escolares de titularidad municipal, en el marco del proyecto Banco de Libros 2025\/2026. Para ello, la junta de gobierno local ha aprobado este viernes la aceptaci\u00f3n de la ayuda concedida por la Conselleria de Educaci\u00f3n.<\/p>\n<p>Los centros beneficiarios son los CEIP Santiago Grisol\u00eda (17.145 euros), Fernando de los R\u00edos (11.443 euros) y Benimaclet (20.689 euros), detalla el consistorio.<\/p>\n<p>En todos los casos, las ayudas se destinar\u00e1n al ciclo de Primaria, y se distribuir\u00e1n en dos lotes en cada centro: uno para la reposici\u00f3n de libros en primero y segundo curso y otro para tercero y sexto.<\/p>\n<p>El portavoz municipal, Juan Carlos Caballero, ha destacado la importancia de apoyar la escolarizaci\u00f3n de los ni\u00f1os y ni\u00f1as de la ciudad en todas sus vertientes y de dar cobertura desde las administraciones a las necesidades de las familias.<\/p>\n<p>Imagen gr\u00e1fica de los d\u00edas del teatro y las bibliotecas<\/p>\n<p>Por otro lado, la junta de gobierno ha aprobado las bases que regir\u00e1n la convocatoria abierta a profesionales y empresas de dise\u00f1o y publicidad para la realizaci\u00f3n de la imagen gr\u00e1fica del D\u00eda Mundial del Teatro (27 de marzo) y el D\u00eda de las Bibliotecas (24 de octubre).<\/p>\n<p>Se convoca a dise\u00f1ar la imagen municipal para ambas jornadas, as\u00ed como la adaptaci\u00f3n de la carteler\u00eda para los mupis f\u00edsicos y digitales del Ayuntamiento. Los profesionales y empresas que concurran deber\u00e1n estar dadas de alta en el impuesto de actividades econ\u00f3micas (IAE), no pueden estar incursas en ninguna prohibici\u00f3n para contratar y deben tener experiencia en el campo del dise\u00f1o gr\u00e1fico.<\/p>\n<p>Los candidatos disponen de un plazo de diez d\u00edas desde la publicaci\u00f3n de la convocatoria para enviar el curr\u00edculum y un porfolio de los trabajos realizados en los \u00faltimos cinco a\u00f1os a la direcci\u00f3n de correo &#8216;jsacultural@valencia.es&#8217;. Un jurado elegir\u00e1 a la persona o personas ganadoras, que ser\u00e1n las encargadas de los dise\u00f1os y que recibir\u00e1n 7.260 euros por la realizaci\u00f3n de los dos trabajos.<\/p>\n","protected":false},"excerpt":{"rendered":"VAL\u00c8NCIA (EP).\u00a0El Ayuntamiento de Val\u00e8ncia destina una partida de 50.000 euros para la reposici\u00f3n de libros de texto&hellip;\n","protected":false},"author":2,"featured_media":155932,"comment_status":"","ping_status":"","sticky":false,"template":"","format":"standard","meta":{"footnotes":""},"categories":[172],"tags":[224,146,147,25,24,225,23],"class_list":{"0":"post-155931","1":"post","2":"type-post","3":"status-publish","4":"format-standard","5":"has-post-thumbnail","7":"category-libros","8":"tag-books","9":"tag-entertainment","10":"tag-entretenimiento","11":"tag-es","12":"tag-espana","13":"tag-libros","14":"tag-spain"},"share_on_mastodon":{"url":"","error":""},"_links":{"self":[{"href":"https:\/\/www.europesays.com\/es\/wp-json\/wp\/v2\/posts\/155931","targetHints":{"allow":["GET"]}}],"collection":[{"href":"https:\/\/www.europesays.com\/es\/wp-json\/wp\/v2\/posts"}],"about":[{"href":"https:\/\/www.europesays.com\/es\/wp-json\/wp\/v2\/types\/post"}],"author":[{"embeddable":true,"href":"https:\/\/www.europesays.com\/es\/wp-json\/wp\/v2\/users\/2"}],"replies":[{"embeddable":true,"href":"https:\/\/www.europesays.com\/es\/wp-json\/wp\/v2\/comments?post=155931"}],"version-history":[{"count":0,"href":"https:\/\/www.europesays.com\/es\/wp-json\/wp\/v2\/posts\/155931\/revisions"}],"wp:featuredmedia":[{"embeddable":true,"href":"https:\/\/www.europesays.com\/es\/wp-json\/wp\/v2\/media\/155932"}],"wp:attachment":[{"href":"https:\/\/www.europesays.com\/es\/wp-json\/wp\/v2\/media?parent=155931"}],"wp:term":[{"taxonomy":"category","embeddable":true,"href":"https:\/\/www.europesays.com\/es\/wp-json\/wp\/v2\/categories?post=155931"},{"taxonomy":"post_tag","embeddable":true,"href":"https:\/\/www.europesays.com\/es\/wp-json\/wp\/v2\/tags?post=155931"}],"curies":[{"name":"wp","href":"https:\/\/api.w.org\/{rel}","templated":true}]}}