{"id":155933,"date":"2025-10-04T04:10:08","date_gmt":"2025-10-04T04:10:08","guid":{"rendered":"https:\/\/www.europesays.com\/es\/155933\/"},"modified":"2025-10-04T04:10:08","modified_gmt":"2025-10-04T04:10:08","slug":"la-lesion-de-lamine-yamal-enfrenta-a-de-la-fuente-contra-el-barcelona","status":"publish","type":"post","link":"https:\/\/www.europesays.com\/es\/155933\/","title":{"rendered":"La lesi\u00f3n de Lamine Yamal enfrenta a De la Fuente contra el Barcelona"},"content":{"rendered":"<p style=\"\">Un asunto viejo y recurrente, las lesiones de los futbolistas con sus selecciones y no con sus clubes que les pagan, ha desatado un nivel muy alto de enfrentamiento entre el seleccionador espa\u00f1ol <a href=\"https:\/\/www.abc.es\/deportes\/futbol\/lista-20251003103237-nt.html\" target=\"_blank\" data-voc-vtm-id=\"in-text-traffic\" title=\"Luis de la Fuente\" rel=\"nofollow noopener\">Luis de la Fuente<\/a> y el Barcelona, representando en su entrenador  &#8230; Hansi Flick, y a cuento de una lesi\u00f3n de la estrella Lamine Yamal. El seleccionador no tuvo noticias de una reca\u00edda en su dolencia de pubalgia del delantero y por eso lo convoc\u00f3 para los partidos con Georgia y Bulgaria y habl\u00f3 sobre \u00e9l en la rueda de prensa.<\/p>\n<p class=\"voc-p\" style=\"\"> Pero fue sacar el colmillo frente a Flick por sus acusaciones de no cuidar al jugador -\u00ab\u00e9l fue seleccionador, cre\u00ed que tendr\u00eda m\u00e1s empat\u00eda con otros seleccionadores\u00bb- y un par de horas despu\u00e9s, el Barcelona comunic\u00f3 una <a href=\"https:\/\/www.abc.es\/deportes\/futbol\/fuente-atiza-flick-seleccionador-creia-empatia-20251003135818-nt.html\" target=\"_blank\" data-voc-vtm-id=\"in-text-traffic\" title=\"reca\u00edda de Lamine Yamal\" rel=\"nofollow noopener\">reca\u00edda de Lamine Yamal<\/a> y unas semanas de baja en una lesi\u00f3n que no tiene prueba documental, no es una fractura, no hay radiograf\u00eda o resonancia. Es una molestia en el pubis, subjetiva e indemostrable. El parte m\u00e9dico del Bar\u00e7a asegura que el jugador estar\u00e1 dos o tres semanas de baja. Cuesti\u00f3n de esperar. Casualidad o revancha, el delantero que hechiza no estar\u00e1 con la selecci\u00f3n espa\u00f1ola.<\/p>\n<p class=\"voc-p\" style=\"\">De una nimiedad como es la lesi\u00f3n muscular de car\u00e1cter menor de un futbolista, eso s\u00ed estrella en ciernes que deslumbra en el campo pero que no parece referente en sus comportamientos adolescentes, se ha destapado una vieja rivalidad. Seg\u00fan cuentan en la Federaci\u00f3n Espa\u00f1ola de F\u00fatbol, la enemistad entre Luis de la Fuente y <strong>Hansi Flick<\/strong> viene de lejos, aunque no precisan con exactitud el motivo de tal discrepancia personal.<\/p>\n<p class=\"voc-p\" style=\"\">El caso es que Luis de la Fuente perdi\u00f3 los nervios por primera vez en p\u00fablico desde que asumi\u00f3 el cargo en la selecci\u00f3n, en un cruce de pareceres con <strong>un periodista en Las Rozas<\/strong> al hilo de la lesi\u00f3n de Lamine Yamal.<\/p>\n<p class=\"voc-p\" style=\"\">Nunca se le hab\u00eda visto con <a href=\"https:\/\/www.abc.es\/deportes\/futbol\/fuente-atiza-flick-seleccionador-creia-empatia-20251003135818-nt.html\" target=\"_blank\" data-voc-vtm-id=\"in-text-traffic\" title=\"ese colmillo al seleccionador\" rel=\"nofollow noopener\">ese colmillo al seleccionador<\/a>, quien siempre ha ofrecido una apariencia de tranquilidad sin llegar al enfrentamiento, como sucedi\u00f3 en la ma\u00f1ana de ayer en la que ofreci\u00f3 la lista de futbolistas convocados para los partidos con Georgia (11 de octubre en Elche) y Bulgaria (14 en Valladolid).<\/p>\n<p class=\"voc-p\" style=\"\">\u00abNo hay ning\u00fan conflicto con Hansi. Simplemente me qued\u00e9 sorprendido con esas manifestaciones porque \u00e9l ha sido seleccionador y cre\u00eda que ten\u00eda esa empat\u00eda hacia otros seleccionadores, nada m\u00e1s. No hay ning\u00fan tema, caso, ni nada que se le parezca\u00bb, quiso zanjar el t\u00e9cnico riojano.<\/p>\n<p>\nJugar con molestias\n<\/p>\n<p class=\"voc-p\" style=\"\">No lo consigui\u00f3 y las preguntas siguieron lloviendo sobre la lesi\u00f3n menor de Lamine Yamal. Flick se quej\u00f3 del trato dispensado en la anterior ventana de selecciones a su delantero y de haberle hecho jugar con dolor. Pero De la Fuente advirti\u00f3 que el jugador no les comunic\u00f3 \u00abninguna molestia\u00bb. Y pregunt\u00f3 a los presentes y a\u00f1adi\u00f3 \u00e9l mismo sobre una cuesti\u00f3n: \u00abNo ha habido errores en la gesti\u00f3n de esta lesi\u00f3n. Si has sido futbolista, sabr\u00e1s que siempre s<strong>e juega con molestias<\/strong>\u00bb.<\/p>\n<p class=\"voc-p\" style=\"\">De la Fuente, que se fue calentando, volvi\u00f3 sobre Hansi Flick: \u00abLo que me pregunt\u00e9, insisto, es que alguien que ha sido seleccionador opine as\u00ed, pero es que cada uno dice lo que tiene que decir y punto\u00bb.<\/p>\n<p class=\"voc-p\" style=\"\">\u00abTenemos dos partidos muy importantes, parece que esos partidos quedan en segundo plano, tercero, cuarto o quinto. Que estamos hablando de las manifestaciones de Flick, que<strong> es un exseleccionador,<\/strong> deber\u00eda ser lo que estuviese en segundo plano. Quiero darle importancia a lo que quiero darle, \u00e9l dijo una cosa y yo otra, no quiero darle m\u00e1s importancia\u00bb, prosigui\u00f3 el t\u00e9cnico riojano ante la bater\u00eda de preguntas sobre Yamal y Flick.<\/p>\n<p class=\"voc-p\" style=\"\">El entrenador del Barcelona hab\u00eda asegurado que Lamine jug\u00f3 con dolor y que tuvo problemas. \u00abJug\u00f3 79 y 73 minutos en cada partido, y entre los partidos no estuvo entrenando, y eso no es preocuparse de los jugadores\u00bb, critic\u00f3 el t\u00e9cnico germano.<\/p>\n<p class=\"voc-p\" style=\"\">De la Fuente record\u00f3 a modo de ejemplo <strong>que Fabi\u00e1n<\/strong>, el centrocampista del PSG, no hab\u00eda sido incluido en la convocatoria porque su club hab\u00eda comunicado que acab\u00f3 tocado y muy cargado el partido de Champions contra el Barcelona. \u00abLo normal es que los jugadores y los clubes se enfaden cuando sus jugadores no vienen a la selecci\u00f3n. Si no viene es porque tiene un problema muscular y nosotros lo cuidamos. Y con Fabi\u00e1n lo hacemos extensible a todos\u00bb.<\/p>\n<p>\n\u00abDigo la verdad\u00bb\n<\/p>\n<p class=\"voc-p\" style=\"\">\u00abYo siempre digo la verdad. \u00bfHas jugado alguna vez al f\u00fatbol? -pregunt\u00f3 De la Fuente al periodista de turno-&#8230;y si es as\u00ed, \u00bflo has hecho sin molestias o dolor alguno? Las molestias son normales y lo que pas\u00f3 entre partido y partido -en referencia a <strong>la infiltraci\u00f3n con Voltar\u00e9n<\/strong> de Lamine- es habitual, no estamos hablando de cosas raras. Luego, cuando acab\u00f3 el partido (ante Turqu\u00eda) tuvo otro tipo nuevo de molestias\u00bb.<\/p>\n<p class=\"voc-p\" style=\"\">En Barcelona hubo sorpresa con el parte m\u00e9dico del club, decepci\u00f3n entre los aficionados azulgranas y sospechas malintencionadas entre los que siguen el rifirrafe entre Flick y De la Fuente. Lamine Yamal ser\u00e1 baja este domingo para el partido ante el Sevilla (16.15 horas \/ Movistar+) al resentirse de sus molestias en el pubis. El Barcelona confirm\u00f3 en un comunicado las molestias del futbolista y su baja para el pr\u00f3ximo partido de Liga. Esta dolencia le mantendr\u00e1 entre dos y tres semanas de baja, detalle in\u00e9dito puesto que el club azulgrana jam\u00e1s informa el periodo de ausencia.<\/p>\n<p class=\"voc-p\" style=\"\">Lamine Yamal jug\u00f3 los <strong>90 minutos ante el PSG<\/strong> despu\u00e9s de haber reaparecido ante la Real Sociedad en la Liga. El hispano marroqu\u00ed se hab\u00eda perdido cuatro partidos por culpa de la lesi\u00f3n en el pubis que se hizo en el \u00faltimo par\u00f3n internacional. Seg\u00fan esos c\u00e1lculos, ahora se perder\u00e1, como m\u00ednimo, los partidos ante Sevilla y Girona, en LaLiga, y en Champions frente al Olympiacos. La prioridad de los servicios m\u00e9dicos es que pueda llegar en plenitud al cl\u00e1sico ante el Real Madrid del pr\u00f3ximo 26 de octubre.<\/p>\n","protected":false},"excerpt":{"rendered":"Un asunto viejo y recurrente, las lesiones de los futbolistas con sus selecciones y no con sus clubes&hellip;\n","protected":false},"author":2,"featured_media":155934,"comment_status":"","ping_status":"","sticky":false,"template":"","format":"standard","meta":{"footnotes":""},"categories":[93],"tags":[210,168,27995,25,24,6865,11680,8252,23,167,14780],"class_list":{"0":"post-155933","1":"post","2":"type-post","3":"status-publish","4":"format-standard","5":"has-post-thumbnail","7":"category-deportes","8":"tag-barcelona","9":"tag-deportes","10":"tag-enfrenta","11":"tag-es","12":"tag-espana","13":"tag-fuente","14":"tag-lamine","15":"tag-lesion","16":"tag-spain","17":"tag-sports","18":"tag-yamal"},"share_on_mastodon":{"url":"","error":""},"_links":{"self":[{"href":"https:\/\/www.europesays.com\/es\/wp-json\/wp\/v2\/posts\/155933","targetHints":{"allow":["GET"]}}],"collection":[{"href":"https:\/\/www.europesays.com\/es\/wp-json\/wp\/v2\/posts"}],"about":[{"href":"https:\/\/www.europesays.com\/es\/wp-json\/wp\/v2\/types\/post"}],"author":[{"embeddable":true,"href":"https:\/\/www.europesays.com\/es\/wp-json\/wp\/v2\/users\/2"}],"replies":[{"embeddable":true,"href":"https:\/\/www.europesays.com\/es\/wp-json\/wp\/v2\/comments?post=155933"}],"version-history":[{"count":0,"href":"https:\/\/www.europesays.com\/es\/wp-json\/wp\/v2\/posts\/155933\/revisions"}],"wp:featuredmedia":[{"embeddable":true,"href":"https:\/\/www.europesays.com\/es\/wp-json\/wp\/v2\/media\/155934"}],"wp:attachment":[{"href":"https:\/\/www.europesays.com\/es\/wp-json\/wp\/v2\/media?parent=155933"}],"wp:term":[{"taxonomy":"category","embeddable":true,"href":"https:\/\/www.europesays.com\/es\/wp-json\/wp\/v2\/categories?post=155933"},{"taxonomy":"post_tag","embeddable":true,"href":"https:\/\/www.europesays.com\/es\/wp-json\/wp\/v2\/tags?post=155933"}],"curies":[{"name":"wp","href":"https:\/\/api.w.org\/{rel}","templated":true}]}}