{"id":155935,"date":"2025-10-04T04:11:13","date_gmt":"2025-10-04T04:11:13","guid":{"rendered":"https:\/\/www.europesays.com\/es\/155935\/"},"modified":"2025-10-04T04:11:13","modified_gmt":"2025-10-04T04:11:13","slug":"gripe-y-covid-valencia-la-gripe-y-la-covid-se-disparan-una-semana-mas-entre-los-ninos-y-adolescentes","status":"publish","type":"post","link":"https:\/\/www.europesays.com\/es\/155935\/","title":{"rendered":"Gripe y Covid Valencia | La gripe y la covid se disparan una semana m\u00e1s entre los ni\u00f1os y adolescentes"},"content":{"rendered":"<p class=\"ft-text ft-helper-closenews\">La <a class=\"ft-link ft-link--decoration\" href=\"https:\/\/www.levante-emv.com\/tags\/gripe\/\" target=\"_blank\" rel=\"nofollow noopener\">gripe<\/a> y el resto de <a class=\"ft-link ft-link--decoration\" href=\"https:\/\/www.levante-emv.com\/tags\/virus\/\" target=\"_blank\" rel=\"nofollow noopener\">virus respiratorios<\/a> -el sincitial y la covid- <strong>aceleran su transmisi\u00f3n y el n\u00famero de contagios e<\/strong>ntre la poblaci\u00f3n de la <a class=\"ft-link ft-link--decoration\" href=\"https:\/\/www.levante-emv.com\/comunitat-valenciana\/\" target=\"_blank\" rel=\"nofollow noopener\">Comunitat Valenciana<\/a>, especialmente entre los<strong> ni\u00f1os y adolescentes<\/strong>; aunque<strong> el repunte es generalizado<\/strong>. Es lo que se observa en la \u00faltima actualizaci\u00f3n del Sistema de Vigilancia de Infecciones Respiratorias Agudas (<a class=\"ft-link ft-link--decoration\" href=\"https:\/\/www.san.gva.es\/es\/web\/salut-publica\/sivira\" rel=\"nofollow noopener\" target=\"_blank\">Sivira<\/a>) que registra un<strong> crecimiento del 31 %<\/strong> en los \u00faltimos siete d\u00edas, los comprendidos entre el 22 y el 28 de septiembre. La incidencia general se dispara hasta los <strong>686,9 puntos<\/strong> -son los positivos por cada 100.000 habitantes- <a class=\"ft-link ft-link--decoration\" href=\"https:\/\/www.levante-emv.com\/comunitat-valenciana\/2025\/09\/26\/sanidad-valencia-gripe-covid-disparado-vuelta-al-cole-121957506.html\" target=\"_blank\" rel=\"nofollow noopener\">respecto a los 521 de la semana anterior<\/a>. Es <strong>casi el doble de la incidencia nacional que se queda en 347,2 puntos<\/strong>; crece m\u00e1s porcentualmente que en la autonom\u00eda valenciana al dispararse un 37,2 %.<\/p>\n<p class=\"ft-text\">La explosi\u00f3n de contagios <strong>se concentra en dos franjas de edad<\/strong>. La primera, la de<strong> menores de 4 a\u00f1os<\/strong> con una incidencia de<strong> 3.507 puntos<\/strong>; es el triple que hace dos semanas, cuando registraba 1.331,1 casos por cada 100.000 habitantes. Fueron los primeros en volver a la guarder\u00eda y los primero<strong>s en sufrir el &#8216;boom&#8217; de los virus respiratorios<\/strong>. Hace siete d\u00edas su incidencia estaba en 2.641, por lo que el incremento registrado en una semana es del 32 %.<\/p>\n<p class=\"ft-text\">La segunda franja afectada es la de los <strong>menores entre 5 y 14 a\u00f1os<\/strong>. La curva de <a class=\"ft-link ft-link--decoration\" href=\"https:\/\/www.levante-emv.com\/tags\/incidencia\/\" target=\"_blank\" rel=\"nofollow noopener\">incidencia<\/a> subi\u00f3 significativamente y se acerc\u00f3 a los 1.000 casos por cada 100.000 personas, pero el \u00faltimo informe muestra un repunte importante al borde de superar los 1.500 puntos. Es lo habitual porque los menores siempre\u00a0<strong>son los primeros en contagiarse<\/strong>\u00a0y, despu\u00e9s, funcionan como un vector de transmisi\u00f3n entre el resto de franjas de edad; sobre todo, entre los mayores de 65 a\u00f1os, sus abuelos.<\/p>\n<p>Ligero descenso de la covid <\/p>\n<p class=\"ft-text\">El virus respiratorio con un dato positivo es el <a class=\"ft-link ft-link--decoration\" href=\"https:\/\/www.levante-emv.com\/tags\/coronavirus\/\" target=\"_blank\" rel=\"nofollow noopener\">coronavirus<\/a>. <a class=\"ft-link ft-link--decoration\" href=\"https:\/\/www.levante-emv.com\/comunitat-valenciana\/2025\/09\/26\/sanidad-valencia-gripe-covid-disparado-vuelta-al-cole-121957506.html\" target=\"_blank\" rel=\"nofollow noopener\">Si la semana pasado alcanz\u00f3 su m\u00e1ximo<\/a> en m\u00e1s de un a\u00f1o con 141,2 puntos de incidencia,<strong> esta semana desciende hasta los 109,9 puntos, un 20 % menos <\/strong>respecto a hace siete d\u00edas. La pr\u00f3xima semana ser\u00e1 un dato a tener en cuenta para ver si se produce un nuevo descenso o vuelve a haber una tendencia al alza. La<strong> enfermedad lleva desde finales de julio por encima de los 80 casos<\/strong> por cada 100.000 habitantes y, aunque ha registrado incrementos y retrocesos, se ha mantenido estable en m\u00e1ximos desde el verano de 2024. El pasado invierno, durante el pico de\u00a0<a href=\"https:\/\/www.levante-emv.com\/tags\/virus\/\" class=\"ft-link ft-link--decoration\" rel=\"nofollow noopener\" target=\"_blank\">virus respiratorios<\/a>, aupado por la gripe y el VRS; la gripe se encontraba con una tasa de incidencia de solo 18,4 puntos; mucho menor que la actual.<\/p>\n<p class=\"ft-text\">Es, sin duda, el virus respiratorio predominante en este inicio del oto\u00f1o. La gripe, que fue la m\u00e1s habitual durante el pasado invierno, se mantiene a la baja con solo 19,2 casos por cada 100.000 habitantes, seg\u00fan la incidencia estimada en el Sivira. Por su parte, <strong>el virus sincitial respiratorio<\/strong> (VRS), el paso previo a sufrir una bronquiolitis,<strong> registra sus primeros positivos <\/strong>con una incidencia de 4,8 puntos. Estaba a cero hace siete d\u00edas.<\/p>\n<p><img decoding=\"async\" src=\"https:\/\/www.europesays.com\/es\/wp-content\/uploads\/2025\/10\/36bee9a5-dd45-4701-b9c5-402d430fd1e6_alta-libre-aspect-ratio_default_0.jpg\" width=\"1200\" height=\"632\" alt=\"Incidencia de virus respiratorios por franjas de edad en la Comunitat Valenciana seg\u00fan el Sivira.\" class=\"ft-helper-img-rd\" loading=\"lazy\" hasdataaida=\"true\"\/><\/p>\n<p class=\"ft-helper-fontColor-quaternary ft-helper-fontSize-body-S ft-helper-spacer-t-xxs\">Incidencia de virus respiratorios por franjas de edad en la Comunitat Valenciana seg\u00fan el Sivira.  \/ Sivira<\/p>\n<p>Inicio de la vacunaci\u00f3n <img decoding=\"async\" src=\"https:\/\/www.europesays.com\/es\/wp-content\/uploads\/2025\/10\/cc335df7-cc41-461b-b4d6-cb7921b5e484_alta-libre-aspect-ratio_default_0.jpg\" width=\"1200\" height=\"800\" alt=\"Vacunaci\u00f3n contra la gripe en los colegios de la C.Valenciana.\" class=\"ft-helper-img-rd\" loading=\"lazy\" hasdataaida=\"true\"\/><\/p>\n<p class=\"ft-helper-fontColor-quaternary ft-helper-fontSize-body-S ft-helper-spacer-t-xxs\">Vacunaci\u00f3n contra la gripe en los colegios de la C.Valenciana.  \/ Miguel \u00c1ngel Montesinos<\/p>\n<p class=\"ft-text\">Los datos del \u00faltimo Sivira son los \u00faltimos antes del inicio de la <a class=\"ft-link ft-link--decoration\" href=\"https:\/\/www.levante-emv.com\/tags\/vacunacion\/\" target=\"_blank\" rel=\"nofollow noopener\">vacunaci\u00f3n<\/a> a los colectivos vulnerables, entre ellos los ni\u00f1os; los de entre tres y cinco a\u00f1os ser\u00e1n inmunizados en los colegios, si los padres lo autorizan, una <a class=\"ft-link ft-link--decoration\" href=\"https:\/\/www.levante-emv.com\/comunitat-valenciana\/2025\/10\/01\/arranca-vacunacion-gripe-112-700-122149737.html\" target=\"_blank\" rel=\"nofollow noopener\">campa\u00f1a que comenz\u00f3 el mi\u00e9rcoles 1 de octubre<\/a>. Junto a ellos, ha comenzado ya a administrarse la vacuna a <strong>a las personas mayores en residencias<\/strong>,\u00a0<a href=\"https:\/\/www.levante-emv.com\/comunitat-valenciana\/2025\/08\/30\/vacunacion-virus-sincitial-mayores-empezara-121074714.html\" class=\"ft-link ft-link--decoration\" rel=\"nofollow noopener\" target=\"_blank\">a quienes se vacunar\u00e1 por primera vez frente al VRS<\/a>, a las<strong>\u00a0personas con discapacidad\u00a0<\/strong>y a los\u00a0<strong>lactantes menores de seis meses<\/strong>, a quienes tambi\u00e9n se vacunar\u00e1 del VRS. Para el resto de la poblaci\u00f3n,<a class=\"ft-link ft-link--decoration\" href=\"https:\/\/www.levante-emv.com\/comunitat-valenciana\/2025\/09\/12\/vacuna-gripe-covid-empieza-1-octubre-grupos-vulnerables-121508387.html\" target=\"_blank\" rel=\"nofollow noopener\"> la inmunizaci\u00f3n empieza el pr\u00f3ximo d\u00eda 15<\/a>.<\/p>\n<p data-close=\"closedContent\" class=\"subscribeHideForDisplay\">Suscr\u00edbete para seguir leyendo<\/p>\n","protected":false},"excerpt":{"rendered":"La gripe y el resto de virus respiratorios -el sincitial y la covid- aceleran su transmisi\u00f3n y el&hellip;\n","protected":false},"author":2,"featured_media":155936,"comment_status":"","ping_status":"","sticky":false,"template":"","format":"standard","meta":{"footnotes":""},"categories":[92],"tags":[31028,12189,37979,2270,16597,25,24,7749,165,1567,2932,166,1811,17109,773,23,2393,7589,31026,2275],"class_list":{"0":"post-155935","1":"post","2":"type-post","3":"status-publish","4":"format-standard","5":"has-post-thumbnail","7":"category-salud","8":"tag-campana-de-la-gripe","9":"tag-comunitat-valenciana","10":"tag-conselleria-de-sanidad","11":"tag-covid","12":"tag-disparan","13":"tag-es","14":"tag-espana","15":"tag-gripe","16":"tag-health","17":"tag-menores","18":"tag-ninos","19":"tag-salud","20":"tag-sanidad","21":"tag-sanidad-publica","22":"tag-semana","23":"tag-spain","24":"tag-tercera","25":"tag-vacunacion","26":"tag-vacunacion-masiva","27":"tag-virus"},"share_on_mastodon":{"url":"","error":""},"_links":{"self":[{"href":"https:\/\/www.europesays.com\/es\/wp-json\/wp\/v2\/posts\/155935","targetHints":{"allow":["GET"]}}],"collection":[{"href":"https:\/\/www.europesays.com\/es\/wp-json\/wp\/v2\/posts"}],"about":[{"href":"https:\/\/www.europesays.com\/es\/wp-json\/wp\/v2\/types\/post"}],"author":[{"embeddable":true,"href":"https:\/\/www.europesays.com\/es\/wp-json\/wp\/v2\/users\/2"}],"replies":[{"embeddable":true,"href":"https:\/\/www.europesays.com\/es\/wp-json\/wp\/v2\/comments?post=155935"}],"version-history":[{"count":0,"href":"https:\/\/www.europesays.com\/es\/wp-json\/wp\/v2\/posts\/155935\/revisions"}],"wp:featuredmedia":[{"embeddable":true,"href":"https:\/\/www.europesays.com\/es\/wp-json\/wp\/v2\/media\/155936"}],"wp:attachment":[{"href":"https:\/\/www.europesays.com\/es\/wp-json\/wp\/v2\/media?parent=155935"}],"wp:term":[{"taxonomy":"category","embeddable":true,"href":"https:\/\/www.europesays.com\/es\/wp-json\/wp\/v2\/categories?post=155935"},{"taxonomy":"post_tag","embeddable":true,"href":"https:\/\/www.europesays.com\/es\/wp-json\/wp\/v2\/tags?post=155935"}],"curies":[{"name":"wp","href":"https:\/\/api.w.org\/{rel}","templated":true}]}}