{"id":155937,"date":"2025-10-04T04:12:13","date_gmt":"2025-10-04T04:12:13","guid":{"rendered":"https:\/\/www.europesays.com\/es\/155937\/"},"modified":"2025-10-04T04:12:13","modified_gmt":"2025-10-04T04:12:13","slug":"el-extrano-rio-de-jaume-claret-muxart-mucho-mas-que-un-debut-que-desborda","status":"publish","type":"post","link":"https:\/\/www.europesays.com\/es\/155937\/","title":{"rendered":"El &#8216;Extra\u00f1o r\u00edo&#8217; de Jaume Claret Muxart, mucho m\u00e1s que un debut que desborda"},"content":{"rendered":"<p class=\"voc-p\" style=\"\">Ten\u00eda apenas 19 a\u00f1os cuando <a href=\"https:\/\/www.abc.es\/espana\/galicia\/audiovisual-gallego-desembarca-san-sebastian-bajo-sello-20250922130903-nt.html\" data-voc-vtm-id=\"in-text-traffic\" title=\"Jaume Claret Muxart\" rel=\"nofollow noopener\" target=\"_blank\">Jaume Claret Muxart<\/a> comenz\u00f3 a escribir las primeras l\u00edneas del guion de &#8216;Extra\u00f1o r\u00edo&#8217;. Ahora, a sus veintisiete, el r\u00edo le ha llevado a las orillas del Lido veneciano, donde su \u00f3pera prima se vio en la secci\u00f3n Orizzonti del Festival de Venecia, y a San Sebasti\u00e1n, donde se proyect\u00f3 antes del estreno este viernes en la cartelera espa\u00f1ola. <\/p>\n<p class=\"voc-p\" style=\"\">\u00abNo me siento joven\u00bb, dice el cineasta, que hace gala de una osad\u00eda que se mezcla con una especie de timidez. Hay algo liberador en su confesi\u00f3n, como si despojarse de la etiqueta de joven debutante que ha pasado por dos festivales de clase A le permitiera respirar. \u00abEstuve en la primera generaci\u00f3n de la El\u00edas Querejeta Zine Eskola, aqu\u00ed en San Sebasti\u00e1n, y toda la gente ten\u00eda veintiocho, treinta, cuarenta. Mis amigos son m\u00e1s mayores\u00bb&#8230; Y remata con un dato que dir\u00e1 varias veces durante la conversaci\u00f3n: empez\u00f3 a hacer cortos con catorce. \u00abTengo la sensaci\u00f3n de que llevo muchos a\u00f1os en esto\u00bb. <\/p>\n<p class=\"voc-p\" style=\"\">Y \u00abesto\u00bb lo ha condensado en &#8216;<strong>Extra\u00f1o r\u00edo<\/strong>&#8216;, una pel\u00edcula al estilo de la nueva escuela catalana en la que D\u00eddac, el protagonista de diecis\u00e9is a\u00f1os, descubre el despertar de la vida adulta durante un viaje familiar en bicicleta a orillas del Danubio. Hay algo, como en esta ola, de biograf\u00eda y de cercan\u00eda personal en la historia. Pero, sobre todo, hay el descubrimiento de un nuevo director que en Venecia supieron ver antes que nadie: \u00abSab\u00edamos que ten\u00edamos algo que interesaba mucho. Pero nunca sabes. Env\u00edamos la pel\u00edcula a Venecia para ver qu\u00e9 pod\u00eda pasar. Y cuando recibes el mensaje&#8230; uf, fue muy bonito\u00bb. <\/p>\n<p class=\"voc-p\" style=\"\">\u00abPienso que voy a hacer pel\u00edculas m\u00e1s autobiogr\u00e1ficas en mi vida. Esta no lo es tanto, pero viene de dentro\u00bb, dice Claret Muxart sobre su historia, que nace de esos viajes en bicicleta por Europa que hizo de ni\u00f1o y adolescente con su familia. \u00abLa pel\u00edcula se transforma hacia la ficci\u00f3n, pero la pulsi\u00f3n, la necesidad, viene muy de dentro\u00bb. <\/p>\n<p class=\"voc-p\" style=\"\">Siete a\u00f1os \u00absacando\u00bb esta historia, un abismo para un proyecto de juventud. \u00abPara m\u00ed, la pel\u00edcula siempre va cambiando. Incluso en rodaje, en montaje. Es algo org\u00e1nico. Cuando sueltas la pel\u00edcula al equipo, se transforma mucho m\u00e1s. Mi responsabilidad es guiar, dirigir las corrientes\u00bb. De ah\u00ed surge su apuesta por el expresionismo: un realismo que se desborda hacia lo po\u00e9tico, lo gestual. Quiere seguir explorando ese camino, porque &#8216;Extra\u00f1o r\u00edo&#8217; es un descubrimiento juvenil, pero no solo sobre la homosexualidad. \u00abNo es una pel\u00edcula sobre eso. Esa fase, espero, ya se haya superado. Como dice D\u00eddac a su padre: &#8216;No me gustan los chicos, me gusta \u00e9l&#8217;\u00bb. Es una frase de la generaci\u00f3n Z. \u00abTenemos la responsabilidad de mirar y entender a la juventud\u00bb. Y ah\u00ed aparece, al fondo, &#8216;Call Me by Your Name&#8217;. \u00abMe gusta mucho. Los referentes de Guadagnino eran parecidos a los m\u00edos\u00bb. Pero con matices: \u00abEn esa pel\u00edcula, los padres parecen siempre incre\u00edbles, educan perfectamente. A m\u00ed me gusta que el hijo le ense\u00f1e cosas al padre, que lo pruebe, que no sea tan id\u00edlico\u00bb. <\/p>\n<p>Reportar un error<\/p>\n","protected":false},"excerpt":{"rendered":"Ten\u00eda apenas 19 a\u00f1os cuando Jaume Claret Muxart comenz\u00f3 a escribir las primeras l\u00edneas del guion de &#8216;Extra\u00f1o&hellip;\n","protected":false},"author":2,"featured_media":155938,"comment_status":"","ping_status":"","sticky":false,"template":"","format":"standard","meta":{"footnotes":""},"categories":[91],"tags":[30565,5437,26647,146,147,25,24,7381,1717,46276,3679,23],"class_list":{"0":"post-155937","1":"post","2":"type-post","3":"status-publish","4":"format-standard","5":"has-post-thumbnail","7":"category-entretenimiento","8":"tag-claret","9":"tag-debut","10":"tag-desborda","11":"tag-entertainment","12":"tag-entretenimiento","13":"tag-es","14":"tag-espana","15":"tag-extrano","16":"tag-jaume","17":"tag-muxart","18":"tag-rio","19":"tag-spain"},"share_on_mastodon":{"url":"","error":""},"_links":{"self":[{"href":"https:\/\/www.europesays.com\/es\/wp-json\/wp\/v2\/posts\/155937","targetHints":{"allow":["GET"]}}],"collection":[{"href":"https:\/\/www.europesays.com\/es\/wp-json\/wp\/v2\/posts"}],"about":[{"href":"https:\/\/www.europesays.com\/es\/wp-json\/wp\/v2\/types\/post"}],"author":[{"embeddable":true,"href":"https:\/\/www.europesays.com\/es\/wp-json\/wp\/v2\/users\/2"}],"replies":[{"embeddable":true,"href":"https:\/\/www.europesays.com\/es\/wp-json\/wp\/v2\/comments?post=155937"}],"version-history":[{"count":0,"href":"https:\/\/www.europesays.com\/es\/wp-json\/wp\/v2\/posts\/155937\/revisions"}],"wp:featuredmedia":[{"embeddable":true,"href":"https:\/\/www.europesays.com\/es\/wp-json\/wp\/v2\/media\/155938"}],"wp:attachment":[{"href":"https:\/\/www.europesays.com\/es\/wp-json\/wp\/v2\/media?parent=155937"}],"wp:term":[{"taxonomy":"category","embeddable":true,"href":"https:\/\/www.europesays.com\/es\/wp-json\/wp\/v2\/categories?post=155937"},{"taxonomy":"post_tag","embeddable":true,"href":"https:\/\/www.europesays.com\/es\/wp-json\/wp\/v2\/tags?post=155937"}],"curies":[{"name":"wp","href":"https:\/\/api.w.org\/{rel}","templated":true}]}}