{"id":155941,"date":"2025-10-04T04:16:10","date_gmt":"2025-10-04T04:16:10","guid":{"rendered":"https:\/\/www.europesays.com\/es\/155941\/"},"modified":"2025-10-04T04:16:10","modified_gmt":"2025-10-04T04:16:10","slug":"feijoo-se-ofrece-a-reparar-espana-y-acusa-al-gobierno-de-montar-una-estrategia-de-tension-espana","status":"publish","type":"post","link":"https:\/\/www.europesays.com\/es\/155941\/","title":{"rendered":"Feij\u00f3o se ofrece a \u201creparar Espa\u00f1a\u201d y acusa al Gobierno de montar \u201cuna estrategia de tensi\u00f3n\u201d | Espa\u00f1a"},"content":{"rendered":"<p class=\"\">El lema y la palabra clave ahora para el l\u00edder del PP, <a href=\"https:\/\/elpais.com\/noticias\/alberto-nunez-feijoo\/\" target=\"_blank\" rel=\"noreferrer nofollow noopener\" title=\"https:\/\/elpais.com\/noticias\/alberto-nunez-feijoo\/\">Alberto N\u00fa\u00f1ez Feij\u00f3o<\/a>, es \u201creparar\u201d Espa\u00f1a. Lo repiti\u00f3 varias veces este viernes en la ponencia que ofreci\u00f3 <a href=\"https:\/\/elpais.com\/espana\/2025-10-03\/feijoo-mientras-el-mundo-se-mueve-espana-parece-atrapada.html\" target=\"_self\" rel=\"nofollow noopener\" title=\"https:\/\/elpais.com\/espana\/2025-10-03\/feijoo-mientras-el-mundo-se-mueve-espana-parece-atrapada.html\">en el Foro La Toja V\u00ednculo Atl\u00e1ntico, en la que volvi\u00f3 a desgranar su \u201calternativa de Gobierno\u201d<\/a>. Feij\u00f3o no quiso desviar su atenci\u00f3n con noticias de actualidad, como <a href=\"https:\/\/elpais.com\/espana\/2025-10-03\/el-supremo-juzgara-al-fiscal-general-entre-el-3-y-el-13-de-noviembre.html\" target=\"_self\" rel=\"nofollow noopener\" title=\"https:\/\/elpais.com\/espana\/2025-10-03\/el-supremo-juzgara-al-fiscal-general-entre-el-3-y-el-13-de-noviembre.html\">la fecha para el juicio al fiscal general del Estado<\/a>, \u00c1lvaro Garc\u00eda Ortiz, o las pol\u00e9micas que est\u00e1n atrapando en varios callejones al PP con la inmigraci\u00f3n, Gaza o la regulaci\u00f3n del aborto. El mensaje fundamental que el l\u00edder de los populares quiso fijar consiste en que el Gobierno de Pedro S\u00e1nchez y \u201csus c\u00f3mplices\u201d no tiene ning\u00fan sentido y que \u00e9l se ofrece para derribar sus muros e iniciar una \u201creconstrucci\u00f3n del pa\u00eds\u201d sobre la base del \u201csentido com\u00fan\u201d. Y ah\u00ed acus\u00f3 al Ejecutivo de montar \u201cuna estrategia deliberada de tensi\u00f3n social\u201d.<\/p>\n<p class=\"\">\u201cMientras el mundo se mueve, Espa\u00f1a parece atrapada; y, mientras fuera se piensa en grande, en Espa\u00f1a llevamos algunos a\u00f1os pensando en peque\u00f1o\u201d, asegura Feij\u00f3o, que defiende que su labor como responsable de la oposici\u00f3n es solucionar problemas. En ese punto s\u00ed concret\u00f3 un aspecto sobre lo que ve como el gran fracaso de la pol\u00edtica migratoria. El presidente del PP anunci\u00f3 que, entre las medidas que pondr\u00e1 encima de la mesa <a href=\"https:\/\/elpais.com\/espana\/2025-02-09\/feijoo-ahora-resulta-que-los-menores-migrantes-dejan-de-ser-ninos-si-se-negocia-con-el-separatismo.html\" target=\"_self\" rel=\"nofollow noopener\" title=\"https:\/\/elpais.com\/espana\/2025-02-09\/feijoo-ahora-resulta-que-los-menores-migrantes-dejan-de-ser-ninos-si-se-negocia-con-el-separatismo.html\">si gobierna, estar\u00e1 la expulsi\u00f3n de los extranjeros que hayan entrado como menores<\/a> y no lo sean y la inclusi\u00f3n en el C\u00f3digo Penal del delito de fraude de la nacionalidad.<\/p>\n<p class=\"\">El l\u00edder de los populares ha detallado en su conferencia en el Foro La Toja que el pa\u00eds est\u00e1 atrapado en una legislatura que no est\u00e1 construida sobre un proyecto, sino \u201csobre intereses peque\u00f1os que hasta se reducen a intereses personales\u201d. <\/p>\n<p class=\"\">En esa l\u00ednea agreg\u00f3: \u201cLa normalidad democr\u00e1tica se ha sustituido por la dependencia continua de minor\u00edas\u201d. Y enumer\u00f3 cuatro de un sinf\u00edn de anomal\u00edas que dijo no tendr\u00eda tiempo para citar: \u201cLa cultura de la resignaci\u00f3n ante lo inaceptable\u201d; la colonizaci\u00f3n de las instituciones del Estado, \u201clos errores continuos y clamorosos en la gesti\u00f3n\u201d y \u201cla par\u00e1lisis presupuestaria\u201d.<\/p>\n<p class=\"\">Muchas de esas quejas son recurrentes y las repite Feij\u00f3o casi a diario, pero algunos de esos apartados le sirvieron para asegurar que el resultado es un \u201cdeterioro paulatino y evidente de las instituciones, de los servicios p\u00fablicos, de la calidad de vida y de la imagen del pa\u00eds, adem\u00e1s del deterioro de la convivencia\u201d. En ese apartado abund\u00f3 un poco m\u00e1s. Feij\u00f3o afirm\u00f3 que \u201cla tensi\u00f3n social en Espa\u00f1a es una estrategia deliberada del Gobierno\u201d. Y concluy\u00f3 que se lleva a cabo por el Ejecutivo de S\u00e1nchez porque \u201ccuando no hay resultados que exhibir se recurre al frentismo. Es m\u00e1s c\u00f3modo apelar al odio que a la esperanza y por eso se fuerza a que la sociedad viva instalada en la polarizaci\u00f3n\u201d.<\/p>\n<p class=\"\">El dirigente popular acus\u00f3 solo al Gobierno actual de ese frentismo, \u201cde levantar muros, de inventar enemigos, de construir trincheras en vez de puentes\u201d y reconoci\u00f3 que ese clima \u201cda\u00f1a al pa\u00eds en lo m\u00e1s profundo\u201d. Lo \u00fanico que pareci\u00f3 un amago de autocr\u00edtica fue cuando concedi\u00f3 que a veces existe \u201cla tentaci\u00f3n de responder en el mismo terreno\u201d, pero obvi\u00f3 ese an\u00e1lisis para apuntar solo hacia el Gabinete de S\u00e1nchez como el responsable de \u201cdesgarrar el pa\u00eds\u201d.<\/p>\n<p class=\"\">Ante ese diagn\u00f3stico, Feij\u00f3o se present\u00f3 como el representante de la tarea de \u201cla reconciliaci\u00f3n\u201d y \u201cla reconstrucci\u00f3n para reparar Espa\u00f1a\u201d con \u201csentido com\u00fan, sentido de pertenencia y de la direcci\u00f3n\u201d porque observa que enfrente no hay proyecto sino improvisaci\u00f3n. Y hasta rescat\u00f3 la mitificada frase del expresidente del Gobierno de UCD, Adolfo Su\u00e1rez, para asegurar que de lo que se trata ahora es \u201cde elevar a categor\u00eda pol\u00edtica de normal lo que a nivel de calle es normal\u201d. Fue ah\u00ed cuando repiti\u00f3 que nadie como el PP que preside ha hecho m\u00e1s propuestas de reformas y leyes desde la oposici\u00f3n, cuando se quej\u00f3 de que muchas de ellas, aprobadas con su mayor\u00eda absoluta en el Senado, est\u00e9n frenadas por otra mayor\u00eda en el Congreso y cuando despunt\u00f3 algunos de los fracasos del actual Ejecutivo.<\/p>\n<p>Pol\u00edtica migratoria<\/p>\n<p class=\"\">En ese apartado, Feij\u00f3o se\u00f1al\u00f3 muy directamente la <a href=\"https:\/\/elpais.com\/noticias\/politica-migracion\/\" target=\"_blank\" rel=\"noreferrer nofollow noopener\" title=\"https:\/\/elpais.com\/noticias\/politica-migracion\/\">pol\u00edtica migratoria<\/a> y prometi\u00f3 arreglarla\u201d si llega a La Moncloa. \u201cSi creemos que uno de los problemas de la pol\u00edtica migratoria es el fraude en las edades de quien de manera ilegal entra en Espa\u00f1a, debemos de perseguir ese fraude para que los menores no convivan con los adultos\u201d, avis\u00f3. Y anunci\u00f3: \u201cNuestro plan de inmigraci\u00f3n fijar\u00e1 un m\u00e1ximo de tiempo para comprobar la edad y evitar soluciones de desprotecci\u00f3n. Y para eso modificaremos dos leyes: la de extranjer\u00eda para poder expulsar a cualquier extranjero que se haya declarado menor de edad siendo mayor de edad y el C\u00f3digo Penal para incluir expresamente la tipificaci\u00f3n del fraude de la edad o de la nacionalidad del inmigrante\u201d.<\/p>\n","protected":false},"excerpt":{"rendered":"El lema y la palabra clave ahora para el l\u00edder del PP, Alberto N\u00fa\u00f1ez Feij\u00f3o, es \u201creparar\u201d Espa\u00f1a.&hellip;\n","protected":false},"author":2,"featured_media":155942,"comment_status":"","ping_status":"","sticky":false,"template":"","format":"standard","meta":{"footnotes":""},"categories":[8],"tags":[6069,17,18,25,24,13,14,11,25879,19,20,9,10,15,16,956,23,12,21,22],"class_list":{"0":"post-155941","1":"post","2":"type-post","3":"status-publish","4":"format-standard","5":"has-post-thumbnail","7":"category-espana","8":"tag-alberto-nunez-feijoo","9":"tag-breaking-news","10":"tag-breakingnews","11":"tag-es","12":"tag-espana","13":"tag-featured-news","14":"tag-featurednews","15":"tag-headlines","16":"tag-ideologias","17":"tag-latest-news","18":"tag-latestnews","19":"tag-news","20":"tag-noticias","21":"tag-noticias-destacadas","22":"tag-noticiasdestacadas","23":"tag-pp","24":"tag-spain","25":"tag-titulares","26":"tag-ultimas-noticias","27":"tag-ultimasnoticias"},"share_on_mastodon":{"url":"","error":""},"_links":{"self":[{"href":"https:\/\/www.europesays.com\/es\/wp-json\/wp\/v2\/posts\/155941","targetHints":{"allow":["GET"]}}],"collection":[{"href":"https:\/\/www.europesays.com\/es\/wp-json\/wp\/v2\/posts"}],"about":[{"href":"https:\/\/www.europesays.com\/es\/wp-json\/wp\/v2\/types\/post"}],"author":[{"embeddable":true,"href":"https:\/\/www.europesays.com\/es\/wp-json\/wp\/v2\/users\/2"}],"replies":[{"embeddable":true,"href":"https:\/\/www.europesays.com\/es\/wp-json\/wp\/v2\/comments?post=155941"}],"version-history":[{"count":0,"href":"https:\/\/www.europesays.com\/es\/wp-json\/wp\/v2\/posts\/155941\/revisions"}],"wp:featuredmedia":[{"embeddable":true,"href":"https:\/\/www.europesays.com\/es\/wp-json\/wp\/v2\/media\/155942"}],"wp:attachment":[{"href":"https:\/\/www.europesays.com\/es\/wp-json\/wp\/v2\/media?parent=155941"}],"wp:term":[{"taxonomy":"category","embeddable":true,"href":"https:\/\/www.europesays.com\/es\/wp-json\/wp\/v2\/categories?post=155941"},{"taxonomy":"post_tag","embeddable":true,"href":"https:\/\/www.europesays.com\/es\/wp-json\/wp\/v2\/tags?post=155941"}],"curies":[{"name":"wp","href":"https:\/\/api.w.org\/{rel}","templated":true}]}}