{"id":155943,"date":"2025-10-04T04:17:04","date_gmt":"2025-10-04T04:17:04","guid":{"rendered":"https:\/\/www.europesays.com\/es\/155943\/"},"modified":"2025-10-04T04:17:04","modified_gmt":"2025-10-04T04:17:04","slug":"elpuerto-de-santa-maria-dia-mundial-de-las-aves","status":"publish","type":"post","link":"https:\/\/www.europesays.com\/es\/155943\/","title":{"rendered":"#ElPuerto de Santa Mar\u00eda &#8211; D\u00eda Mundial de las Aves"},"content":{"rendered":"<p><strong>S\u00e1bado 4 de octubre<\/strong><\/p>\n<p>+10:00 h.- RUTA ORNITOL\u00d3GICA GUIADA &#8211; Pinar de la Algaida (desde 6 a\u00f1os) &#8211; Inscripci\u00f3n previa en: parquedelabahia@juntadeandalucia.es\u00a0<\/p>\n<p>+12:00 h.- CONCURSO DE DIBUJO AGADEN-EA &#8211; Casa de los Toru\u00f1os (3 a 12 a\u00f1os)<\/p>\n<p><strong>Domingo 5 de octubre<\/strong><\/p>\n<p>+10:00 h.- COLOCACI\u00d3N DE CAJAS NIDO EN PINAR DE LA ALGAIDA &#8211; Salida desde la explanada de actividades del Ca\u00f1o de la Cortadadura &#8211; Inscripci\u00f3n previa en: parquedelabahia@juntadeandalucia.es\u00a0<\/p>\n<p>+12:00 h.- CONCURSO DE DIBUJO AGADEN-EA &#8211; Casa de los Toru\u00f1os (3 a 12 a\u00f1os)\u00a0<\/p>\n<p>+12:30 h.- TALLER INFANTIL \u201cEL PICO DE LAS AVES\u201d &#8211; Casa de los Toru\u00f1os &#8211; El concurso de dibujo permitir\u00e1 la entrega de trabajos hasta el 10 de octubre<\/p>\n<p>Todas las actividades gratuitas.<\/p>\n<p>Organiza: PARQUE METROPOLITANO DE LOS TORU\u00d1OS Y LA ALGAIDA\/ Consejer\u00eda de Fomento, Articulaci\u00f3n del Territorio y Vivienda y AGADEN-ECOLOGISTAS EN ACCI\u00d3N.<\/p>\n","protected":false},"excerpt":{"rendered":"S\u00e1bado 4 de octubre +10:00 h.- RUTA ORNITOL\u00d3GICA GUIADA &#8211; Pinar de la Algaida (desde 6 a\u00f1os) &#8211;&hellip;\n","protected":false},"author":2,"featured_media":155944,"comment_status":"","ping_status":"","sticky":false,"template":"","format":"standard","meta":{"footnotes":""},"categories":[5],"tags":[17,18,25,24,13,14,11,19,20,9,10,15,16,23,12,21,22],"class_list":{"0":"post-155943","1":"post","2":"type-post","3":"status-publish","4":"format-standard","5":"has-post-thumbnail","7":"category-titulares","8":"tag-breaking-news","9":"tag-breakingnews","10":"tag-es","11":"tag-espana","12":"tag-featured-news","13":"tag-featurednews","14":"tag-headlines","15":"tag-latest-news","16":"tag-latestnews","17":"tag-news","18":"tag-noticias","19":"tag-noticias-destacadas","20":"tag-noticiasdestacadas","21":"tag-spain","22":"tag-titulares","23":"tag-ultimas-noticias","24":"tag-ultimasnoticias"},"share_on_mastodon":{"url":"","error":""},"_links":{"self":[{"href":"https:\/\/www.europesays.com\/es\/wp-json\/wp\/v2\/posts\/155943","targetHints":{"allow":["GET"]}}],"collection":[{"href":"https:\/\/www.europesays.com\/es\/wp-json\/wp\/v2\/posts"}],"about":[{"href":"https:\/\/www.europesays.com\/es\/wp-json\/wp\/v2\/types\/post"}],"author":[{"embeddable":true,"href":"https:\/\/www.europesays.com\/es\/wp-json\/wp\/v2\/users\/2"}],"replies":[{"embeddable":true,"href":"https:\/\/www.europesays.com\/es\/wp-json\/wp\/v2\/comments?post=155943"}],"version-history":[{"count":0,"href":"https:\/\/www.europesays.com\/es\/wp-json\/wp\/v2\/posts\/155943\/revisions"}],"wp:featuredmedia":[{"embeddable":true,"href":"https:\/\/www.europesays.com\/es\/wp-json\/wp\/v2\/media\/155944"}],"wp:attachment":[{"href":"https:\/\/www.europesays.com\/es\/wp-json\/wp\/v2\/media?parent=155943"}],"wp:term":[{"taxonomy":"category","embeddable":true,"href":"https:\/\/www.europesays.com\/es\/wp-json\/wp\/v2\/categories?post=155943"},{"taxonomy":"post_tag","embeddable":true,"href":"https:\/\/www.europesays.com\/es\/wp-json\/wp\/v2\/tags?post=155943"}],"curies":[{"name":"wp","href":"https:\/\/api.w.org\/{rel}","templated":true}]}}