{"id":155947,"date":"2025-10-04T04:27:11","date_gmt":"2025-10-04T04:27:11","guid":{"rendered":"https:\/\/www.europesays.com\/es\/155947\/"},"modified":"2025-10-04T04:27:11","modified_gmt":"2025-10-04T04:27:11","slug":"ha-sido-un-camino-largo-y-no-siempre-facil","status":"publish","type":"post","link":"https:\/\/www.europesays.com\/es\/155947\/","title":{"rendered":"Ha sido un camino largo y no siempre f\u00e1cil"},"content":{"rendered":"<p class=\"c-paragraph\">Muy felices, <b>Rodri Fuertes y Marta Castro han anunciado que esperan su primer hijo en com\u00fan<\/b>. Lo han hecho con un precioso v\u00eddeo publicado en sus redes sociales donde ella ya presume de tripita de embarazada.<\/p>\n<p class=\"c-paragraph\">\u00abEl coraz\u00f3n nos late m\u00e1s fuerte que nunca\u2026 porque <b>muy pronto seremos uno m\u00e1s<\/b>. \ud83e\udd0d\ud83d\udc76 La emoci\u00f3n, la alegr\u00eda y el amor que sentimos son tan grandes que es imposible explicarlo con palabras\u00bb, escribe la pareja acompa\u00f1ando al v\u00eddeo.<\/p>\n<p class=\"c-paragraph\">\u00ab<b>Ha sido un camino largo y no siempre f\u00e1cil<\/b>, pero ha sido un camino juntos, con esperanza y fe en cada paso\u00bb, exponen Marta y Rodri, que, en su d\u00eda, fueron pareja de Fonsi Nieto y Adara Molinero, respectivamente.<\/p>\n<p class=\"c-paragraph\">\u00ab<b>Nuestro mayor sue\u00f1o se ha hecho realidad y ya viene en camino<\/b> \ud83d\udc23\u00bb, concluyen en comunicado, no sin antes dar las gracias a la cl\u00ednica donde han realizado todo este proceso.<\/p>\n<p class=\"c-paragraph\">El futuro beb\u00e9 pondr\u00e1 la guinda a una historia de amor que comenz\u00f3 en el verano de 2023 y, adem\u00e1s, se convertir\u00e1 en el mejor compa\u00f1ero de juegos para Hugo, el hijo de 5 a\u00f1os de Marta Castro, fruto de su relaci\u00f3n con el exmotociclista.<\/p>\n","protected":false},"excerpt":{"rendered":"Muy felices, Rodri Fuertes y Marta Castro han anunciado que esperan su primer hijo en com\u00fan. Lo han&hellip;\n","protected":false},"author":2,"featured_media":155948,"comment_status":"","ping_status":"","sticky":false,"template":"","format":"standard","meta":{"footnotes":""},"categories":[174],"tags":[14982,255,146,147,25,24,8196,256,46714,14494,3881,23],"class_list":{"0":"post-155947","1":"post","2":"type-post","3":"status-publish","4":"format-standard","5":"has-post-thumbnail","7":"category-famosos","8":"tag-castro","9":"tag-celebrities","10":"tag-entertainment","11":"tag-entretenimiento","12":"tag-es","13":"tag-espana","14":"tag-ex","15":"tag-famosos","16":"tag-fonsi","17":"tag-marta","18":"tag-nieto","19":"tag-spain"},"share_on_mastodon":{"url":"","error":""},"_links":{"self":[{"href":"https:\/\/www.europesays.com\/es\/wp-json\/wp\/v2\/posts\/155947","targetHints":{"allow":["GET"]}}],"collection":[{"href":"https:\/\/www.europesays.com\/es\/wp-json\/wp\/v2\/posts"}],"about":[{"href":"https:\/\/www.europesays.com\/es\/wp-json\/wp\/v2\/types\/post"}],"author":[{"embeddable":true,"href":"https:\/\/www.europesays.com\/es\/wp-json\/wp\/v2\/users\/2"}],"replies":[{"embeddable":true,"href":"https:\/\/www.europesays.com\/es\/wp-json\/wp\/v2\/comments?post=155947"}],"version-history":[{"count":0,"href":"https:\/\/www.europesays.com\/es\/wp-json\/wp\/v2\/posts\/155947\/revisions"}],"wp:featuredmedia":[{"embeddable":true,"href":"https:\/\/www.europesays.com\/es\/wp-json\/wp\/v2\/media\/155948"}],"wp:attachment":[{"href":"https:\/\/www.europesays.com\/es\/wp-json\/wp\/v2\/media?parent=155947"}],"wp:term":[{"taxonomy":"category","embeddable":true,"href":"https:\/\/www.europesays.com\/es\/wp-json\/wp\/v2\/categories?post=155947"},{"taxonomy":"post_tag","embeddable":true,"href":"https:\/\/www.europesays.com\/es\/wp-json\/wp\/v2\/tags?post=155947"}],"curies":[{"name":"wp","href":"https:\/\/api.w.org\/{rel}","templated":true}]}}