{"id":155949,"date":"2025-10-04T04:29:07","date_gmt":"2025-10-04T04:29:07","guid":{"rendered":"https:\/\/www.europesays.com\/es\/155949\/"},"modified":"2025-10-04T04:29:07","modified_gmt":"2025-10-04T04:29:07","slug":"la-resurreccion-botanica-gospodinov-zenda","status":"publish","type":"post","link":"https:\/\/www.europesays.com\/es\/155949\/","title":{"rendered":"La resurrecci\u00f3n bot\u00e1nica: Gospod\u00ednov &#8211; Zenda"},"content":{"rendered":"<p>\u00abMi padre era jardinero. Ahora es jard\u00edn\u00bb. Con esta imagen inaugural, tan sencilla como devastadora, <strong>Gueorgui Gospod\u00ednov<\/strong> (Yambol, Bulgaria, 1968) abre su \u00faltima novela, <strong>El jardinero y la muerte<\/strong> (Editorial Impedimenta), traducida con gran sensibilidad por Mar\u00eda V\u00fatova. Desde esa primera l\u00ednea, la obra instala una met\u00e1fora que reverbera a lo largo de sus p\u00e1ginas. El autor escribe: \u00abLa jardiner\u00eda se opone esencialmente a la muerte. En un jard\u00edn siempre entierras algo a la espera de que con el tiempo ocurra el milagro y brote\u2026\u00bb. Esta idea, que trasciende lo meramente po\u00e9tico, articula una fe vegetal, un principio de vida que transforma el acto de sepultar en un gesto de esperanza. <strong>No es casual que Gospod\u00ednov concluya, m\u00e1s adelante, que \u00abla idea de la resurrecci\u00f3n es una idea bot\u00e1nica\u00bb<\/strong>. El jard\u00edn, como la escritura misma, se erige en custodio de la memoria. Su sensibilidad recuerda a la experiencia de Derek Jarman, quien en su libro Naturaleza moderna document\u00f3 la creaci\u00f3n de un jard\u00edn mientras la enfermedad del SIDA avanzaba, transformando la proximidad de su muerte en un acto de creaci\u00f3n vital.<\/p>\n<p>El jardinero y la muerte se construye sobre una distinci\u00f3n fundamental: \u00abMi padre muri\u00f3 y Mi padre muere son dos frases completamente distintas. La primera es un hecho, una conclusi\u00f3n; la segunda, una novela\u00bb. La primera clausura; la segunda abre un universo narrativo. <strong>Gospod\u00ednov asume el desaf\u00edo de escribir sobre la figura paterna, que \u00e9l mismo describe como \u00abmenos transparente y clara, m\u00e1s sombr\u00eda, a veces temible, a menudo ausente\u00bb<\/strong>. Esta opacidad paterna, lejos de ser un obst\u00e1culo, se convierte en el terreno f\u00e9rtil de la narraci\u00f3n. En el contexto cultural b\u00falgaro, donde, seg\u00fan el autor, \u00abno existe una gran tradici\u00f3n de diarios \u00edntimos\u00bb, El jardinero y la muerte se erige como un acto de rebeld\u00eda contra el \u00abmutismo innato\u00bb de lo personal. <strong>Gospod\u00ednov busca en los gestos lo que las palabras no alcanzan a decir<\/strong>: \u00abEn una cultura en la que no est\u00e1 aceptado el uso de expresiones afectuosas, como te quiero, pienso en ti, te echo de menos, uno busca otras formas de expresar su amor\u2026 Mi padre cultivaba un jard\u00edn\u00bb.<\/p>\n<p><p>\u00abEse manejo m\u00e1gico del tiempo permite al narrador moverse en una atemporalidad donde el padre existe simult\u00e1neamente\u00bb<\/p>\n<\/p>\n<p>La figura paterna domina el relato de El jardinero y la muerte con una presencia obsesiva. Otros personajes, como la madre, enferma de leucemia, o el hermano, permanecen en un segundo plano, apenas esbozados. <strong>Parece que, con su novela, Gospod\u00ednov quiere contrarrestar esa presencia tenue y negativa que para \u00e9l tiene la figura paterna en la vida<\/strong>: \u00abEl padre, se mire como se mire, es una figura ausente no solo en el cristianismo y en el socialismo\u00bb.<\/p>\n<p>El jardinero y la muerte se estructura como un mosaico de recuerdos, an\u00e9cdotas y escenas impregnadas de un humor melanc\u00f3lico, tan caracter\u00edstico de la Europa del Este, que dota a la figura del padre de una humanidad entra\u00f1able y casi heroica. Su estoicismo frente al dolor f\u00edsico que acompa\u00f1a a la agon\u00eda se resume en una frase que act\u00faa como lema: <strong>\u00abNo hay nada que temer\u00bb<\/strong>. Esta heroicidad silenciosa contrasta con la tradici\u00f3n literaria que, seg\u00fan Gospod\u00ednov, \u00abcanta a la madre y escribe amargas cartas kafkianas al padre\u00bb, lo que explica el retrato tan compasivo que hace del padre, en contraste con las normas de su cultura.<\/p>\n<p><p>\u00abFrente a la polifon\u00eda fragmentaria y el collage metaliterario de Novela natural y F\u00edsica de la tristeza, o a la arquitectura de laboratorio hist\u00f3rico de Las tempest\u00e1lidas, El jardinero y la muerte es un relato \u00edntimo\u00bb<\/p>\n<\/p>\n<p><strong>Uno de los mayores logros de la novela es su manejo magistral del tiempo narrativo<\/strong>. El propio autor lo anticipa al inicio, en una par\u00e1basis que recuerda al inicio de Sunset Boulevard: \u00abQuiero avisar desde ya que al final de este libro el protagonista muere. Ni siquiera al final, m\u00e1s bien por la mitad, pero luego vuelve a estar vivo, en todas las historias antes de irse y en las de despu\u00e9s\u00bb. Ese manejo m\u00e1gico del tiempo permite al narrador moverse en una atemporalidad donde el padre existe simult\u00e1neamente: \u00abCuando pienso en \u00e9l lo veo a la vez en sus distintas edades\u2026 Fuera del tiempo lineal, all\u00ed desde donde nos observa aquel que est\u00e1 por encima, vi\u00e9ndonos a la vez en nuestro pasado, presente y futuro\u00bb.<\/p>\n<p>La prosa de Gospod\u00ednov alcanza momentos de gran altura en sus pasajes m\u00e1s l\u00edricos, con im\u00e1genes de una precisi\u00f3n deslumbrante. En uno de los primeros textos captura la ambivalencia del duelo: \u00abTristeza por el panal colmado de miel, pero tambi\u00e9n por las celdas vac\u00edas de ese panal, por ellas m\u00e1s intensa\u00bb. M\u00e1s adelante, una imagen sencilla pero luminosa evoca la esperanza que perdura en los momentos m\u00e1s oscuros: \u00abLa nieve acumulada arrojaba luz dentro de la habitaci\u00f3n\u00bb. <strong>Finalmente, el autor encuentra en el silencio y el contacto humano una verdad que trasciende las palabras<\/strong>: \u00abY yo, que creo en las palabras, no ten\u00eda palabra alguna. Pero eso tampoco importaba, lo que importaba era aferrarle la mano\u2026\u00bb. En el cierre, una enumeraci\u00f3n anaf\u00f3rica \u2014\u00abNo s\u00e9 qu\u00e9 hacer\u2026\u00bb\u2014 amplifica el desconcierto y el duelo, dejando al lector con una sensaci\u00f3n de p\u00e9rdida que es, a la vez, profundamente humana y universal.<\/p>\n<p><p>\u00abEl jardinero y la muerte es una meditaci\u00f3n sobre el acompa\u00f1amiento del dolor, el duelo y la memoria de quienes nos dieron la vida sin explicarnos c\u00f3mo vivirla\u00bb<\/p>\n<\/p>\n<p>Ese desconcierto enlaza con una de las afirmaciones m\u00e1s reveladoras del libro: \u00abNo nos han ense\u00f1ado a envejecer\u00bb. Esta frase, que recorre el texto como un eco, se materializa en la relaci\u00f3n del narrador con su padre enfermo, donde la cercan\u00eda de la muerte descubre una belleza inesperada: <strong>\u00ab\u2026mientras estaba a su lado, sobre todo cuando el dolor remit\u00eda, pensaba en lo bonito que era estar juntos. Incluso en esa situaci\u00f3n\u00bb<\/strong>. Es en esa paradoja donde la novela encuentra su n\u00facleo: la belleza posible en la proximidad de la muerte.<\/p>\n<p>Frente a la polifon\u00eda fragmentaria y el collage metaliterario de Novela natural y F\u00edsica de la tristeza, o a la arquitectura de laboratorio hist\u00f3rico de Las tempest\u00e1lidas, El jardinero y la muerte es un relato \u00edntimo. Aunque alguna de las caracter\u00edsticas de sus obras se mantiene \u2014destellos l\u00edricos, aforismos, humor seco a contraluz, intertextualidad dosificada\u2014, y persiste su gran tema\u2014la memoria\u2014, los cambios son notables. <strong>Por un lado, cambia la arquitectura<\/strong>: del collage y la polifon\u00eda de voces a una secuencia de vi\u00f1etas continua, tensada por el hilo del duelo, con un yo claro y un\u00edvoco.<strong> Por otro lado, se desplaza el imaginario<\/strong>: del refugio o el laberinto a la met\u00e1fora del jard\u00edn, con un tono elegiaco y sobrio que reduce la iron\u00eda posmoderna o la s\u00e1tira hist\u00f3rica para apostar por la cercan\u00eda y la compasi\u00f3n.<\/p>\n<p>El jardinero y la muerte es una meditaci\u00f3n sobre el acompa\u00f1amiento del dolor, el duelo y la memoria de quienes nos dieron la vida sin explicarnos c\u00f3mo vivirla. <strong>Entre el mutismo cultural y la elocuencia de los gestos, Gospod\u00ednov cultiva un libro que, como el jard\u00edn del t\u00edtulo, crece sobre la certeza de que lo enterrado puede, todav\u00eda, volver a germinar<\/strong>. Con una prosa que oscila entre la ternura y la melancol\u00eda, esta novela no solo honra al padre, sino que tambi\u00e9n reconfigura nuestra comprensi\u00f3n de la ausencia, el amor y el tiempo, en un canto a la asombrosa vida que persiste.<\/p>\n<p>\u2014\u2014\u2014\u2014\u2014\u2014\u2014\u2014\u2014\u2014\u2014\u2014\u2014<\/p>\n<p><strong>Autor:<\/strong> Gueorgui Gospod\u00ednov. <strong>T\u00edtulo: <\/strong>El jardinero y la muerte. <strong>Traducci\u00f3n: <\/strong>Mar\u00eda V\u00fatova. <strong>Editorial:<\/strong> Impedimenta. <strong>Venta: <\/strong><a href=\"https:\/\/www.todostuslibros.com\/libros\/el-jardinero-y-la-muerte_979-13-87641-03-0\" target=\"_blank\" rel=\"noopener noreferrer nofollow\">Todos tus libros<\/a>.<\/p>\n<p>\t\t\t\t\t\t\t0\/5\t\t\t\t\t\t\t<\/p>\n<p>\t\t\t\t\t\t\t(0 Puntuaciones. Valora este art\u00edculo, por favor)\n\t\t\t\t\t\t<\/p>\n","protected":false},"excerpt":{"rendered":"\u00abMi padre era jardinero. Ahora es jard\u00edn\u00bb. Con esta imagen inaugural, tan sencilla como devastadora, Gueorgui Gospod\u00ednov (Yambol,&hellip;\n","protected":false},"author":2,"featured_media":155950,"comment_status":"","ping_status":"","sticky":false,"template":"","format":"standard","meta":{"footnotes":""},"categories":[172],"tags":[224,146,147,25,24,225,23],"class_list":{"0":"post-155949","1":"post","2":"type-post","3":"status-publish","4":"format-standard","5":"has-post-thumbnail","7":"category-libros","8":"tag-books","9":"tag-entertainment","10":"tag-entretenimiento","11":"tag-es","12":"tag-espana","13":"tag-libros","14":"tag-spain"},"share_on_mastodon":{"url":"","error":""},"_links":{"self":[{"href":"https:\/\/www.europesays.com\/es\/wp-json\/wp\/v2\/posts\/155949","targetHints":{"allow":["GET"]}}],"collection":[{"href":"https:\/\/www.europesays.com\/es\/wp-json\/wp\/v2\/posts"}],"about":[{"href":"https:\/\/www.europesays.com\/es\/wp-json\/wp\/v2\/types\/post"}],"author":[{"embeddable":true,"href":"https:\/\/www.europesays.com\/es\/wp-json\/wp\/v2\/users\/2"}],"replies":[{"embeddable":true,"href":"https:\/\/www.europesays.com\/es\/wp-json\/wp\/v2\/comments?post=155949"}],"version-history":[{"count":0,"href":"https:\/\/www.europesays.com\/es\/wp-json\/wp\/v2\/posts\/155949\/revisions"}],"wp:featuredmedia":[{"embeddable":true,"href":"https:\/\/www.europesays.com\/es\/wp-json\/wp\/v2\/media\/155950"}],"wp:attachment":[{"href":"https:\/\/www.europesays.com\/es\/wp-json\/wp\/v2\/media?parent=155949"}],"wp:term":[{"taxonomy":"category","embeddable":true,"href":"https:\/\/www.europesays.com\/es\/wp-json\/wp\/v2\/categories?post=155949"},{"taxonomy":"post_tag","embeddable":true,"href":"https:\/\/www.europesays.com\/es\/wp-json\/wp\/v2\/tags?post=155949"}],"curies":[{"name":"wp","href":"https:\/\/api.w.org\/{rel}","templated":true}]}}