{"id":155953,"date":"2025-10-04T04:37:09","date_gmt":"2025-10-04T04:37:09","guid":{"rendered":"https:\/\/www.europesays.com\/es\/155953\/"},"modified":"2025-10-04T04:37:09","modified_gmt":"2025-10-04T04:37:09","slug":"inversiones-en-ia-podrian-provocar-burbuja-pero-aportaran-beneficios-segun-jeff-bezos-2","status":"publish","type":"post","link":"https:\/\/www.europesays.com\/es\/155953\/","title":{"rendered":"Inversiones En IA Podr\u00edan Provocar \u00abBurbuja\u00bb Pero Aportar\u00e1n Beneficios, Seg\u00fan Jeff Bezos"},"content":{"rendered":"<p data-type=\"paragraph\" data=\"[object Object]\">Las inversiones masivas en inteligencia artificial (IA) podr\u00edan provocar una \u00abburbuja\u00bb pero sus \u00abbeneficios\u00bb ser\u00e1n \u00abinmensos\u00bb, declar\u00f3 este viernes el director ejecutivo de Amazon, Jeff Bezos, durante la Tech Week, una conferencia sobre tecnolog\u00eda celebrada en la ciudad italiana de Tur\u00edn.<\/p>\n<p data-type=\"paragraph\" data=\"[object Object]\" class=\"emotion-1akm6h5-Paragraph e1e4oisd0\">\u00abLos inversores no suelen dar 2.000 millones de d\u00f3lares a un equipo de seis personas sin producto, y sin embargo eso es lo que est\u00e1 pasando ahora mismo\u00bb, se\u00f1al\u00f3 durante una conversaci\u00f3n con John Elkann, presidente del holding Exor (as\u00ed como de Stellantis y Ferrari), cuyo fondo Vento organiza la Tech Week.<\/p>\n<p data-type=\"paragraph\" data=\"[object Object]\" class=\"emotion-1akm6h5-Paragraph e1e4oisd0\">Bezos compar\u00f3 las inversiones actuales en IA con la burbuja de los laboratorios biotecnol\u00f3gicos estadounidenses en el a\u00f1o 2000, impulsados por los avances en la investigaci\u00f3n gen\u00e9tica, pero cuyo valor se desplom\u00f3 al cabo de unos meses.<\/p>\n<p data-type=\"paragraph\" data=\"[object Object]\" class=\"emotion-1akm6h5-Paragraph e1e4oisd0\">\u00abEstas burbujas industriales pueden ser beneficiosas porque, cuando se calma la situaci\u00f3n y se cuentan los ganadores, la sociedad se beneficia de estos inventos\u00bb, a\u00f1adi\u00f3 Bezos. En el caso de la IA, \u00ablos beneficios ser\u00e1n inmensos\u00bb, asegur\u00f3 quien, entre otras cosas, invirti\u00f3 en la empresa emergente estadounidense Perplexity, especializada en IA generativa.<\/p>\n<p data-type=\"paragraph\" data=\"[object Object]\" class=\"emotion-1akm6h5-Paragraph e1e4oisd0\">\u00abEsto afectar\u00e1 a todas las empresas del mundo, mejorando la calidad de su trabajo y su productividad\u00bb, agreg\u00f3 Bezos. Afuera, unos manifestantes propalestinos intentaban entrar en el recinto.<\/p>\n<p data-type=\"paragraph\" data=\"[object Object]\" class=\"emotion-1akm6h5-Paragraph e1e4oisd0\">\u00abEstamos en la era dorada de los viajes espaciales, la inteligencia artificial, la rob\u00f3tica (&#8230;). Nunca ha habido un mejor momento para entusiasmarse con el futuro\u00bb, sostuvo Bezos, quien lanz\u00f3 este a\u00f1o los primeros sat\u00e9lites de su constelaci\u00f3n Kuiper, con el objetivo de ofrecer una conexi\u00f3n a Internet de muy alta velocidad.<\/p>\n","protected":false},"excerpt":{"rendered":"Las inversiones masivas en inteligencia artificial (IA) podr\u00edan provocar una \u00abburbuja\u00bb pero sus \u00abbeneficios\u00bb ser\u00e1n \u00abinmensos\u00bb, declar\u00f3 este&hellip;\n","protected":false},"author":2,"featured_media":155954,"comment_status":"","ping_status":"","sticky":false,"template":"","format":"standard","meta":{"footnotes":""},"categories":[80],"tags":[82,95,94,115,2308,25,24,1636,10904,921,23,116,120,943],"class_list":{"0":"post-155953","1":"post","2":"type-post","3":"status-publish","4":"format-standard","5":"has-post-thumbnail","7":"category-economia","8":"tag-business","9":"tag-economia","10":"tag-economy","11":"tag-eeuu","12":"tag-empresas","13":"tag-es","14":"tag-espana","15":"tag-ia","16":"tag-informatica","17":"tag-inversion","18":"tag-spain","19":"tag-synd","20":"tag-tecnologia","21":"tag-ue"},"share_on_mastodon":{"url":"","error":""},"_links":{"self":[{"href":"https:\/\/www.europesays.com\/es\/wp-json\/wp\/v2\/posts\/155953","targetHints":{"allow":["GET"]}}],"collection":[{"href":"https:\/\/www.europesays.com\/es\/wp-json\/wp\/v2\/posts"}],"about":[{"href":"https:\/\/www.europesays.com\/es\/wp-json\/wp\/v2\/types\/post"}],"author":[{"embeddable":true,"href":"https:\/\/www.europesays.com\/es\/wp-json\/wp\/v2\/users\/2"}],"replies":[{"embeddable":true,"href":"https:\/\/www.europesays.com\/es\/wp-json\/wp\/v2\/comments?post=155953"}],"version-history":[{"count":0,"href":"https:\/\/www.europesays.com\/es\/wp-json\/wp\/v2\/posts\/155953\/revisions"}],"wp:featuredmedia":[{"embeddable":true,"href":"https:\/\/www.europesays.com\/es\/wp-json\/wp\/v2\/media\/155954"}],"wp:attachment":[{"href":"https:\/\/www.europesays.com\/es\/wp-json\/wp\/v2\/media?parent=155953"}],"wp:term":[{"taxonomy":"category","embeddable":true,"href":"https:\/\/www.europesays.com\/es\/wp-json\/wp\/v2\/categories?post=155953"},{"taxonomy":"post_tag","embeddable":true,"href":"https:\/\/www.europesays.com\/es\/wp-json\/wp\/v2\/tags?post=155953"}],"curies":[{"name":"wp","href":"https:\/\/api.w.org\/{rel}","templated":true}]}}