{"id":155955,"date":"2025-10-04T04:39:07","date_gmt":"2025-10-04T04:39:07","guid":{"rendered":"https:\/\/www.europesays.com\/es\/155955\/"},"modified":"2025-10-04T04:39:07","modified_gmt":"2025-10-04T04:39:07","slug":"frialdad-en-la-reina-y-gritos-de-monarquia-kanpora","status":"publish","type":"post","link":"https:\/\/www.europesays.com\/es\/155955\/","title":{"rendered":"Frialdad en la reina y gritos de \u00abmonarqu\u00eda kanpora\u00bb"},"content":{"rendered":"<p>\n        No es casualidad que el CIS lleve <strong>una d\u00e9cada sin preguntar a los ciudadanos del Estado por la monarqu\u00eda<\/strong>. En 2015 lo hizo y <strong>Felipe VI<\/strong> sac\u00f3 un suspenso. Quiz\u00e1 la baja <a href=\"https:\/\/www.noticiasdenavarra.com\/sociedad\/2025\/10\/03\/visita-letizia-lumbier-topa-protesta-10163703.html\" title=\"popularidad de los reyes\" class=\"link copy\" rel=\"nofollow noopener\" target=\"_blank\">popularidad de los reyes<\/a> \u2013creciente incluso entre la derecha m\u00e1s extrema, ojo\u2013 explique la necesidad de <strong>un protocolo tan distante y militarizado<\/strong> como el de ayer.\n<\/p>\n<p class=\"article-body__text \">\n        Un dispositivo de seguridad de no menos de un centenar de efectivos \u2013entre la <strong>Casa Real, Guardia Civil y Polic\u00eda Foral<\/strong>\u2013 perimetr\u00f3 el instituto. El despliegue de medios \u2013con polic\u00edas apostados en puentes\u2013 contrast\u00f3 con la veintena de personas \u2013muchas de ellas, mayores\u2013 que se acercaron para tratar de saludar a la reina.\n<\/p>\n<p class=\"article-body__text \">\n        Fue dif\u00edcil: <strong>lleg\u00f3 con el tiempo just\u00edsimo, en helic\u00f3ptero y con tantas medidas de seguridad que fue complicado verla<\/strong>. Su llegada fue un visto y no visto, salud\u00f3 r\u00e1pidamente a algunos de los ciudadanos que estaban esper\u00e1ndola como agua de mayo y entr\u00f3 a todo correr al instituto. Nadie de la comitiva real o institucional \u2013tambi\u00e9n estaba la ministra Alegr\u00eda\u2013 <strong>se preocup\u00f3 por las concentraciones de los profesores<\/strong>, que b\u00e1sicamente reclaman m\u00e1s medios para educar bien a adolescentes.\n<\/p>\n<p class=\"article-body__text \">\n        Aun as\u00ed, hubo gente que esper\u00f3 toda la ma\u00f1ana para intentar darle la mano o saludarla a la salida. Casi se van de vac\u00edo a casa. La reina enfilaba directa el coche oficial <strong>cuando los gritos de una mujer le hicieron muy complicado no girarse y acercarse<\/strong>. Hubiese sido demasiado impopular hasta para el m\u00e1s mon\u00e1rquico. Cambi\u00f3 de direcci\u00f3n, despach\u00f3 un par de saludos m\u00e1s y se volvi\u00f3 al coche. Mientras tanto, del instituto ya emanaban cada vez m\u00e1s silbidos y gritos como alde hemendik y monarqu\u00eda kanpora.\u00a0<\/p>\n","protected":false},"excerpt":{"rendered":"No es casualidad que el CIS lleve una d\u00e9cada sin preguntar a los ciudadanos del Estado por la&hellip;\n","protected":false},"author":2,"featured_media":155956,"comment_status":"","ping_status":"","sticky":false,"template":"","format":"standard","meta":{"footnotes":""},"categories":[8],"tags":[17,18,25,24,13,14,46715,11823,11,46716,19,20,6041,9,10,15,16,10717,23,12,21,22],"class_list":{"0":"post-155955","1":"post","2":"type-post","3":"status-publish","4":"format-standard","5":"has-post-thumbnail","7":"category-espana","8":"tag-breaking-news","9":"tag-breakingnews","10":"tag-es","11":"tag-espana","12":"tag-featured-news","13":"tag-featurednews","14":"tag-frialdad","15":"tag-gritos","16":"tag-headlines","17":"tag-kanpora","18":"tag-latest-news","19":"tag-latestnews","20":"tag-monarquia","21":"tag-news","22":"tag-noticias","23":"tag-noticias-destacadas","24":"tag-noticiasdestacadas","25":"tag-reina","26":"tag-spain","27":"tag-titulares","28":"tag-ultimas-noticias","29":"tag-ultimasnoticias"},"share_on_mastodon":{"url":"","error":""},"_links":{"self":[{"href":"https:\/\/www.europesays.com\/es\/wp-json\/wp\/v2\/posts\/155955","targetHints":{"allow":["GET"]}}],"collection":[{"href":"https:\/\/www.europesays.com\/es\/wp-json\/wp\/v2\/posts"}],"about":[{"href":"https:\/\/www.europesays.com\/es\/wp-json\/wp\/v2\/types\/post"}],"author":[{"embeddable":true,"href":"https:\/\/www.europesays.com\/es\/wp-json\/wp\/v2\/users\/2"}],"replies":[{"embeddable":true,"href":"https:\/\/www.europesays.com\/es\/wp-json\/wp\/v2\/comments?post=155955"}],"version-history":[{"count":0,"href":"https:\/\/www.europesays.com\/es\/wp-json\/wp\/v2\/posts\/155955\/revisions"}],"wp:featuredmedia":[{"embeddable":true,"href":"https:\/\/www.europesays.com\/es\/wp-json\/wp\/v2\/media\/155956"}],"wp:attachment":[{"href":"https:\/\/www.europesays.com\/es\/wp-json\/wp\/v2\/media?parent=155955"}],"wp:term":[{"taxonomy":"category","embeddable":true,"href":"https:\/\/www.europesays.com\/es\/wp-json\/wp\/v2\/categories?post=155955"},{"taxonomy":"post_tag","embeddable":true,"href":"https:\/\/www.europesays.com\/es\/wp-json\/wp\/v2\/tags?post=155955"}],"curies":[{"name":"wp","href":"https:\/\/api.w.org\/{rel}","templated":true}]}}