{"id":155959,"date":"2025-10-04T04:41:08","date_gmt":"2025-10-04T04:41:08","guid":{"rendered":"https:\/\/www.europesays.com\/es\/155959\/"},"modified":"2025-10-04T04:41:08","modified_gmt":"2025-10-04T04:41:08","slug":"el-bueu-atletico-quiere-recuperar-fuelle-en-su-visita-al-ingenio","status":"publish","type":"post","link":"https:\/\/www.europesays.com\/es\/155959\/","title":{"rendered":"El Bueu Atl\u00e9tico quiere recuperar fuelle en su visita al Ingenio"},"content":{"rendered":"<p class=\"ft-text ft-helper-closenews\">El <strong>Bueu Atl\u00e9tico intentar\u00e1 recuperar fuelle <\/strong>despu\u00e9s de dos jornadas sin ganar en su <strong>visita de esta tarde<\/strong> (18 horas, pabell\u00f3n Pedro Padilla, con el arbitraje de los andaluces G\u00f3mez G\u00f3mez y S\u00e1nchez Delgado) <strong>al Ingenio. <\/strong>El conjunto que dirige Luis Montes se medir\u00e1 a uno de los equipos m\u00e1s potentes en su feudo, con una plantilla repleta de kilos y cent\u00edmetros en lo que ser\u00e1 un aut\u00e9ntico choque de estilos.<\/p>\n<p class=\"ft-text\">Con tres puntos en cuatro encuentros el preparador vigu\u00e9s<strong> valora positivamente el arranque de temporada<\/strong> de los suyos con el \u00fanico matiz de \u00ablos \u00faltimos dos minutos y medios de Lal\u00edn\u00bb, en los que los suyos desperdiciaron una renta de cuatro goles para acabar cediendo un empate. <strong>\u00abEstuvimos muy bien ante el G\u00e1ldar y 57 minutos contra el Lal\u00edn\u00bb<\/strong>, se\u00f1ala. <strong>Ante el Nov\u00e1s, en su \u00fanica derrota, \u00abla clave estuvo en la porter\u00eda<\/strong>. H\u00e9ctor tuvo un 53,8 por ciento en posicional y nosotros un 19. Ah\u00ed se explica casi todo\u00bb.<\/p>\n<p class=\"ft-text\">Las Canarias y el Ingenio no parecen la mejor combinaci\u00f3n de elementos para redimirse.<strong> \u00abEs una salida complicad\u00edsima, en la que el a\u00f1o pasado no ganamos ninguno de los cuatro primeros <\/strong>clasificados\u00bb, recuerda. A la potencia de los hermanos Mart\u00edn, los insulares han unido este a\u00f1o \u00abal zurdo D\u00e9niz, otro jugador de dos metros que les da a\u00fan m\u00e1s f\u00edsico\u00bb. Ante esto, Montes apuesta por \u00abexplotar nuestras armas para intentar hacerles da\u00f1o y jugar nuestro partido\u00bb. El Ingenio suma cuatro puntos, con triunfos ante Ca\u00f1iza y Lal\u00edn, y una derrota por la m\u00ednima frente al Reconquista.<\/p>\n<p class=\"ft-text\">El t\u00e9cnico tendr\u00e1 la<strong> baja de Pedro por motivos acad\u00e9micos y de Mauro y Vicente por lesi\u00f3n.<\/strong> Este \u00faltimo tiene afectado el labrum, por lo que podr\u00eda estar de baja por un periodo aproximado de cuatro meses.<strong> Cadilla tambi\u00e9n se queda fuera de una convocatoria con 14 jugadores<\/strong> \u2013el coste del desplazamiento afecta a todos los equipos gallegos\u2013 formada por los porteros Hugo y Julio; los pivotes Rub\u00e9n y Mario; los extremos Diego P\u00e9rez,Jos\u00e9 y Adri\u00e1n; y los primeras l\u00edneas Roque, Brais, G\u00e1ndara, Asier, Samu Seijas, Cami\u00f1a y Lluque.<\/p>\n<p data-close=\"closedContent\" class=\"subscribeHideForDisplay\">Suscr\u00edbete para seguir leyendo<\/p>\n","protected":false},"excerpt":{"rendered":"El Bueu Atl\u00e9tico intentar\u00e1 recuperar fuelle despu\u00e9s de dos jornadas sin ganar en su visita de esta tarde&hellip;\n","protected":false},"author":2,"featured_media":155960,"comment_status":"","ping_status":"","sticky":false,"template":"","format":"standard","meta":{"footnotes":""},"categories":[278],"tags":[376,26293,168,25,24,375,43636,11326,23,167],"class_list":{"0":"post-155959","1":"post","2":"type-post","3":"status-publish","4":"format-standard","5":"has-post-thumbnail","7":"category-balonmano","8":"tag-balonmano","9":"tag-bueu-atletico","10":"tag-deportes","11":"tag-es","12":"tag-espana","13":"tag-handball","14":"tag-luis-montes","15":"tag-primera-nacional-balonmano","16":"tag-spain","17":"tag-sports"},"share_on_mastodon":{"url":"","error":""},"_links":{"self":[{"href":"https:\/\/www.europesays.com\/es\/wp-json\/wp\/v2\/posts\/155959","targetHints":{"allow":["GET"]}}],"collection":[{"href":"https:\/\/www.europesays.com\/es\/wp-json\/wp\/v2\/posts"}],"about":[{"href":"https:\/\/www.europesays.com\/es\/wp-json\/wp\/v2\/types\/post"}],"author":[{"embeddable":true,"href":"https:\/\/www.europesays.com\/es\/wp-json\/wp\/v2\/users\/2"}],"replies":[{"embeddable":true,"href":"https:\/\/www.europesays.com\/es\/wp-json\/wp\/v2\/comments?post=155959"}],"version-history":[{"count":0,"href":"https:\/\/www.europesays.com\/es\/wp-json\/wp\/v2\/posts\/155959\/revisions"}],"wp:featuredmedia":[{"embeddable":true,"href":"https:\/\/www.europesays.com\/es\/wp-json\/wp\/v2\/media\/155960"}],"wp:attachment":[{"href":"https:\/\/www.europesays.com\/es\/wp-json\/wp\/v2\/media?parent=155959"}],"wp:term":[{"taxonomy":"category","embeddable":true,"href":"https:\/\/www.europesays.com\/es\/wp-json\/wp\/v2\/categories?post=155959"},{"taxonomy":"post_tag","embeddable":true,"href":"https:\/\/www.europesays.com\/es\/wp-json\/wp\/v2\/tags?post=155959"}],"curies":[{"name":"wp","href":"https:\/\/api.w.org\/{rel}","templated":true}]}}