{"id":155965,"date":"2025-10-04T04:52:09","date_gmt":"2025-10-04T04:52:09","guid":{"rendered":"https:\/\/www.europesays.com\/es\/155965\/"},"modified":"2025-10-04T04:52:09","modified_gmt":"2025-10-04T04:52:09","slug":"a-vueltas-con-el-corazon","status":"publish","type":"post","link":"https:\/\/www.europesays.com\/es\/155965\/","title":{"rendered":"A vueltas con el coraz\u00f3n"},"content":{"rendered":"<p data-gtm-element-container=\"modulo-texto-link\" class=\"paragraph\">La escritora italiana Susanna Tamaro (Trieste, 1957) alcanz\u00f3 el \u00e9xito internacional con Donde el coraz\u00f3n te lleve , de la que ya se han cumplido treinta a\u00f1os de su publicaci\u00f3n (1994). Desde entonces, m\u00e1s de una decena de novelas \u2013 Anima mundi, Querida Mathilda o Una gran historia de amor &#8211; la han consolidado como una autora con sello propio, alejada de modas y fiel a s\u00ed misma. En su \u00faltimo trabajo resuenan aspectos de aquella famosa obra \u2013lleva m\u00e1s un mill\u00f3n y medio de ejemplares vendidos en espa\u00f1ol-. La autora opta de nuevo por el estilo epistolar para contar una historia donde las relaciones familiares y los temas de calado van de la mano.<\/p>\n<p data-gtm-element-container=\"modulo-texto-link\" class=\"paragraph\">Tamaro, que estudi\u00f3 cinematograf\u00eda y actualmente es tambi\u00e9n articulista en Il Corriere della Sera , ha tomado el t\u00edtulo de un fragmento del Evangelio seg\u00fan san Juan. La espiritualidad impregna esta narraci\u00f3n, en la que aparecen conceptos como deidad, trascendencia, arrepentimiento o misericordia. La autora cuenta a la par que reflexiona sobre el sentido de la existencia, las relaciones familiares y el legado de una vida (\u201c\u00bfQu\u00e9 dejar\u00e9 a mi paso?\u201d).<\/p>\n<p data-gtm-element-container=\"modulo-texto-link\" class=\"paragraph\">Chiara es una mujer de sesenta a\u00f1os, profesora, casada con Davide, pediatra, y madre de tres hijos: la joven Alisha \u2013adoptada en Calcuta-, Ginevra, cuatro a\u00f1os menor, y Elia, que lleg\u00f3 al mundo tiempo despu\u00e9s. La protagonista va a pasar unos d\u00edas sola en la casa de campo, cerca de Parma, donde la familia vive. Es la primera vez que lo hace. Una visita al m\u00e9dico un mes antes est\u00e1 detr\u00e1s de este retiro consigo misma, que servir\u00e1 para recapitular y revisar su trayectoria. Las palabras dar\u00e1n luz a lo acontecido, a lo compartido, pero tambi\u00e9n a lo callado largo tiempo.<\/p>\n<p data-gtm-element-container=\"modulo-texto-link\" class=\"paragraph\">En su primera ep\u00edstola se dirige a la mayor de sus hijas, un ser bondadoso \u2013su nombre significa \u201calma noble, protegida de Dios\u201d-, que conecta especialmente con la rama paterna, de origen rural y cat\u00f3lica.<\/p>\n<p data-gtm-element-container=\"modulo-texto-link\" class=\"paragraph\">En la segunda, se comunica con Ginevra, ligada a la abuela materna, de origen aristocr\u00e1tico, celosa de su hermana, exigente, a la que describe como caprichosa y fr\u00edvola. Las diferencias de clase y las herencias gen\u00e9ticas y culturales \u2013creencias y ritos- son importantes, como lo es detectar cicatrices pasadas para \u201cevitar as\u00ed que se transmita y genere una infelicidad capaz de destruir a otras generaciones\u201d.<\/p>\n<p data-gtm-element-container=\"modulo-texto-link\" class=\"paragraph\">Tamaro consigue entrelazar muy bien cotidianidad, memoria e introspecci\u00f3n. Lo hace con un estilo \u00e1gil y un tono delicado y sincero que propicia un clima de complicidad. En el tercer cap\u00edtulo, las palabras van dirigidas a su marido, que ha sido retratado como un ser de gran solidez y entereza. Sabremos que la vida le depar\u00f3 sinsabores que le har\u00e1n resquebrajarse un tiempo. La familia se instala temporalmente en un monasterio -all\u00ed vive un primo de su marido- y ocurren algunos hechos que resultan un tanto forzados.<\/p>\n<p data-gtm-element-container=\"modulo-texto-link\" class=\"paragraph\">En estas tres cartas la madre se da a conocer a sus hijas, les habla de la persona que era antes de formar una familia. Trata de asuntos como la adopci\u00f3n. El texto lo aborda como un regalo, dado el car\u00e1cter y forma de ser de Alisha, sin aristas ni conflictos. Es una visi\u00f3n casi id\u00edlica -la ni\u00f1a dice: \u201cjunto las manos en plegaria y le doy las gracias (a la madre biol\u00f3gica) por haber existido\u201d-.\u00a0<\/p>\n<p data-gtm-element-container=\"modulo-texto-link\" class=\"paragraph\">Tambi\u00e9n aparece el aborto \u2013no hay posicionamiento ideol\u00f3gico pero s\u00ed hace hincapi\u00e9 en la huella que deja- , el suicidio, los abusos, la defensa de la naturaleza, la cr\u00edtica a la hiperconectividad o la tecnolog\u00eda (\u201cun sistema que ha vendido nuestra alma a los fantoches de la inteligencia artificial\u201d). Por todo el libro planea el mundo interior, una especie de examen de conciencia, donde se alude mucho al alma y al coraz\u00f3n y al deseo de una vida en armon\u00eda.<\/p>\n<p data-gtm-element-container=\"modulo-texto-link\" class=\"paragraph\"><strong>Susanna\u00a0Tamaro\u00a0El viento sopla donde quiere<\/strong>\u00a0Trad. J. Osuna Seix Barral\u00a0272 p\u00e1ginas\u00a019,90 euros<\/p>\n","protected":false},"excerpt":{"rendered":"La escritora italiana Susanna Tamaro (Trieste, 1957) alcanz\u00f3 el \u00e9xito internacional con Donde el coraz\u00f3n te lleve ,&hellip;\n","protected":false},"author":2,"featured_media":155966,"comment_status":"","ping_status":"","sticky":false,"template":"","format":"standard","meta":{"footnotes":""},"categories":[172],"tags":[224,146,147,25,24,225,23],"class_list":{"0":"post-155965","1":"post","2":"type-post","3":"status-publish","4":"format-standard","5":"has-post-thumbnail","7":"category-libros","8":"tag-books","9":"tag-entertainment","10":"tag-entretenimiento","11":"tag-es","12":"tag-espana","13":"tag-libros","14":"tag-spain"},"share_on_mastodon":{"url":"","error":""},"_links":{"self":[{"href":"https:\/\/www.europesays.com\/es\/wp-json\/wp\/v2\/posts\/155965","targetHints":{"allow":["GET"]}}],"collection":[{"href":"https:\/\/www.europesays.com\/es\/wp-json\/wp\/v2\/posts"}],"about":[{"href":"https:\/\/www.europesays.com\/es\/wp-json\/wp\/v2\/types\/post"}],"author":[{"embeddable":true,"href":"https:\/\/www.europesays.com\/es\/wp-json\/wp\/v2\/users\/2"}],"replies":[{"embeddable":true,"href":"https:\/\/www.europesays.com\/es\/wp-json\/wp\/v2\/comments?post=155965"}],"version-history":[{"count":0,"href":"https:\/\/www.europesays.com\/es\/wp-json\/wp\/v2\/posts\/155965\/revisions"}],"wp:featuredmedia":[{"embeddable":true,"href":"https:\/\/www.europesays.com\/es\/wp-json\/wp\/v2\/media\/155966"}],"wp:attachment":[{"href":"https:\/\/www.europesays.com\/es\/wp-json\/wp\/v2\/media?parent=155965"}],"wp:term":[{"taxonomy":"category","embeddable":true,"href":"https:\/\/www.europesays.com\/es\/wp-json\/wp\/v2\/categories?post=155965"},{"taxonomy":"post_tag","embeddable":true,"href":"https:\/\/www.europesays.com\/es\/wp-json\/wp\/v2\/tags?post=155965"}],"curies":[{"name":"wp","href":"https:\/\/api.w.org\/{rel}","templated":true}]}}