{"id":155972,"date":"2025-10-04T05:03:12","date_gmt":"2025-10-04T05:03:12","guid":{"rendered":"https:\/\/www.europesays.com\/es\/155972\/"},"modified":"2025-10-04T05:03:12","modified_gmt":"2025-10-04T05:03:12","slug":"un-ministro-israeli-sugiere-que-los-miembros-de-la-flotilla-pasen-meses-en-prision","status":"publish","type":"post","link":"https:\/\/www.europesays.com\/es\/155972\/","title":{"rendered":"Un ministro israel\u00ed sugiere que los miembros de la flotilla pasen \u00abmeses\u00bb en prisi\u00f3n"},"content":{"rendered":"<p>El <a href=\"https:\/\/theobjective.com\/etiqueta\/israel\/\" rel=\"nofollow noopener\" target=\"_blank\">ministro de Seguridad Nacional israel\u00ed<\/a>, Itamar Ben Gvir, ha cargado este viernes contra el primer ministro, Benjamin Netanyahu, <strong>por acceder a deportar en pocos d\u00edas a los miembros de la Global Sumud Flotilla<\/strong> detenidos desde el mi\u00e9rcoles, ya que considera que deber\u00edan pasar \u00ab<strong>meses<\/strong>\u00bb en prisi\u00f3n para escarmentar.<\/p>\n<p>\u00ab<strong>Creo que deber\u00edan pasarse meses en una prisi\u00f3n israel\u00ed<\/strong>, para que se acostumbren al olor del m\u00f3dulo terrorista\u00bb, ha esgrimido Ben Gvir, en un mensaje divulgado en redes sociales y en el que ha calificado de \u00aberror\u00bb una expulsi\u00f3n inminente.<\/p>\n<p>Las autoridades israel\u00edes han informado de la detenci\u00f3n de m\u00e1s de 470 personas y el Ministerio de Exteriores <strong>ha confirmado de la apertura de procedimientos de expulsi\u00f3n para todos ellos<\/strong>. En un primer grupo, han sido deportados cuatro diputados italianos.<\/p>\n<p>Ben Gvir cree que este tipo de protocolos s\u00f3lo favorece que los activistas<strong> \u00abvuelvan una y otra vez\u00bb a Israel<\/strong>, en nuevas flotillas que buscan romper el bloqueo naval israel\u00ed sobre la Franja de Gaza y llevar ayuda humanitaria a este enclave palestino.<\/p>\n","protected":false},"excerpt":{"rendered":"El ministro de Seguridad Nacional israel\u00ed, Itamar Ben Gvir, ha cargado este viernes contra el primer ministro, Benjamin&hellip;\n","protected":false},"author":2,"featured_media":155973,"comment_status":"","ping_status":"","sticky":false,"template":"","format":"standard","meta":{"footnotes":""},"categories":[5],"tags":[33520,17,18,25,24,13,14,1256,19250,11,74,19,20,9,10,15,16,76,23,592,12,21,22],"class_list":{"0":"post-155972","1":"post","2":"type-post","3":"status-publish","4":"format-standard","5":"has-post-thumbnail","7":"category-titulares","8":"tag-ada-colau","9":"tag-breaking-news","10":"tag-breakingnews","11":"tag-es","12":"tag-espana","13":"tag-featured-news","14":"tag-featurednews","15":"tag-franja-de-gaza","16":"tag-greta-thunberg","17":"tag-headlines","18":"tag-israel","19":"tag-latest-news","20":"tag-latestnews","21":"tag-news","22":"tag-noticias","23":"tag-noticias-destacadas","24":"tag-noticiasdestacadas","25":"tag-palestina","26":"tag-spain","27":"tag-terrorismo","28":"tag-titulares","29":"tag-ultimas-noticias","30":"tag-ultimasnoticias"},"share_on_mastodon":{"url":"","error":""},"_links":{"self":[{"href":"https:\/\/www.europesays.com\/es\/wp-json\/wp\/v2\/posts\/155972","targetHints":{"allow":["GET"]}}],"collection":[{"href":"https:\/\/www.europesays.com\/es\/wp-json\/wp\/v2\/posts"}],"about":[{"href":"https:\/\/www.europesays.com\/es\/wp-json\/wp\/v2\/types\/post"}],"author":[{"embeddable":true,"href":"https:\/\/www.europesays.com\/es\/wp-json\/wp\/v2\/users\/2"}],"replies":[{"embeddable":true,"href":"https:\/\/www.europesays.com\/es\/wp-json\/wp\/v2\/comments?post=155972"}],"version-history":[{"count":0,"href":"https:\/\/www.europesays.com\/es\/wp-json\/wp\/v2\/posts\/155972\/revisions"}],"wp:featuredmedia":[{"embeddable":true,"href":"https:\/\/www.europesays.com\/es\/wp-json\/wp\/v2\/media\/155973"}],"wp:attachment":[{"href":"https:\/\/www.europesays.com\/es\/wp-json\/wp\/v2\/media?parent=155972"}],"wp:term":[{"taxonomy":"category","embeddable":true,"href":"https:\/\/www.europesays.com\/es\/wp-json\/wp\/v2\/categories?post=155972"},{"taxonomy":"post_tag","embeddable":true,"href":"https:\/\/www.europesays.com\/es\/wp-json\/wp\/v2\/tags?post=155972"}],"curies":[{"name":"wp","href":"https:\/\/api.w.org\/{rel}","templated":true}]}}