{"id":155976,"date":"2025-10-04T05:10:15","date_gmt":"2025-10-04T05:10:15","guid":{"rendered":"https:\/\/www.europesays.com\/es\/155976\/"},"modified":"2025-10-04T05:10:15","modified_gmt":"2025-10-04T05:10:15","slug":"newey-no-habla-con-nadie-del-equipo-nadie-sabe-lo-que-hace","status":"publish","type":"post","link":"https:\/\/www.europesays.com\/es\/155976\/","title":{"rendered":"\u201cNewey no habla con nadie del equipo, nadie sabe lo que hace\u201d"},"content":{"rendered":"<p class=\"Paragraph-module-scss-module__YTaiWG__paragraph\"><strong>Adrian Newey<\/strong> siempre ha sido una persona introvertida y muy centrada en el dise\u00f1o y la ingenier\u00eda. No es, a diferencia de otros, amante de los focos, la atenci\u00f3n medi\u00e1tica y los halagos p\u00fablicos.<\/p>\n<p class=\"Paragraph-module-scss-module__YTaiWG__paragraph\">Quiz\u00e1 por esa raz\u00f3n, el ahora gerente t\u00e9cnico de <strong>Aston Martin<\/strong> \u2014adem\u00e1s de accionista\u2014, prefiere centrarse en el trabajo y no en las relaciones interpersonales, que limita a su equipo de trabajo directamente relacionado con el desarrollo del Aston Martin AMR26.<\/p>\n<p class=\"Paragraph-module-scss-module__YTaiWG__paragraph Paragraph-module-scss-module__YTaiWG__paragraph--highlighted\">\u00abEl \u00fanico contacto que tuve con \u00e9l fue en Silverstone, cuando vino al circuito\u00bb<\/p>\n<p>Contacto estrictamente necesario<\/p>\n<p class=\"Paragraph-module-scss-module__YTaiWG__paragraph\">Lo cierto es que el propio <strong>Fernando Alonso<\/strong> ya ha reconocido que este a\u00f1o las conversaciones con Adrian Newey se han limitado a <a class=\"Button-module-scss-module__pf66aq__link Button-module-scss-module__pf66aq__link--content NewsContent-module-scss-module__6_SHrq__news-content__link\" href=\"https:\/\/www.motor.es\/formula-1\/alonso-llevado-limite-newey-2025110283.html\" rel=\"nofollow noopener\" target=\"_blank\">aspectos generales y trabajo relacionado con el coche<\/a> del a\u00f1o que viene. Y el piloto de simulador Dani Juncadella ni siquiera ha trabajado con \u00e9l hasta el momento. Lo mismo que <strong>Felipe Drugovich<\/strong>, piloto reserva de Aston Martin que el a\u00f1o que viene competir\u00e1 en la F\u00f3rmula E.<\/p>\n<p class=\"Paragraph-module-scss-module__YTaiWG__paragraph\">\u00abEl \u00fanico contacto que tuve con \u00e9l fue en Silverstone, cuando vino al circuito. Me present\u00e9 y le dije: \u201cEncantado de conocerte\u201d. <strong>Ese fue el \u00fanico contacto que tuve y eso fue todo lo que le dije\u00bb<\/strong>, <a class=\"Button-module-scss-module__pf66aq__link Button-module-scss-module__pf66aq__link--content NewsContent-module-scss-module__6_SHrq__news-content__link\" href=\"https:\/\/www.express.co.uk\/sport\/f1-autosport\/2115230\/Aston-Martin-Adrian-Newey-Felipe-Drugovich\" rel=\"noopener nofollow\" target=\"_blank\">ha reconocido<\/a> el piloto brasile\u00f1o, ganador de la F\u00f3rmula 2 en 2022.<\/p>\n<p class=\"Paragraph-module-scss-module__YTaiWG__paragraph\">Sin embargo, Drugovich no lo considera negativo, ya que lo achaca a la extrema concentraci\u00f3n de Adrian Newey en el desarrollo del monoplaza de la temporada que viene. Un coche que dar\u00e1 la bienvenida al nuevo reglamento t\u00e9cnico en la F\u00f3rmula 1.<\/p>\n<p class=\"Paragraph-module-scss-module__YTaiWG__paragraph\">\u00abCreo que es positivo que est\u00e9 muy concentrado en lo que hace\u00bb, se\u00f1ala Drugovich. \u00abNo habla con nadie del equipo. Nadie sabe lo que hace, en el sentido de que no lo comparte con nadie. Lo cual es positivo, porque <strong>significa que est\u00e1 muy concentrado en lo que hace<\/strong>. Y por eso, espero que Aston Martin tenga un gran desempe\u00f1o en 2026\u00bb.<\/p>\n<p><img figcaption=\"Felipe Drugovich se sube al Aston Martin AMR25 para participar en los Libres 1 del GP de Hungr\u00eda\" alt=\"\" loading=\"lazy\" width=\"1280\" height=\"720\" decoding=\"async\" data-nimg=\"1\" class=\"Image-module-scss-module__gObqBW__img\" style=\"color:transparent\"   src=\"https:\/\/www.europesays.com\/es\/wp-content\/uploads\/2025\/10\/newey-habla-aston-martin-nadie-sabe-hace-2025110334-1759424687_2.jpg\"\/>Felipe Drugovich se sube al Aston Martin AMR25 para participar en los Libres 1 del GP de Hungr\u00edaNewey, obsesionado con el AMR26<\/p>\n<p class=\"Paragraph-module-scss-module__YTaiWG__paragraph\">Es justo decir que las palabras de Felipe Drugovich son seguramente exageradas, ya que <strong>Adrian Newey<\/strong> est\u00e1 plenamente integrado en el equipo y con los colegas destinados al desarrollo del monoplaza. De hecho, el brit\u00e1nico de 66 a\u00f1os tiene un equipo asignado para trasladar todos sus bocetos realizados en la mesa de dibujo a CAD (dise\u00f1o asistido por computadora).<\/p>\n<p class=\"Paragraph-module-scss-module__YTaiWG__paragraph\">Ahora bien, lo que Adrian Newey no est\u00e1 dispuesto a hacer es perder el tiempo en cualquier tarea que no permita mejorar el <strong>AMR26<\/strong>, pues <a class=\"Button-module-scss-module__pf66aq__link Button-module-scss-module__pf66aq__link--content NewsContent-module-scss-module__6_SHrq__news-content__link\" href=\"https:\/\/www.motor.es\/formula-1\/newey-prepara-ultima-obra-arte-f1-2025110204.html\" rel=\"nofollow noopener\" target=\"_blank\">lo est\u00e1 afrontando como el mayor reto<\/a> de su trayectoria profesional. \u00bfLograr\u00e1 tener \u00e9xito?<\/p>\n<p class=\"Paragraph-module-scss-module__YTaiWG__paragraph Source-module-scss-module__Q94Sfa__source\"><strong>Fuente:<\/strong> express.co.uk<strong>Fotos:<\/strong> Aston Martin F1<\/p>\n","protected":false},"excerpt":{"rendered":"Adrian Newey siempre ha sido una persona introvertida y muy centrada en el dise\u00f1o y la ingenier\u00eda. No&hellip;\n","protected":false},"author":2,"featured_media":155977,"comment_status":"","ping_status":"","sticky":false,"template":"","format":"standard","meta":{"footnotes":""},"categories":[270],"tags":[168,25,24,306,271,272,23,167],"class_list":{"0":"post-155976","1":"post","2":"type-post","3":"status-publish","4":"format-standard","5":"has-post-thumbnail","7":"category-formula-1","8":"tag-deportes","9":"tag-es","10":"tag-espana","11":"tag-f1","12":"tag-formula-1","13":"tag-formula1","14":"tag-spain","15":"tag-sports"},"share_on_mastodon":{"url":"","error":""},"_links":{"self":[{"href":"https:\/\/www.europesays.com\/es\/wp-json\/wp\/v2\/posts\/155976","targetHints":{"allow":["GET"]}}],"collection":[{"href":"https:\/\/www.europesays.com\/es\/wp-json\/wp\/v2\/posts"}],"about":[{"href":"https:\/\/www.europesays.com\/es\/wp-json\/wp\/v2\/types\/post"}],"author":[{"embeddable":true,"href":"https:\/\/www.europesays.com\/es\/wp-json\/wp\/v2\/users\/2"}],"replies":[{"embeddable":true,"href":"https:\/\/www.europesays.com\/es\/wp-json\/wp\/v2\/comments?post=155976"}],"version-history":[{"count":0,"href":"https:\/\/www.europesays.com\/es\/wp-json\/wp\/v2\/posts\/155976\/revisions"}],"wp:featuredmedia":[{"embeddable":true,"href":"https:\/\/www.europesays.com\/es\/wp-json\/wp\/v2\/media\/155977"}],"wp:attachment":[{"href":"https:\/\/www.europesays.com\/es\/wp-json\/wp\/v2\/media?parent=155976"}],"wp:term":[{"taxonomy":"category","embeddable":true,"href":"https:\/\/www.europesays.com\/es\/wp-json\/wp\/v2\/categories?post=155976"},{"taxonomy":"post_tag","embeddable":true,"href":"https:\/\/www.europesays.com\/es\/wp-json\/wp\/v2\/tags?post=155976"}],"curies":[{"name":"wp","href":"https:\/\/api.w.org\/{rel}","templated":true}]}}